{"id":3586644,"date":"2025-11-21T12:20:42","date_gmt":"2025-11-21T11:20:42","guid":{"rendered":"https:\/\/news.mgmotor.eu\/?p=3586644"},"modified":"2025-11-21T12:34:57","modified_gmt":"2025-11-21T11:34:57","slug":"fotbollsstjarnan-en-av-de-absolut-basta-bilarna-jag-kort","status":"publish","type":"post","link":"https:\/\/news.mgmotor.eu\/sv\/fotbollsstjarnan-en-av-de-absolut-basta-bilarna-jag-kort\/","title":{"rendered":"Fotbollsstj\u00e4rnan: \u201dEn av de absolut b\u00e4sta bilarna jag har k\u00f6rt\u201d"},"content":{"rendered":"\n<p><strong>Gott om utrymme, l\u00e5g f\u00f6rbrukning och en k\u00f6rk\u00e4nsla ut\u00f6ver det vanliga.<\/strong><\/p>\n\n\n\n<p><strong>Hammarbystj\u00e4rnan Nahir Besara \u00e4r mer \u00e4n n\u00f6jd med sitt val av transport f\u00f6r sig sj\u00e4lv och hela familjen.<\/strong><\/p>\n\n\n\n<p><strong>\u2013 Jag har k\u00f6rt otroligt m\u00e5nga bilar \u2013 fr\u00e5n de flesta m\u00e4rken \u2013 och jag m\u00e5ste s\u00e4ga att MG HS Plug-In Hybrid \u00e4r en av de absolut b\u00e4sta bilarna jag k\u00f6rt, s\u00e4ger Nahir.<\/strong><\/p>\n\n\n\n<p><\/p>\n\n\n\n<p>Bilm\u00e4rket MG, som sedan 1924 har tillverkat bilar, har alltid v\u00e4rnat om den klassiska brittiska designen och de senaste \u00e5ren \u00e4ven fokuserat p\u00e5 modern smart teknologi och elektrifiering.<\/p>\n\n\n\n<p>F\u00f6retaget har lanserat ett antal rena elbilar men senaste tillskottet \u00e4r en potent laddhybrid \u2013 nya MG HS Plug-In Hybrid.<\/p>\n\n\n\n<p>Den nya SUV:en har f\u00e5tt en f\u00f6rnyad design och en ny plattform. Och med upp till 100 kilometers r\u00e4ckvidd p\u00e5 el och, enligt WLTP, kommer du 1000 kilometer p\u00e5 en laddning och en tank, vilket \u00e4r perfekt f\u00f6r b\u00e5de stadsk\u00f6rning och l\u00e4ngre utflykter.<\/p>\n\n\n\n<h2>\u201dOtrolig k\u00f6rk\u00e4nsla\u201d<\/h2>\n\n\n\n<p>En n\u00f6jd kund som k\u00f6rt nya laddhybriden under ett antal veckor \u00e4r Hammarbys nyckelspelare Nahir Besara. Och den motorintresserade trebarnspappan vet vad han pratar om n\u00e4r han hyllar bilen.<\/p>\n\n\n\n<p>\u2013 Bilen \u00e4r stor, rymlig och k\u00f6rk\u00e4nslan \u00e4r otroligt h\u00e4rlig, s\u00e4ger Nahir.<\/p>\n\n\n\n<p>Laddhybriden \u00e4r designad med fokus p\u00e5 just k\u00f6rupplevelsen med en noggrant justerad fj\u00e4dring som ger en smidig och bekv\u00e4m resa i alla f\u00f6rh\u00e5llanden. Kraft har ocks\u00e5 lagts p\u00e5 ljudisoleringen, vilket resulterar i en tyst och avkopplande kup\u00e9upplevelse f\u00f6r alla i bilen.<\/p>\n\n\n\n<p>Bilen \u00e4r dessutom v\u00e4lutrustad som standard, har ett rymligt bagageutrymme och gott om plats b\u00e5de i fram och baks\u00e4tet, vilket \u00e4r n\u00e5got som Hammarbyspelaren v\u00e4rdes\u00e4tter.<\/p>\n\n\n\n<p>\u2013 Sk\u00f6nt att alla barn f\u00e5r plats och att kunna ha plats f\u00f6r vagnen, matkassar, fotbollsgrejer och allt annat. F\u00f6r en trebarnsfarsa som jag har den h\u00e4r bilen det mesta, skrattar han.<\/p>\n\n\n\n<p>Bagageutrymmet i nya MG HS Plug-In Hybrid har en kapacitet p\u00e5 507 liter, dessutom finns det 19 f\u00f6rvaringsutrymmen i kup\u00e9n, inklusive \u00e5tta f\u00f6r bakre passagerare, s\u00e5 att \u00e4ven sm\u00e5saker kan f\u00f6rvaras p\u00e5 ett smart och praktiskt s\u00e4tt.<\/p>\n\n\n\n<h2>\u201dRymlig och praktisk\u201d<\/h2>\n\n\n\n<p>M\u00e5nga fotbollsspelare \u00e4r r\u00e4tt s\u00e5 biltokiga, och stj\u00e4rnorna syns ofta med sina sportbilar och andra fordon.<\/p>\n\n\n\n<p><strong>Gillar du bilar, Nahir?<\/strong><\/p>\n\n\n\n<p>\u2013 Jag har varit biltokig tidigare och gillade Ferrari, Lamborghini och andra sportigare bilar. \u00d6verlag \u00e4r jag v\u00e4ldigt bilintresserad och har k\u00f6rt v\u00e4ldigt m\u00e5nga olika bilar och f\u00f6ljer Formel 1 och s\u00e5. F\u00f6r n\u00e5gra \u00e5r sedan gick jag \u00f6ver till att k\u00f6ra p\u00e5 el och sedan dess har jag aldrig g\u00e5tt tillbaka, s\u00e4ger Nahir.<\/p>\n\n\n\n<p><strong>Men hur st\u00e5r sig d\u00e5 MG i f\u00f6rh\u00e5llande till de bilar du k\u00f6rt?<\/strong><\/p>\n\n\n\n<p>\u2013 Jag har faktiskt haft n\u00e5gra bilar fr\u00e5n MG tidigare, senast k\u00f6rde jag MG4 Xpower och det var en bil som verkligen fl\u00f6g fram. Det var en snabb, sportig bil som var v\u00e4ldigt rolig att k\u00f6ra. Nya MG HS Plug-In Hybrid \u00e4r lite i samma anda, men s\u00e5 mycket mer rymlig och praktisk. H\u00e4r f\u00e5r hela familjen plats utan problem.<\/p>\n\n\n\n<h2>\u201dMycket bil f\u00f6r pengarna\u201d<\/h2>\n\n\n\n<p><a href=\"https:\/\/www.mgmotor.eu\/sv-SE\/model\/hs-phev\" target=\"_blank\" rel=\"noreferrer noopener\">MG HS Plug-In Hybrid<\/a> levererar 272 h\u00e4stkrafter, vilket ger acceleration fr\u00e5n 0 till 100 km\/h p\u00e5 6,9 sekunder. F\u00f6raren har ocks\u00e5 m\u00f6jlighet att anpassa sin k\u00f6rning tack vare flera k\u00f6rl\u00e4gen och d\u00e4rigenom njuta av b\u00e5de fartfyllda stunder och l\u00e5nga, bekv\u00e4ma resor. L\u00e4gg till att bilen \u00e4r utrustad med ett avancerat f\u00f6rarassistanssystem (ADAS), 7 krockkuddar och en 360-graders kamera f\u00f6r maximalt skydd och trygghet.<\/p>\n\n\n\n<p>S\u00e4kerhetsm\u00e4ssigt har MG HS f\u00e5tt fem stj\u00e4rnor hos Euro NCAP, d\u00e4r modellen utm\u00e4rker sig i s\u00e4kerhetstester f\u00f6r b\u00e5de vuxna och barn, samt erbjuder bra funktioner f\u00f6r att skydda oskyddade trafikanter.<\/p>\n\n\n\n<p>\u2013 Det finns mycket teknik i bilen och andra smarta l\u00f6sningar. Det k\u00e4nns verkligen att man f\u00e5r mycket bil f\u00f6r pengarna eftersom den har all lyx och teknik man beh\u00f6ver, s\u00e4ger Nahir och till\u00e4gger:<\/p>\n\n\n\n<p>\u2013 \u00c4ven om det \u00e4r en kombinerad el-\/bensinbil s\u00e5 k\u00e4nns det som att det \u00e4r en riktig elbil \u2013 \u00e4ven n\u00e4r bensinmotorn tar \u00f6ver och batteriet h\u00e5ller verkligen vad det lovar. St\u00e5r det att elen ska r\u00e4cka i sex mil s\u00e5 g\u00f6r det verkligen det. Jag har m\u00f6jlighet att ladda hemma s\u00e5 efter nu tre veckor med bilen s\u00e5 jag inte beh\u00f6vt tanka en enda g\u00e5ng, s\u00e4ger Nahir.<\/p>\n\n\n\n<h2>Smart val f\u00f6r f\u00f6retag<\/h2>\n\n\n\n<p>Nya MG HS Plug-In Hybrid \u00e4r inte bara en favorit hos fotbollsstj\u00e4rnor \u2013 den tilltalar \u00e4ven tj\u00e4nstebilsf\u00f6rare som tillbringar m\u00e5nga timmar i bilen och vill ha en trevlig k\u00f6rupplevelse.<\/p>\n\n\n\n<p>Att v\u00e4lja en laddhybrid \u00e4r bra b\u00e5de f\u00f6r f\u00f6retagets och f\u00f6rarens pl\u00e5nbok \u2013 med l\u00e5ga f\u00f6rm\u00e5nsv\u00e4rden och m\u00f6jlighet att g\u00f6ra de flesta av resorna p\u00e5 el.<\/p>\n\n\n\n<p>MG har ett av marknadens mest f\u00f6rm\u00e5nliga helhetserbjudanden f\u00f6r tj\u00e4nstebilsf\u00f6rare. Det l\u00e5ga ink\u00f6pspriset och den omfattande standardutrustningen g\u00f6r att TCO \u2013 total \u00e4gandekostnad \u2013 blir mycket konkurrenskraftig f\u00f6r f\u00f6retag.<\/p>\n\n\n\n<p>Ett f\u00f6rm\u00e5nsv\u00e4rde p\u00e5 ca 3 000 kronor inneb\u00e4r att du med en m\u00e5nadsl\u00f6n p\u00e5 35 000 kronor f\u00e5r betala 960 kronor extra i skatt.<\/p>\n\n\n\n<p>F\u00f6r en tj\u00e4nstebilsf\u00f6rare p\u00e5 jakt efter en laddhybrid med l\u00e5ng r\u00e4ckvidd p\u00e5 el, l\u00e5gt f\u00f6rm\u00e5nsv\u00e4rde och en h\u00f6g utrustningsniv\u00e5 redan som standard \u00e4r MG HS r\u00e4tt bil. Med MG HS kan f\u00f6retag bygga upp en prisv\u00e4rd fordonsflotta av h\u00f6g kvalitet.<\/p>\n\n\n\n<p><\/p>\n\n\n\n<p><\/p>\n\n\n\n<h2>Nahir Besara<\/h2>\n\n\n\n<p><strong>\u00c5lder:<\/strong>&nbsp;34 \u00e5r<\/p>\n\n\n\n<p><strong>Familj:<\/strong>&nbsp;Fru och tre barn.<\/p>\n\n\n\n<p><strong>Yrke:&nbsp;<\/strong>Fotbollsspelare i Hammarby<\/p>\n\n\n\n<p><strong>K\u00f6r:<\/strong>&nbsp;MG HS Plug-In Hybrid<\/p>\n\n\n\n<p><\/p>\n\n\n\n<p><strong>MG HS Plug-in Hybrid Luxury<\/strong><\/p>\n\n\n\n<p><strong>Pris<\/strong>: 439 990 kronor.<\/p>\n\n\n\n<p><strong>F\u00f6rm\u00e5nsv\u00e4rde<\/strong>: fr\u00e5n 2 646 kronor (F\u00f6rm\u00e5nsv\u00e4rde \u00e4r prelimin\u00e4rt netto vid 50% marginalskatt, baserat p\u00e5 2025 \u00e5rs f\u00f6rm\u00e5nsv\u00e4rdeber\u00e4kning)<\/p>\n\n\n\n<p><strong>Motor<\/strong>: Bensin-el, laddhybrid 4-cylindrig radmotor. Turbo,\u2009\u2009cylindervolym 1 496 cm\u00b3. Max effekt 143 hk (105 kW), max vridmoment 350 Nm. Elmotor, max effekt 183 hk (135 kW). Max systemeffekt 272 hk (200 kW), sammanlagt vridmoment 432 Nm.<\/p>\n\n\n\n<p><strong>Batteri<\/strong>: 21,7 kWh. Laddeffekt AC\/DC 6,6 kW\/\u2013. Elektrisk tillsatsv\u00e4rmare.<\/p>\n\n\n\n<p><strong>Kraft\u00f6verf\u00f6ring<\/strong>: Motor fram, framhjulsdrift. 2-v\u00e4xlad automatl\u00e5da.<\/p>\n\n\n\n<p>M\u00e5tt\/vikt (cm\/kg): Axelavst\u00e5nd 277, l\u00e4ngd 467, bredd 189, h\u00f6jd 166, sp\u00e5rvidd f\/b 159\/158. Mark\u00adfrig\u00e5ng 17. Tj\u00e4nstevikt 1 930, maxlast 400, max sl\u00e4pvagnsvikt 1 500. Tank 55. Bagagevolym 507\u20131 484 liter.<\/p>\n\n\n\n<p><strong>Fartresurser<\/strong>: Acceleration 0-100 km\/h 6,9 s, toppfart 190 km\/h.<\/p>\n\n\n\n<p>F\u00f6rbrukning (WLTP): Blandad k\u00f6rning 0,5 l\/mil. Elf\u00f6rbrukning 2,18 kWh\/mil. CO\u2082 14 g\/km. R\u00e4ckvidd el 100 km.<\/p>\n\n\n\n<p><strong>Garantier<\/strong>: Nybilsgaranti 7 \u00e5r\/ 15 000 mil, garanti f\u00f6r genomrostning 7 \u00e5r, lack 3 \u00e5r, batteri 7 \u00e5r. V\u00e4gassistans 7 \u00e5r\/15 000 mil<\/p>\n\n\n\n<p><strong>Skatt<\/strong>: 360 kronor per \u00e5r de f\u00f6rsta tre \u00e5ren, d\u00e4refter 360 kronor per \u00e5r.<\/p>\n\n\n\n<p><em>WLTP MG HS Plug-In Hybrid Luxury viktad, blandad k\u00f6rning: Br\u00e4nslef\u00f6rbrukning 0.5L\/100 km. Elf\u00f6rbrukning 21,8 kWh\/100 km. CO2-utsl\u00e4pp vid blandad k\u00f6rning 14 g\/km. Maximal r\u00e4ckvidd ren eldrift blandad k\u00f6rning upp till 100 km. Den faktiska r\u00e4ckvidden och energif\u00f6rbrukningssiffrorna kan variera beroende p\u00e5 ett antal faktorer s\u00e5som v\u00e4derf\u00f6rh\u00e5llanden, trafiksituation, fordonslast och k\u00f6rbeteende.<\/em><\/p>\n\n\n\n<figure class=\"wp-block-image size-large\"><img decoding=\"async\" loading=\"lazy\" width=\"1040\" height=\"585\" src=\"https:\/\/news.mgmotor.eu\/wp-content\/uploads\/2025\/11\/Nahir2-kopia-1040x585.jpg\" alt=\"\" class=\"wp-image-3602565\" srcset=\"https:\/\/news.mgmotor.eu\/wp-content\/uploads\/2025\/11\/Nahir2-kopia-1040x585.jpg 1040w, https:\/\/news.mgmotor.eu\/wp-content\/uploads\/2025\/11\/Nahir2-kopia-800x450.jpg 800w, https:\/\/news.mgmotor.eu\/wp-content\/uploads\/2025\/11\/Nahir2-kopia-240x135.jpg 240w, https:\/\/news.mgmotor.eu\/wp-content\/uploads\/2025\/11\/Nahir2-kopia-624x351.jpg 624w, https:\/\/news.mgmotor.eu\/wp-content\/uploads\/2025\/11\/Nahir2-kopia-464x261.jpg 464w\" sizes=\"(max-width: 1040px) 100vw, 1040px\" \/><\/figure>\n\n\n\n<figure class=\"wp-block-image size-large\"><img decoding=\"async\" loading=\"lazy\" width=\"1040\" height=\"585\" src=\"https:\/\/news.mgmotor.eu\/wp-content\/uploads\/2025\/11\/Nahir1-kopia-1040x585.jpg\" alt=\"\" class=\"wp-image-3602575\" srcset=\"https:\/\/news.mgmotor.eu\/wp-content\/uploads\/2025\/11\/Nahir1-kopia-1040x585.jpg 1040w, https:\/\/news.mgmotor.eu\/wp-content\/uploads\/2025\/11\/Nahir1-kopia-800x450.jpg 800w, https:\/\/news.mgmotor.eu\/wp-content\/uploads\/2025\/11\/Nahir1-kopia-240x135.jpg 240w, https:\/\/news.mgmotor.eu\/wp-content\/uploads\/2025\/11\/Nahir1-kopia-624x351.jpg 624w, https:\/\/news.mgmotor.eu\/wp-content\/uploads\/2025\/11\/Nahir1-kopia-464x261.jpg 464w\" sizes=\"(max-width: 1040px) 100vw, 1040px\" \/><\/figure>\n\n\n\n<figure class=\"wp-block-image\"><img alt=\"\"\/><\/figure>\n","protected":false},"excerpt":{"rendered":"<p>Gott om utrymme, l\u00e5g f\u00f6rbrukning och en k\u00f6rk\u00e4nsla ut\u00f6ver det vanliga. Hammarbystj\u00e4rnan Nahir Besara \u00e4r mer \u00e4n n\u00f6jd med sitt [&hellip;]<\/p>\n","protected":false},"author":37,"featured_media":3602596,"comment_status":"closed","ping_status":"closed","sticky":false,"template":"","format":"standard","meta":[],"categories":[185],"tags":[],"acf":[],"yoast_head":"<!-- This site is optimized with the Yoast SEO plugin v19.8 - https:\/\/yoast.com\/wordpress\/plugins\/seo\/ -->\n<title>Fotbollsstj\u00e4rnan: \u201dEn av de absolut b\u00e4sta bilarna jag har k\u00f6rt\u201d<\/title>\n<meta name=\"description\" content=\"En n\u00f6jd kund som k\u00f6rt laddhybriden MG HS under ett antal veckor \u00e4r Hammarbys nyckelspelare Nahir Besara. Och den motorintresserade\" \/>\n<meta name=\"robots\" content=\"index, follow, max-snippet:-1, max-image-preview:large, max-video-preview:-1\" \/>\n<link rel=\"canonical\" href=\"https:\/\/news.mgmotor.eu\/sv\/fotbollsstjarnan-en-av-de-absolut-basta-bilarna-jag-kort\/\" \/>\n<meta property=\"og:locale\" content=\"sv_SE\" \/>\n<meta property=\"og:type\" content=\"article\" \/>\n<meta property=\"og:title\" content=\"Fotbollsstj\u00e4rnan: \u201dEn av de absolut b\u00e4sta bilarna jag har k\u00f6rt\u201d\" \/>\n<meta property=\"og:description\" content=\"En n\u00f6jd kund som k\u00f6rt laddhybriden MG HS under ett antal veckor \u00e4r Hammarbys nyckelspelare Nahir Besara. Och den motorintresserade\" \/>\n<meta property=\"og:url\" content=\"https:\/\/news.mgmotor.eu\/sv\/fotbollsstjarnan-en-av-de-absolut-basta-bilarna-jag-kort\/\" \/>\n<meta property=\"og:site_name\" content=\"MG Motor Europe\" \/>\n<meta property=\"article:published_time\" content=\"2025-11-21T11:20:42+00:00\" \/>\n<meta property=\"article:modified_time\" content=\"2025-11-21T11:34:57+00:00\" \/>\n<meta property=\"og:image\" content=\"https:\/\/news.mgmotor.eu\/wp-content\/uploads\/2025\/11\/nahirkopia.jpg\" \/>\n\t<meta property=\"og:image:width\" content=\"5120\" \/>\n\t<meta property=\"og:image:height\" content=\"2880\" \/>\n\t<meta property=\"og:image:type\" content=\"image\/jpeg\" \/>\n<meta name=\"author\" content=\"Emma Harnstrom\" \/>\n<meta name=\"twitter:card\" content=\"summary_large_image\" \/>\n<meta name=\"twitter:label1\" content=\"Written by\" \/>\n\t<meta name=\"twitter:data1\" content=\"Emma Harnstrom\" \/>\n\t<meta name=\"twitter:label2\" content=\"Est. reading time\" \/>\n\t<meta name=\"twitter:data2\" content=\"6 minutes\" \/>\n<script type=\"application\/ld+json\" class=\"yoast-schema-graph\">{\"@context\":\"https:\/\/schema.org\",\"@graph\":[{\"@type\":\"WebPage\",\"@id\":\"https:\/\/news.mgmotor.eu\/sv\/fotbollsstjarnan-en-av-de-absolut-basta-bilarna-jag-kort\/\",\"url\":\"https:\/\/news.mgmotor.eu\/sv\/fotbollsstjarnan-en-av-de-absolut-basta-bilarna-jag-kort\/\",\"name\":\"Fotbollsstj\u00e4rnan: \u201dEn av de absolut b\u00e4sta bilarna jag har k\u00f6rt\u201d\",\"isPartOf\":{\"@id\":\"https:\/\/news.mgmotor.eu\/#website\"},\"datePublished\":\"2025-11-21T11:20:42+00:00\",\"dateModified\":\"2025-11-21T11:34:57+00:00\",\"author\":{\"@id\":\"https:\/\/news.mgmotor.eu\/#\/schema\/person\/d010a44d5ac60a9b6f8d3119bed39361\"},\"description\":\"En n\u00f6jd kund som k\u00f6rt laddhybriden MG HS under ett antal veckor \u00e4r Hammarbys nyckelspelare Nahir Besara. Och den motorintresserade\",\"breadcrumb\":{\"@id\":\"https:\/\/news.mgmotor.eu\/sv\/fotbollsstjarnan-en-av-de-absolut-basta-bilarna-jag-kort\/#breadcrumb\"},\"inLanguage\":\"sv-SE\",\"potentialAction\":[{\"@type\":\"ReadAction\",\"target\":[\"https:\/\/news.mgmotor.eu\/sv\/fotbollsstjarnan-en-av-de-absolut-basta-bilarna-jag-kort\/\"]}]},{\"@type\":\"BreadcrumbList\",\"@id\":\"https:\/\/news.mgmotor.eu\/sv\/fotbollsstjarnan-en-av-de-absolut-basta-bilarna-jag-kort\/#breadcrumb\",\"itemListElement\":[{\"@type\":\"ListItem\",\"position\":1,\"name\":\"Home\",\"item\":\"https:\/\/news.mgmotor.eu\/sv\/sample-page\/\"},{\"@type\":\"ListItem\",\"position\":2,\"name\":\"Fotbollsstj\u00e4rnan: \u201dEn av de absolut b\u00e4sta bilarna jag har k\u00f6rt\u201d\"}]},{\"@type\":\"WebSite\",\"@id\":\"https:\/\/news.mgmotor.eu\/#website\",\"url\":\"https:\/\/news.mgmotor.eu\/\",\"name\":\"MG Motor Europe\",\"description\":\"\",\"potentialAction\":[{\"@type\":\"SearchAction\",\"target\":{\"@type\":\"EntryPoint\",\"urlTemplate\":\"https:\/\/news.mgmotor.eu\/?s={search_term_string}\"},\"query-input\":\"required name=search_term_string\"}],\"inLanguage\":\"sv-SE\"},{\"@type\":\"Person\",\"@id\":\"https:\/\/news.mgmotor.eu\/#\/schema\/person\/d010a44d5ac60a9b6f8d3119bed39361\",\"name\":\"Emma Harnstrom\",\"image\":{\"@type\":\"ImageObject\",\"inLanguage\":\"sv-SE\",\"@id\":\"https:\/\/news.mgmotor.eu\/#\/schema\/person\/image\/\",\"url\":\"https:\/\/secure.gravatar.com\/avatar\/a992e9becbe822dbdd51b0e26aa71c80?s=96&d=mm&r=g\",\"contentUrl\":\"https:\/\/secure.gravatar.com\/avatar\/a992e9becbe822dbdd51b0e26aa71c80?s=96&d=mm&r=g\",\"caption\":\"Emma Harnstrom\"}}]}<\/script>\n<!-- \/ Yoast SEO plugin. -->","yoast_head_json":{"title":"Fotbollsstj\u00e4rnan: \u201dEn av de absolut b\u00e4sta bilarna jag har k\u00f6rt\u201d","description":"En n\u00f6jd kund som k\u00f6rt laddhybriden MG HS under ett antal veckor \u00e4r Hammarbys nyckelspelare Nahir Besara. Och den motorintresserade","robots":{"index":"index","follow":"follow","max-snippet":"max-snippet:-1","max-image-preview":"max-image-preview:large","max-video-preview":"max-video-preview:-1"},"canonical":"https:\/\/news.mgmotor.eu\/sv\/fotbollsstjarnan-en-av-de-absolut-basta-bilarna-jag-kort\/","og_locale":"sv_SE","og_type":"article","og_title":"Fotbollsstj\u00e4rnan: \u201dEn av de absolut b\u00e4sta bilarna jag har k\u00f6rt\u201d","og_description":"En n\u00f6jd kund som k\u00f6rt laddhybriden MG HS under ett antal veckor \u00e4r Hammarbys nyckelspelare Nahir Besara. Och den motorintresserade","og_url":"https:\/\/news.mgmotor.eu\/sv\/fotbollsstjarnan-en-av-de-absolut-basta-bilarna-jag-kort\/","og_site_name":"MG Motor Europe","article_published_time":"2025-11-21T11:20:42+00:00","article_modified_time":"2025-11-21T11:34:57+00:00","og_image":[{"width":5120,"height":2880,"url":"https:\/\/news.mgmotor.eu\/wp-content\/uploads\/2025\/11\/nahirkopia.jpg","type":"image\/jpeg"}],"author":"Emma Harnstrom","twitter_card":"summary_large_image","twitter_misc":{"Written by":"Emma Harnstrom","Est. reading time":"6 minutes"},"schema":{"@context":"https:\/\/schema.org","@graph":[{"@type":"WebPage","@id":"https:\/\/news.mgmotor.eu\/sv\/fotbollsstjarnan-en-av-de-absolut-basta-bilarna-jag-kort\/","url":"https:\/\/news.mgmotor.eu\/sv\/fotbollsstjarnan-en-av-de-absolut-basta-bilarna-jag-kort\/","name":"Fotbollsstj\u00e4rnan: \u201dEn av de absolut b\u00e4sta bilarna jag har k\u00f6rt\u201d","isPartOf":{"@id":"https:\/\/news.mgmotor.eu\/#website"},"datePublished":"2025-11-21T11:20:42+00:00","dateModified":"2025-11-21T11:34:57+00:00","author":{"@id":"https:\/\/news.mgmotor.eu\/#\/schema\/person\/d010a44d5ac60a9b6f8d3119bed39361"},"description":"En n\u00f6jd kund som k\u00f6rt laddhybriden MG HS under ett antal veckor \u00e4r Hammarbys nyckelspelare Nahir Besara. Och den motorintresserade","breadcrumb":{"@id":"https:\/\/news.mgmotor.eu\/sv\/fotbollsstjarnan-en-av-de-absolut-basta-bilarna-jag-kort\/#breadcrumb"},"inLanguage":"sv-SE","potentialAction":[{"@type":"ReadAction","target":["https:\/\/news.mgmotor.eu\/sv\/fotbollsstjarnan-en-av-de-absolut-basta-bilarna-jag-kort\/"]}]},{"@type":"BreadcrumbList","@id":"https:\/\/news.mgmotor.eu\/sv\/fotbollsstjarnan-en-av-de-absolut-basta-bilarna-jag-kort\/#breadcrumb","itemListElement":[{"@type":"ListItem","position":1,"name":"Home","item":"https:\/\/news.mgmotor.eu\/sv\/sample-page\/"},{"@type":"ListItem","position":2,"name":"Fotbollsstj\u00e4rnan: \u201dEn av de absolut b\u00e4sta bilarna jag har k\u00f6rt\u201d"}]},{"@type":"WebSite","@id":"https:\/\/news.mgmotor.eu\/#website","url":"https:\/\/news.mgmotor.eu\/","name":"MG Motor Europe","description":"","potentialAction":[{"@type":"SearchAction","target":{"@type":"EntryPoint","urlTemplate":"https:\/\/news.mgmotor.eu\/?s={search_term_string}"},"query-input":"required name=search_term_string"}],"inLanguage":"sv-SE"},{"@type":"Person","@id":"https:\/\/news.mgmotor.eu\/#\/schema\/person\/d010a44d5ac60a9b6f8d3119bed39361","name":"Emma Harnstrom","image":{"@type":"ImageObject","inLanguage":"sv-SE","@id":"https:\/\/news.mgmotor.eu\/#\/schema\/person\/image\/","url":"https:\/\/secure.gravatar.com\/avatar\/a992e9becbe822dbdd51b0e26aa71c80?s=96&d=mm&r=g","contentUrl":"https:\/\/secure.gravatar.com\/avatar\/a992e9becbe822dbdd51b0e26aa71c80?s=96&d=mm&r=g","caption":"Emma Harnstrom"}}]}},"_links":{"self":[{"href":"https:\/\/news.mgmotor.eu\/sv\/wp-json\/wp\/v2\/posts\/3586644"}],"collection":[{"href":"https:\/\/news.mgmotor.eu\/sv\/wp-json\/wp\/v2\/posts"}],"about":[{"href":"https:\/\/news.mgmotor.eu\/sv\/wp-json\/wp\/v2\/types\/post"}],"author":[{"embeddable":true,"href":"https:\/\/news.mgmotor.eu\/sv\/wp-json\/wp\/v2\/users\/37"}],"replies":[{"embeddable":true,"href":"https:\/\/news.mgmotor.eu\/sv\/wp-json\/wp\/v2\/comments?post=3586644"}],"version-history":[{"count":6,"href":"https:\/\/news.mgmotor.eu\/sv\/wp-json\/wp\/v2\/posts\/3586644\/revisions"}],"predecessor-version":[{"id":3602606,"href":"https:\/\/news.mgmotor.eu\/sv\/wp-json\/wp\/v2\/posts\/3586644\/revisions\/3602606"}],"wp:featuredmedia":[{"embeddable":true,"href":"https:\/\/news.mgmotor.eu\/sv\/wp-json\/wp\/v2\/media\/3602596"}],"wp:attachment":[{"href":"https:\/\/news.mgmotor.eu\/sv\/wp-json\/wp\/v2\/media?parent=3586644"}],"wp:term":[{"taxonomy":"category","embeddable":true,"href":"https:\/\/news.mgmotor.eu\/sv\/wp-json\/wp\/v2\/categories?post=3586644"},{"taxonomy":"post_tag","embeddable":true,"href":"https:\/\/news.mgmotor.eu\/sv\/wp-json\/wp\/v2\/tags?post=3586644"}],"curies":[{"name":"wp","href":"https:\/\/api.w.org\/{rel}","templated":true}]}}