{"id":17384,"date":"2022-01-04T08:55:22","date_gmt":"2022-01-04T07:55:22","guid":{"rendered":"https:\/\/news.mgmotor.eu\/?p=17384"},"modified":"2022-01-10T14:02:28","modified_gmt":"2022-01-10T13:02:28","slug":"2021-vilken-resa","status":"publish","type":"post","link":"https:\/\/news.mgmotor.eu\/sv\/2021-vilken-resa\/","title":{"rendered":"2021 &#8211; Vilken resa!"},"content":{"rendered":"\n<p>Det var i mars 2021 som avtal undertecknades och MG officiellt skulle in p\u00e5 den svenska marknaden. Det v\u00e4cktes snabbt intresse f\u00f6r det \u00e5terupplivade varum\u00e4rket och MG ZS EV blev direkt en av de mest s\u00e5lda elbilarna i Sverige. F\u00f6rs\u00e4ljningen startade i april 2021 och det har redan levererats \u00f6ver 4400 bilar till kund. R\u00e4knat p\u00e5 samtliga ordertecknade bilar s\u00e5 har MG n\u00e5tt \u00f6ver 8000 stycken och det p\u00e5 8 m\u00e5nader. Det finns ett enormt intresse f\u00f6r senaste lanseringarna <a href=\"https:\/\/mgmotor.eu\/sv-SE\/model\/marvel-r\" target=\"_blank\" rel=\"noreferrer noopener\">MG Marvel R<\/a> och nya <a href=\"https:\/\/mgmotor.eu\/sv-SE\/model\/zs-ev\" target=\"_blank\" rel=\"noreferrer noopener\">MG ZS EV<\/a>. Det finns ut\u00f6ver det redan k\u00f6listor p\u00e5 kommande MG5, v\u00e4rldens f\u00f6rsta helelektriska kombi.<\/p>\n\n\n\n<p class=\"has-text-align-center\"><em>&#8220;Vi var otroligt snabba med att f\u00e5 ihop ett stort n\u00e4tverk av \u00e5terf\u00f6rs\u00e4ljare. 16 f\u00f6rs\u00e4ljningsst\u00e4llen med utbildad och dedikerad MG personal var redo att ta emot kunderna redan fr\u00e5n start. Det h\u00e4r tillsammans med attraktiva privatleasingpriser skapade bra f\u00f6ruts\u00e4ttningar f\u00f6r v\u00e5r succ\u00e9start&#8221;.<\/em><br><em>&#8211; Johan Lindstr\u00f6m, Head of Sales and Brand, Hedin MG Sweden<\/em>.<\/p>\n\n\n\n<p>Direkt fr\u00e5n start har det varit ett h\u00f6gt tempo och \u00e5ret pr\u00e4glas av h\u00e5rt arbete, stort engagemang och innovativa id\u00e9er. Under \u00e5ret har MG \u00f6ppnat flera anl\u00e4ggningar och det var ett stort event vid invigningen av MG Brand Store i Smista. Det var premi\u00e4rvisning av Marvel R, uppdaterade ZS EV samt MG5 och det blev en stor uppst\u00e5ndelse kring bilarna. MG har deltagit vid eCarExpo i G\u00f6teborg, inlett pressk\u00f6rningar av nya modeller och nya MG ZS EV har vunnit teknikens v\u00e4rlds stora bilpris f\u00f6r 2022!<\/p>\n\n\n\n<p>MG b\u00f6rjade \u00e5ret med en \u00e5terf\u00f6rs\u00e4ljare, Hedin Bil, som under november m\u00e5nad toppade s\u00e4ljstatistiken f\u00f6r ett nybilsm\u00e4rke i Hedin Bils historia. Under \u00e5ret har det \u00e4ven inletts samarbete med Holmgrens i augusti och Brandt i november. MG finns i dagsl\u00e4get p\u00e5 43 anl\u00e4ggningar i landet och planerar att bli fler n\u00e4sta \u00e5r.<\/p>\n\n\n\n<p class=\"has-text-align-center\"><em>\u201dDet \u00e4r en fantastiskt sp\u00e4nnande resa att f\u00e5 vara med p\u00e5 som \u00e5terf\u00f6rs\u00e4ljare. Ett anrikt varum\u00e4rke med toppmodern teknologi som \u00e4r helt r\u00e4tt i tiden. Mycket roligt att v\u00e5ra svenska kunder har samma uppfattning! Det h\u00e4r \u00e4r bara b\u00f6rjan!\u201d <\/em><br><em>&#8211; Carl Aspenberg, Varum\u00e4rkesansvarig MG, Holmgrens Bil.<\/em><\/p>\n\n\n\n<p class=\"has-text-align-center\"><em>\u201dDe f\u00f6rsta m\u00e5naderna med MG har varit otroligt roliga och h\u00e4ndelserika. Allt fr\u00e5n sj\u00e4lva upps\u00e4ttningen och invigningar i v\u00e5ra bilhallar till premi\u00e4rvisning av nya familjekombin MG5. <\/em> <em>M\u00e4rket m\u00e5 vara ett nytt m\u00e4rke p\u00e5 marknaden men Sverige skriker verkligen efter dess fina modeller, vilket \u00e4r fantastiskt. Vi p\u00e5 Brandt ser med mycket <\/em> <em>gl\u00e4dje fram emot 2022 och nya s\u00e4ljsucc\u00e9er\u201d. <\/em><br><em>&#8211; Sebastian Brandt, VD, Brandt Bil.<\/em><\/p>\n\n\n\n<p>MG ser fram emot kommande \u00e5r och vill tacka samtliga kunder f\u00f6r allt engagemang och all varm respons p\u00e5 bilar och varum\u00e4rke. Forts\u00e4tt g\u00e4rna att dela med er av bilder och erfarenheter, det gl\u00e4der oss och det hj\u00e4lper oss vidare i utvecklingen. Tack \u00e4ven till alla som jobbar med MG, ni \u00e4r fantastiska.<\/p>\n\n\n\n<p class=\"has-text-align-center\"><em>\u201d2022 kommer att bli ett fantastiskt \u00e5r och med nya lanseringar kommer MG bli ett av Sveriges ledande elbilsm\u00e4rken.<\/em> <em>Vi ser verkligen fram emot att introducera v\u00e4rldens f\u00f6rsta elkombi MG5\u201d. <\/em><br><em>\u2013 Tomas Ernberg, VD, Hedin MG Sweden.<\/em><\/p>\n\n\n\n<p>In och f\u00f6lj MG p\u00e5 sociala media @mgmotorssverige f\u00f6r att bli en del av v\u00e5rt community.<\/p>\n\n\n\n<p>Tack, MG.<\/p>\n\n\n\n<figure class=\"is-layout-flex wp-block-gallery-1 wp-block-gallery columns-1 is-cropped\"><ul class=\"blocks-gallery-grid\"><li class=\"blocks-gallery-item\"><figure><img decoding=\"async\" loading=\"lazy\" width=\"1040\" height=\"585\" src=\"https:\/\/development.news.larva.cloud\/\/wp-content\/uploads\/2022\/01\/20211121_134001-kopiera-2-1040x585.jpg\" alt=\"\" data-id=\"17413\" data-full-url=\"https:\/\/development.news.larva.cloud\/\/wp-content\/uploads\/2022\/01\/20211121_134001-kopiera-2.jpg\" data-link=\"https:\/\/development.news.larva.cloud\/\/sv\/?attachment_id=17413\" class=\"wp-image-17413\" srcset=\"https:\/\/news.mgmotor.eu\/wp-content\/uploads\/2022\/01\/20211121_134001-kopiera-2-1040x585.jpg 1040w, https:\/\/news.mgmotor.eu\/wp-content\/uploads\/2022\/01\/20211121_134001-kopiera-2-800x450.jpg 800w, https:\/\/news.mgmotor.eu\/wp-content\/uploads\/2022\/01\/20211121_134001-kopiera-2-240x135.jpg 240w, https:\/\/news.mgmotor.eu\/wp-content\/uploads\/2022\/01\/20211121_134001-kopiera-2-624x351.jpg 624w, https:\/\/news.mgmotor.eu\/wp-content\/uploads\/2022\/01\/20211121_134001-kopiera-2-464x261.jpg 464w, https:\/\/news.mgmotor.eu\/wp-content\/uploads\/2022\/01\/20211121_134001-kopiera-2-1600x900.jpg 1600w\" sizes=\"(max-width: 1040px) 100vw, 1040px\" \/><\/figure><\/li><\/ul><\/figure>\n\n\n\n<ul class=\"is-layout-flex wp-block-social-links\"><li class=\"wp-social-link wp-social-link-instagram wp-block-social-link\"><a href=\"https:\/\/www.instagram.com\/mgmotorssverige\/\"  class=\"wp-block-social-link-anchor\"><svg width=\"24\" height=\"24\" viewBox=\"0 0 24 24\" version=\"1.1\" xmlns=\"http:\/\/www.w3.org\/2000\/svg\" aria-hidden=\"true\" focusable=\"false\"><path d=\"M12,4.622c2.403,0,2.688,0.009,3.637,0.052c0.877,0.04,1.354,0.187,1.671,0.31c0.42,0.163,0.72,0.358,1.035,0.673 c0.315,0.315,0.51,0.615,0.673,1.035c0.123,0.317,0.27,0.794,0.31,1.671c0.043,0.949,0.052,1.234,0.052,3.637 s-0.009,2.688-0.052,3.637c-0.04,0.877-0.187,1.354-0.31,1.671c-0.163,0.42-0.358,0.72-0.673,1.035 c-0.315,0.315-0.615,0.51-1.035,0.673c-0.317,0.123-0.794,0.27-1.671,0.31c-0.949,0.043-1.233,0.052-3.637,0.052 s-2.688-0.009-3.637-0.052c-0.877-0.04-1.354-0.187-1.671-0.31c-0.42-0.163-0.72-0.358-1.035-0.673 c-0.315-0.315-0.51-0.615-0.673-1.035c-0.123-0.317-0.27-0.794-0.31-1.671C4.631,14.688,4.622,14.403,4.622,12 s0.009-2.688,0.052-3.637c0.04-0.877,0.187-1.354,0.31-1.671c0.163-0.42,0.358-0.72,0.673-1.035 c0.315-0.315,0.615-0.51,1.035-0.673c0.317-0.123,0.794-0.27,1.671-0.31C9.312,4.631,9.597,4.622,12,4.622 M12,3 C9.556,3,9.249,3.01,8.289,3.054C7.331,3.098,6.677,3.25,6.105,3.472C5.513,3.702,5.011,4.01,4.511,4.511 c-0.5,0.5-0.808,1.002-1.038,1.594C3.25,6.677,3.098,7.331,3.054,8.289C3.01,9.249,3,9.556,3,12c0,2.444,0.01,2.751,0.054,3.711 c0.044,0.958,0.196,1.612,0.418,2.185c0.23,0.592,0.538,1.094,1.038,1.594c0.5,0.5,1.002,0.808,1.594,1.038 c0.572,0.222,1.227,0.375,2.185,0.418C9.249,20.99,9.556,21,12,21s2.751-0.01,3.711-0.054c0.958-0.044,1.612-0.196,2.185-0.418 c0.592-0.23,1.094-0.538,1.594-1.038c0.5-0.5,0.808-1.002,1.038-1.594c0.222-0.572,0.375-1.227,0.418-2.185 C20.99,14.751,21,14.444,21,12s-0.01-2.751-0.054-3.711c-0.044-0.958-0.196-1.612-0.418-2.185c-0.23-0.592-0.538-1.094-1.038-1.594 c-0.5-0.5-1.002-0.808-1.594-1.038c-0.572-0.222-1.227-0.375-2.185-0.418C14.751,3.01,14.444,3,12,3L12,3z M12,7.378 c-2.552,0-4.622,2.069-4.622,4.622S9.448,16.622,12,16.622s4.622-2.069,4.622-4.622S14.552,7.378,12,7.378z M12,15 c-1.657,0-3-1.343-3-3s1.343-3,3-3s3,1.343,3,3S13.657,15,12,15z M16.804,6.116c-0.596,0-1.08,0.484-1.08,1.08 s0.484,1.08,1.08,1.08c0.596,0,1.08-0.484,1.08-1.08S17.401,6.116,16.804,6.116z\"><\/path><\/svg><span class=\"wp-block-social-link-label screen-reader-text\">Instagram<\/span><\/a><\/li>\n\n<li class=\"wp-social-link wp-social-link-linkedin wp-block-social-link\"><a href=\"https:\/\/se.linkedin.com\/company\/mg-motors-sverige\"  class=\"wp-block-social-link-anchor\"><svg width=\"24\" height=\"24\" viewBox=\"0 0 24 24\" version=\"1.1\" xmlns=\"http:\/\/www.w3.org\/2000\/svg\" aria-hidden=\"true\" focusable=\"false\"><path d=\"M19.7,3H4.3C3.582,3,3,3.582,3,4.3v15.4C3,20.418,3.582,21,4.3,21h15.4c0.718,0,1.3-0.582,1.3-1.3V4.3 C21,3.582,20.418,3,19.7,3z M8.339,18.338H5.667v-8.59h2.672V18.338z M7.004,8.574c-0.857,0-1.549-0.694-1.549-1.548 c0-0.855,0.691-1.548,1.549-1.548c0.854,0,1.547,0.694,1.547,1.548C8.551,7.881,7.858,8.574,7.004,8.574z M18.339,18.338h-2.669 v-4.177c0-0.996-0.017-2.278-1.387-2.278c-1.389,0-1.601,1.086-1.601,2.206v4.249h-2.667v-8.59h2.559v1.174h0.037 c0.356-0.675,1.227-1.387,2.526-1.387c2.703,0,3.203,1.779,3.203,4.092V18.338z\"><\/path><\/svg><span class=\"wp-block-social-link-label screen-reader-text\">LinkedIn<\/span><\/a><\/li>\n\n<li class=\"wp-social-link wp-social-link-facebook wp-block-social-link\"><a href=\"https:\/\/www.facebook.com\/MGMotorsSverige\/\"  class=\"wp-block-social-link-anchor\"><svg width=\"24\" height=\"24\" viewBox=\"0 0 24 24\" version=\"1.1\" xmlns=\"http:\/\/www.w3.org\/2000\/svg\" aria-hidden=\"true\" focusable=\"false\"><path d=\"M12 2C6.5 2 2 6.5 2 12c0 5 3.7 9.1 8.4 9.9v-7H7.9V12h2.5V9.8c0-2.5 1.5-3.9 3.8-3.9 1.1 0 2.2.2 2.2.2v2.5h-1.3c-1.2 0-1.6.8-1.6 1.6V12h2.8l-.4 2.9h-2.3v7C18.3 21.1 22 17 22 12c0-5.5-4.5-10-10-10z\"><\/path><\/svg><span class=\"wp-block-social-link-label screen-reader-text\">Facebook<\/span><\/a><\/li><\/ul>\n\n\n\n<p><\/p>\n","protected":false},"excerpt":{"rendered":"<p>Det var i mars 2021 som avtal undertecknades och MG officiellt skulle in p\u00e5 den svenska marknaden. Det v\u00e4cktes snabbt [&hellip;]<\/p>\n","protected":false},"author":37,"featured_media":17385,"comment_status":"closed","ping_status":"closed","sticky":false,"template":"","format":"standard","meta":[],"categories":[185],"tags":[],"acf":[],"yoast_head":"<!-- This site is optimized with the Yoast SEO plugin v19.8 - https:\/\/yoast.com\/wordpress\/plugins\/seo\/ -->\n<title>2021 - Vilken resa!<\/title>\n<meta name=\"description\" content=\"Det var i mars 2021 som avtal undertecknades och MG officiellt skulle in p\u00e5 den svenska marknaden. Det v\u00e4cktes snabbt intresse f\u00f6r...\" \/>\n<meta name=\"robots\" content=\"index, follow, max-snippet:-1, max-image-preview:large, max-video-preview:-1\" \/>\n<link rel=\"canonical\" href=\"https:\/\/news.mgmotor.eu\/sv\/2021-vilken-resa\/\" \/>\n<meta property=\"og:locale\" content=\"sv_SE\" \/>\n<meta property=\"og:type\" content=\"article\" \/>\n<meta property=\"og:title\" content=\"2021 - Vilken resa!\" \/>\n<meta property=\"og:description\" content=\"Det var i mars 2021 som avtal undertecknades och MG officiellt skulle in p\u00e5 den svenska marknaden. Det v\u00e4cktes snabbt intresse f\u00f6r...\" \/>\n<meta property=\"og:url\" content=\"https:\/\/news.mgmotor.eu\/sv\/2021-vilken-resa\/\" \/>\n<meta property=\"og:site_name\" content=\"MG Motor Europe\" \/>\n<meta property=\"article:published_time\" content=\"2022-01-04T07:55:22+00:00\" \/>\n<meta property=\"article:modified_time\" content=\"2022-01-10T13:02:28+00:00\" \/>\n<meta property=\"og:image\" content=\"https:\/\/news.mgmotor.eu\/wp-content\/uploads\/2022\/01\/mgsno-e1641217849129.jpg\" \/>\n\t<meta property=\"og:image:width\" content=\"6000\" \/>\n\t<meta property=\"og:image:height\" content=\"3135\" \/>\n\t<meta property=\"og:image:type\" content=\"image\/jpeg\" \/>\n<meta name=\"author\" content=\"Emma Harnstrom\" \/>\n<meta name=\"twitter:card\" content=\"summary_large_image\" \/>\n<meta name=\"twitter:label1\" content=\"Written by\" \/>\n\t<meta name=\"twitter:data1\" content=\"Emma Harnstrom\" \/>\n\t<meta name=\"twitter:label2\" content=\"Est. reading time\" \/>\n\t<meta name=\"twitter:data2\" content=\"3 minutes\" \/>\n<script type=\"application\/ld+json\" class=\"yoast-schema-graph\">{\"@context\":\"https:\/\/schema.org\",\"@graph\":[{\"@type\":\"WebPage\",\"@id\":\"https:\/\/news.mgmotor.eu\/sv\/2021-vilken-resa\/\",\"url\":\"https:\/\/news.mgmotor.eu\/sv\/2021-vilken-resa\/\",\"name\":\"2021 - Vilken resa!\",\"isPartOf\":{\"@id\":\"https:\/\/news.mgmotor.eu\/#website\"},\"datePublished\":\"2022-01-04T07:55:22+00:00\",\"dateModified\":\"2022-01-10T13:02:28+00:00\",\"author\":{\"@id\":\"https:\/\/news.mgmotor.eu\/#\/schema\/person\/d010a44d5ac60a9b6f8d3119bed39361\"},\"description\":\"Det var i mars 2021 som avtal undertecknades och MG officiellt skulle in p\u00e5 den svenska marknaden. Det v\u00e4cktes snabbt intresse f\u00f6r...\",\"breadcrumb\":{\"@id\":\"https:\/\/news.mgmotor.eu\/sv\/2021-vilken-resa\/#breadcrumb\"},\"inLanguage\":\"sv-SE\",\"potentialAction\":[{\"@type\":\"ReadAction\",\"target\":[\"https:\/\/news.mgmotor.eu\/sv\/2021-vilken-resa\/\"]}]},{\"@type\":\"BreadcrumbList\",\"@id\":\"https:\/\/news.mgmotor.eu\/sv\/2021-vilken-resa\/#breadcrumb\",\"itemListElement\":[{\"@type\":\"ListItem\",\"position\":1,\"name\":\"Home\",\"item\":\"https:\/\/news.mgmotor.eu\/sv\/sample-page\/\"},{\"@type\":\"ListItem\",\"position\":2,\"name\":\"2021 &#8211; Vilken resa!\"}]},{\"@type\":\"WebSite\",\"@id\":\"https:\/\/news.mgmotor.eu\/#website\",\"url\":\"https:\/\/news.mgmotor.eu\/\",\"name\":\"MG Motor Europe\",\"description\":\"\",\"potentialAction\":[{\"@type\":\"SearchAction\",\"target\":{\"@type\":\"EntryPoint\",\"urlTemplate\":\"https:\/\/news.mgmotor.eu\/?s={search_term_string}\"},\"query-input\":\"required name=search_term_string\"}],\"inLanguage\":\"sv-SE\"},{\"@type\":\"Person\",\"@id\":\"https:\/\/news.mgmotor.eu\/#\/schema\/person\/d010a44d5ac60a9b6f8d3119bed39361\",\"name\":\"Emma Harnstrom\",\"image\":{\"@type\":\"ImageObject\",\"inLanguage\":\"sv-SE\",\"@id\":\"https:\/\/news.mgmotor.eu\/#\/schema\/person\/image\/\",\"url\":\"https:\/\/secure.gravatar.com\/avatar\/a992e9becbe822dbdd51b0e26aa71c80?s=96&d=mm&r=g\",\"contentUrl\":\"https:\/\/secure.gravatar.com\/avatar\/a992e9becbe822dbdd51b0e26aa71c80?s=96&d=mm&r=g\",\"caption\":\"Emma Harnstrom\"}}]}<\/script>\n<!-- \/ Yoast SEO plugin. -->","yoast_head_json":{"title":"2021 - Vilken resa!","description":"Det var i mars 2021 som avtal undertecknades och MG officiellt skulle in p\u00e5 den svenska marknaden. Det v\u00e4cktes snabbt intresse f\u00f6r...","robots":{"index":"index","follow":"follow","max-snippet":"max-snippet:-1","max-image-preview":"max-image-preview:large","max-video-preview":"max-video-preview:-1"},"canonical":"https:\/\/news.mgmotor.eu\/sv\/2021-vilken-resa\/","og_locale":"sv_SE","og_type":"article","og_title":"2021 - Vilken resa!","og_description":"Det var i mars 2021 som avtal undertecknades och MG officiellt skulle in p\u00e5 den svenska marknaden. Det v\u00e4cktes snabbt intresse f\u00f6r...","og_url":"https:\/\/news.mgmotor.eu\/sv\/2021-vilken-resa\/","og_site_name":"MG Motor Europe","article_published_time":"2022-01-04T07:55:22+00:00","article_modified_time":"2022-01-10T13:02:28+00:00","og_image":[{"width":6000,"height":3135,"url":"https:\/\/news.mgmotor.eu\/wp-content\/uploads\/2022\/01\/mgsno-e1641217849129.jpg","type":"image\/jpeg"}],"author":"Emma Harnstrom","twitter_card":"summary_large_image","twitter_misc":{"Written by":"Emma Harnstrom","Est. reading time":"3 minutes"},"schema":{"@context":"https:\/\/schema.org","@graph":[{"@type":"WebPage","@id":"https:\/\/news.mgmotor.eu\/sv\/2021-vilken-resa\/","url":"https:\/\/news.mgmotor.eu\/sv\/2021-vilken-resa\/","name":"2021 - Vilken resa!","isPartOf":{"@id":"https:\/\/news.mgmotor.eu\/#website"},"datePublished":"2022-01-04T07:55:22+00:00","dateModified":"2022-01-10T13:02:28+00:00","author":{"@id":"https:\/\/news.mgmotor.eu\/#\/schema\/person\/d010a44d5ac60a9b6f8d3119bed39361"},"description":"Det var i mars 2021 som avtal undertecknades och MG officiellt skulle in p\u00e5 den svenska marknaden. Det v\u00e4cktes snabbt intresse f\u00f6r...","breadcrumb":{"@id":"https:\/\/news.mgmotor.eu\/sv\/2021-vilken-resa\/#breadcrumb"},"inLanguage":"sv-SE","potentialAction":[{"@type":"ReadAction","target":["https:\/\/news.mgmotor.eu\/sv\/2021-vilken-resa\/"]}]},{"@type":"BreadcrumbList","@id":"https:\/\/news.mgmotor.eu\/sv\/2021-vilken-resa\/#breadcrumb","itemListElement":[{"@type":"ListItem","position":1,"name":"Home","item":"https:\/\/news.mgmotor.eu\/sv\/sample-page\/"},{"@type":"ListItem","position":2,"name":"2021 &#8211; Vilken resa!"}]},{"@type":"WebSite","@id":"https:\/\/news.mgmotor.eu\/#website","url":"https:\/\/news.mgmotor.eu\/","name":"MG Motor Europe","description":"","potentialAction":[{"@type":"SearchAction","target":{"@type":"EntryPoint","urlTemplate":"https:\/\/news.mgmotor.eu\/?s={search_term_string}"},"query-input":"required name=search_term_string"}],"inLanguage":"sv-SE"},{"@type":"Person","@id":"https:\/\/news.mgmotor.eu\/#\/schema\/person\/d010a44d5ac60a9b6f8d3119bed39361","name":"Emma Harnstrom","image":{"@type":"ImageObject","inLanguage":"sv-SE","@id":"https:\/\/news.mgmotor.eu\/#\/schema\/person\/image\/","url":"https:\/\/secure.gravatar.com\/avatar\/a992e9becbe822dbdd51b0e26aa71c80?s=96&d=mm&r=g","contentUrl":"https:\/\/secure.gravatar.com\/avatar\/a992e9becbe822dbdd51b0e26aa71c80?s=96&d=mm&r=g","caption":"Emma Harnstrom"}}]}},"_links":{"self":[{"href":"https:\/\/news.mgmotor.eu\/sv\/wp-json\/wp\/v2\/posts\/17384"}],"collection":[{"href":"https:\/\/news.mgmotor.eu\/sv\/wp-json\/wp\/v2\/posts"}],"about":[{"href":"https:\/\/news.mgmotor.eu\/sv\/wp-json\/wp\/v2\/types\/post"}],"author":[{"embeddable":true,"href":"https:\/\/news.mgmotor.eu\/sv\/wp-json\/wp\/v2\/users\/37"}],"replies":[{"embeddable":true,"href":"https:\/\/news.mgmotor.eu\/sv\/wp-json\/wp\/v2\/comments?post=17384"}],"version-history":[{"count":14,"href":"https:\/\/news.mgmotor.eu\/sv\/wp-json\/wp\/v2\/posts\/17384\/revisions"}],"predecessor-version":[{"id":17508,"href":"https:\/\/news.mgmotor.eu\/sv\/wp-json\/wp\/v2\/posts\/17384\/revisions\/17508"}],"wp:featuredmedia":[{"embeddable":true,"href":"https:\/\/news.mgmotor.eu\/sv\/wp-json\/wp\/v2\/media\/17385"}],"wp:attachment":[{"href":"https:\/\/news.mgmotor.eu\/sv\/wp-json\/wp\/v2\/media?parent=17384"}],"wp:term":[{"taxonomy":"category","embeddable":true,"href":"https:\/\/news.mgmotor.eu\/sv\/wp-json\/wp\/v2\/categories?post=17384"},{"taxonomy":"post_tag","embeddable":true,"href":"https:\/\/news.mgmotor.eu\/sv\/wp-json\/wp\/v2\/tags?post=17384"}],"curies":[{"name":"wp","href":"https:\/\/api.w.org\/{rel}","templated":true}]}}