{"id":3603859,"date":"2025-11-18T17:50:00","date_gmt":"2025-11-18T16:50:00","guid":{"rendered":"https:\/\/news.mgmotor.eu\/?post_type=press&#038;p=3603859"},"modified":"2025-12-22T13:57:04","modified_gmt":"2025-12-22T12:57:04","slug":"mg-scende-in-campo-in-coppa-davis-final-8-la-flotta-ibrida-mg-accompagna-gli-atleti-a-bologna-mg-scende-in-campo-in-coppa-davis-final-8","status":"publish","type":"press","link":"https:\/\/news.mgmotor.eu\/it\/press\/mg-scende-in-campo-in-coppa-davis-final-8-la-flotta-ibrida-mg-accompagna-gli-atleti-a-bologna-mg-scende-in-campo-in-coppa-davis-final-8\/","title":{"rendered":"MG SCENDE IN CAMPO IN COPPA DAVIS FINAL 8. LA FLOTTA IBRIDA MG ACCOMPAGNA GLI ATLETI A BOLOGNA."},"content":{"rendered":"\n<p><strong><em>MG Motor partner e auto ufficiale della Coppa Davis Final 8 a Bologna mette a disposizione di atleti e squadre una flotta di 40 vetture ibride MG HS e MG ZS.<\/em><\/strong><\/p>\n\n\n\n<p>MG Motor rafforza la sua presenza nel panorama sportivo internazionale e in qualit\u00e0 di partner e auto ufficiale della Coppa Davis Final 8 a Bologna (in programma dal 18 al 23 novembre), fornisce una flotta di 40 vetture Hybrid+ e Plug-in hybrid per gli spostamenti di atleti, squadre e ospiti.<\/p>\n\n\n\n<p>Questa partnership strategica consolida il posizionamento di MG, un brand che si sta affermando velocemente sul mercato e che in poco pi\u00f9 di quattro anni ha superato le 120.000 unit\u00e0, grazie ad alcuni fattori che stanno contribuendo al suo successo:<\/p>\n\n\n\n<ul>\n<li>una gamma completa di modelli per rispondere a tutte le esigenze,<\/li>\n\n\n\n<li>competitivit\u00e0 e qualit\u00e0 dei suoi prodotti,<\/li>\n\n\n\n<li>innovazione tecnologica orientata alla sostenibilit\u00e0,&nbsp;<\/li>\n\n\n\n<li>riconoscibilit\u00e0 di un brand iconico con oltre cento anni di storia,<\/li>\n\n\n\n<li>rete commerciale composta da 70 MG Store e 150 punti di vendita e assistenza distribuiti in maniera capillare sul territorio nazionale.<\/li>\n<\/ul>\n\n\n\n<p>Comfort e Tecnologia al servizio dello sport<\/p>\n\n\n\n<p>La flotta delle vetture MG \u00e8 stata selezionata tra i modelli SUV per offrire il massimo comfort e spazio a bordo, garantendo spostamenti agevoli e a basso impatto ambientale per le vie della citt\u00e0, grazie alle motorizzazioni full hybrid e plug-in hybrid. MG infatti sta puntando in maniera decisa sulla tecnologia ibrida che rappresenta oggi oltre il 50% delle vendite del brand in Italia. Una crescita continua e veloce, superiore al trend del mercato.&nbsp; La tecnologia full hybrid MG, chiamata Hybrid+ \u00e8 la soluzione con la componente elettrica pi\u00f9 estesa del mercato su questa categoria di prodotto, e offre vantaggi in termini di efficienza, e competitivit\u00e0. La gamma ibrida MG, con tre modelli equipaggiati con questa tecnologia, ha consentito al&nbsp;marchio di attestarsi tra i <em>top winner<\/em> del mercato e stabilmente sul podio dell\u2019ibrido nel 2025, con due dei suoi modelli: MG ZS Hubrid+ e MG3 Hybrid+, al secondo posto nei rispettivi segmenti.<\/p>\n\n\n\n<p>A partire dallo scorso luglio, con MG HS Hybrid+ il marchio \u00e8 entrato anche nel segmento C, dove l\u2019ibrido ha un peso del 34%, per completare il presidio tecnologico e rafforzare il proprio posizionamento.<\/p>\n\n\n\n<p>Le flotta che accompagna atleti e squadre \u00e8 composta da 40 vetture:<\/p>\n\n\n\n<ul>\n<li>MG HS: Il SUV di segmento C, scelto nelle efficienti motorizzazioni Hybrid+ e Plug-in Hybrid.<\/li>\n\n\n\n<li>MG ZS: Il SUV compatto di segmento B, il best seller MG in Italia, nella versatile motorizzazione Hybrid+.<\/li>\n<\/ul>\n\n\n\n<p>Questi modelli, apprezzati per la loro praticit\u00e0, comfort e le tecnologie innovative che li equipaggiano, accompagneranno gli ospiti fino al cuore del villaggio tennistico.<\/p>\n\n\n\n<p>MG, oltre che per le strade di Bologna, sar\u00e0 presente nel villaggio allestito all\u2019interno della Fiera, con un\u2019esposizione di auto:<\/p>\n\n\n\n<ul>\n<li>a lato del campo centrale: sar\u00e0 esposta la roadster MG Cyberster, la sportiva ideata dall\u2019Advanced Design London, incarna lo spirito sportivo che ha reso famoso l\u2019iconico brand inglese. Con questo modello MG ha voluto rendere omaggio alla sua storia ma con lo sguardo rivolto al futuro e alla tecnologia elettrica.<\/li>\n\n\n\n<li>Nel Fan Village: Il pubblico potr\u00e0 ammirare da vicino le ultime novit\u00e0 della gamma, dal nuovissimo B SUV elettrico MGS5, che abbina all\u2019innovazione e all\u2019efficienza, sicurezza e versatilit\u00e0, ai SUV protagonisti della flotta, MG HS e MG ZS che offrono tutti i vantaggi dello spazio e del comfort abbinati ad un equipaggiamento di alto livello e all\u2019avanzata tecnologia ibrida.<\/li>\n<\/ul>\n\n\n\n<p>Andrea Bartolomeo, Country Manager e Vice President SAIC Motor Italy ha dichiarato&#8221;Siamo estremamente orgogliosi di essere partner di un torneo leggendario come la Coppa Davis. Questa collaborazione riflette i valori che ci accomunano ad uno sport di alto livello come il tennis che sta vivendo un momento straordinario, come il nostro marchio. Sono lo spirito di competizione, l\u2019impegno costante per l\u2019eccellenza e una visione proiettata al future i valori che ci accomunano. Proprio come gli atleti in campo lavorano sulla precisione e sulla performance, noi ci impegniamo a offrire prodotti di alta qualit\u00e0 che soddisfino e superino le aspettative dei nostri clienti, consolidando la nostra crescita nel mercato italiano. Supportare questi atleti eccezionali nei loro spostamenti ci rende estremamente orgogliosi e ci fa sentire in campo con loro.&#8221;<\/p>\n","protected":false},"excerpt":{"rendered":"<p>MG Motor partner e auto ufficiale della Coppa Davis Final 8 a Bologna mette a disposizione di atleti e squadre [&hellip;]<\/p>\n","protected":false},"featured_media":3603863,"template":"","categories":[],"tags":[],"acf":[],"yoast_head":"<!-- This site is optimized with the Yoast SEO plugin v19.8 - https:\/\/yoast.com\/wordpress\/plugins\/seo\/ -->\n<title>MG SCENDE IN CAMPO IN COPPA DAVIS FINAL 8. LA FLOTTA IBRIDA MG ACCOMPAGNA GLI ATLETI A BOLOGNA. - MG Motor Europe<\/title>\n<meta name=\"robots\" content=\"index, follow, max-snippet:-1, max-image-preview:large, max-video-preview:-1\" \/>\n<link rel=\"canonical\" href=\"https:\/\/news.mgmotor.eu\/it\/press\/mg-scende-in-campo-in-coppa-davis-final-8-la-flotta-ibrida-mg-accompagna-gli-atleti-a-bologna-mg-scende-in-campo-in-coppa-davis-final-8\/\" \/>\n<meta property=\"og:locale\" content=\"it_IT\" \/>\n<meta property=\"og:type\" content=\"article\" \/>\n<meta property=\"og:title\" content=\"MG SCENDE IN CAMPO IN COPPA DAVIS FINAL 8. LA FLOTTA IBRIDA MG ACCOMPAGNA GLI ATLETI A BOLOGNA. - MG Motor Europe\" \/>\n<meta property=\"og:description\" content=\"MG Motor partner e auto ufficiale della Coppa Davis Final 8 a Bologna mette a disposizione di atleti e squadre [&hellip;]\" \/>\n<meta property=\"og:url\" content=\"https:\/\/news.mgmotor.eu\/it\/press\/mg-scende-in-campo-in-coppa-davis-final-8-la-flotta-ibrida-mg-accompagna-gli-atleti-a-bologna-mg-scende-in-campo-in-coppa-davis-final-8\/\" \/>\n<meta property=\"og:site_name\" content=\"MG Motor Europe\" \/>\n<meta property=\"article:modified_time\" content=\"2025-12-22T12:57:04+00:00\" \/>\n<meta property=\"og:image\" content=\"https:\/\/news.mgmotor.eu\/wp-content\/uploads\/2025\/12\/MG_COPPA-DAVIS_3952_LR.jpeg\" \/>\n\t<meta property=\"og:image:width\" content=\"1452\" \/>\n\t<meta property=\"og:image:height\" content=\"767\" \/>\n\t<meta property=\"og:image:type\" content=\"image\/jpeg\" \/>\n<meta name=\"twitter:card\" content=\"summary_large_image\" \/>\n<meta name=\"twitter:label1\" content=\"Est. reading time\" \/>\n\t<meta name=\"twitter:data1\" content=\"4 minutes\" \/>\n<script type=\"application\/ld+json\" class=\"yoast-schema-graph\">{\"@context\":\"https:\/\/schema.org\",\"@graph\":[{\"@type\":\"WebPage\",\"@id\":\"https:\/\/news.mgmotor.eu\/it\/press\/mg-scende-in-campo-in-coppa-davis-final-8-la-flotta-ibrida-mg-accompagna-gli-atleti-a-bologna-mg-scende-in-campo-in-coppa-davis-final-8\/\",\"url\":\"https:\/\/news.mgmotor.eu\/it\/press\/mg-scende-in-campo-in-coppa-davis-final-8-la-flotta-ibrida-mg-accompagna-gli-atleti-a-bologna-mg-scende-in-campo-in-coppa-davis-final-8\/\",\"name\":\"MG SCENDE IN CAMPO IN COPPA DAVIS FINAL 8. LA FLOTTA IBRIDA MG ACCOMPAGNA GLI ATLETI A BOLOGNA. - MG Motor Europe\",\"isPartOf\":{\"@id\":\"https:\/\/news.mgmotor.eu\/#website\"},\"datePublished\":\"2025-11-18T16:50:00+00:00\",\"dateModified\":\"2025-12-22T12:57:04+00:00\",\"breadcrumb\":{\"@id\":\"https:\/\/news.mgmotor.eu\/it\/press\/mg-scende-in-campo-in-coppa-davis-final-8-la-flotta-ibrida-mg-accompagna-gli-atleti-a-bologna-mg-scende-in-campo-in-coppa-davis-final-8\/#breadcrumb\"},\"inLanguage\":\"it-IT\",\"potentialAction\":[{\"@type\":\"ReadAction\",\"target\":[\"https:\/\/news.mgmotor.eu\/it\/press\/mg-scende-in-campo-in-coppa-davis-final-8-la-flotta-ibrida-mg-accompagna-gli-atleti-a-bologna-mg-scende-in-campo-in-coppa-davis-final-8\/\"]}]},{\"@type\":\"BreadcrumbList\",\"@id\":\"https:\/\/news.mgmotor.eu\/it\/press\/mg-scende-in-campo-in-coppa-davis-final-8-la-flotta-ibrida-mg-accompagna-gli-atleti-a-bologna-mg-scende-in-campo-in-coppa-davis-final-8\/#breadcrumb\",\"itemListElement\":[{\"@type\":\"ListItem\",\"position\":1,\"name\":\"Home\",\"item\":\"https:\/\/news.mgmotor.eu\/it\/\"},{\"@type\":\"ListItem\",\"position\":2,\"name\":\"Press Releases\",\"item\":\"https:\/\/news.mgmotor.eu\/it\/press\/\"},{\"@type\":\"ListItem\",\"position\":3,\"name\":\"MG SCENDE IN CAMPO IN COPPA DAVIS FINAL 8. LA FLOTTA IBRIDA MG ACCOMPAGNA GLI ATLETI A BOLOGNA.\"}]},{\"@type\":\"WebSite\",\"@id\":\"https:\/\/news.mgmotor.eu\/#website\",\"url\":\"https:\/\/news.mgmotor.eu\/\",\"name\":\"MG Motor Europe\",\"description\":\"\",\"potentialAction\":[{\"@type\":\"SearchAction\",\"target\":{\"@type\":\"EntryPoint\",\"urlTemplate\":\"https:\/\/news.mgmotor.eu\/?s={search_term_string}\"},\"query-input\":\"required name=search_term_string\"}],\"inLanguage\":\"it-IT\"}]}<\/script>\n<!-- \/ Yoast SEO plugin. -->","yoast_head_json":{"title":"MG SCENDE IN CAMPO IN COPPA DAVIS FINAL 8. LA FLOTTA IBRIDA MG ACCOMPAGNA GLI ATLETI A BOLOGNA. - MG Motor Europe","robots":{"index":"index","follow":"follow","max-snippet":"max-snippet:-1","max-image-preview":"max-image-preview:large","max-video-preview":"max-video-preview:-1"},"canonical":"https:\/\/news.mgmotor.eu\/it\/press\/mg-scende-in-campo-in-coppa-davis-final-8-la-flotta-ibrida-mg-accompagna-gli-atleti-a-bologna-mg-scende-in-campo-in-coppa-davis-final-8\/","og_locale":"it_IT","og_type":"article","og_title":"MG SCENDE IN CAMPO IN COPPA DAVIS FINAL 8. LA FLOTTA IBRIDA MG ACCOMPAGNA GLI ATLETI A BOLOGNA. - MG Motor Europe","og_description":"MG Motor partner e auto ufficiale della Coppa Davis Final 8 a Bologna mette a disposizione di atleti e squadre [&hellip;]","og_url":"https:\/\/news.mgmotor.eu\/it\/press\/mg-scende-in-campo-in-coppa-davis-final-8-la-flotta-ibrida-mg-accompagna-gli-atleti-a-bologna-mg-scende-in-campo-in-coppa-davis-final-8\/","og_site_name":"MG Motor Europe","article_modified_time":"2025-12-22T12:57:04+00:00","og_image":[{"width":1452,"height":767,"url":"https:\/\/news.mgmotor.eu\/wp-content\/uploads\/2025\/12\/MG_COPPA-DAVIS_3952_LR.jpeg","type":"image\/jpeg"}],"twitter_card":"summary_large_image","twitter_misc":{"Est. reading time":"4 minutes"},"schema":{"@context":"https:\/\/schema.org","@graph":[{"@type":"WebPage","@id":"https:\/\/news.mgmotor.eu\/it\/press\/mg-scende-in-campo-in-coppa-davis-final-8-la-flotta-ibrida-mg-accompagna-gli-atleti-a-bologna-mg-scende-in-campo-in-coppa-davis-final-8\/","url":"https:\/\/news.mgmotor.eu\/it\/press\/mg-scende-in-campo-in-coppa-davis-final-8-la-flotta-ibrida-mg-accompagna-gli-atleti-a-bologna-mg-scende-in-campo-in-coppa-davis-final-8\/","name":"MG SCENDE IN CAMPO IN COPPA DAVIS FINAL 8. LA FLOTTA IBRIDA MG ACCOMPAGNA GLI ATLETI A BOLOGNA. - MG Motor Europe","isPartOf":{"@id":"https:\/\/news.mgmotor.eu\/#website"},"datePublished":"2025-11-18T16:50:00+00:00","dateModified":"2025-12-22T12:57:04+00:00","breadcrumb":{"@id":"https:\/\/news.mgmotor.eu\/it\/press\/mg-scende-in-campo-in-coppa-davis-final-8-la-flotta-ibrida-mg-accompagna-gli-atleti-a-bologna-mg-scende-in-campo-in-coppa-davis-final-8\/#breadcrumb"},"inLanguage":"it-IT","potentialAction":[{"@type":"ReadAction","target":["https:\/\/news.mgmotor.eu\/it\/press\/mg-scende-in-campo-in-coppa-davis-final-8-la-flotta-ibrida-mg-accompagna-gli-atleti-a-bologna-mg-scende-in-campo-in-coppa-davis-final-8\/"]}]},{"@type":"BreadcrumbList","@id":"https:\/\/news.mgmotor.eu\/it\/press\/mg-scende-in-campo-in-coppa-davis-final-8-la-flotta-ibrida-mg-accompagna-gli-atleti-a-bologna-mg-scende-in-campo-in-coppa-davis-final-8\/#breadcrumb","itemListElement":[{"@type":"ListItem","position":1,"name":"Home","item":"https:\/\/news.mgmotor.eu\/it\/"},{"@type":"ListItem","position":2,"name":"Press Releases","item":"https:\/\/news.mgmotor.eu\/it\/press\/"},{"@type":"ListItem","position":3,"name":"MG SCENDE IN CAMPO IN COPPA DAVIS FINAL 8. LA FLOTTA IBRIDA MG ACCOMPAGNA GLI ATLETI A BOLOGNA."}]},{"@type":"WebSite","@id":"https:\/\/news.mgmotor.eu\/#website","url":"https:\/\/news.mgmotor.eu\/","name":"MG Motor Europe","description":"","potentialAction":[{"@type":"SearchAction","target":{"@type":"EntryPoint","urlTemplate":"https:\/\/news.mgmotor.eu\/?s={search_term_string}"},"query-input":"required name=search_term_string"}],"inLanguage":"it-IT"}]}},"_links":{"self":[{"href":"https:\/\/news.mgmotor.eu\/it\/wp-json\/wp\/v2\/press\/3603859"}],"collection":[{"href":"https:\/\/news.mgmotor.eu\/it\/wp-json\/wp\/v2\/press"}],"about":[{"href":"https:\/\/news.mgmotor.eu\/it\/wp-json\/wp\/v2\/types\/press"}],"wp:featuredmedia":[{"embeddable":true,"href":"https:\/\/news.mgmotor.eu\/it\/wp-json\/wp\/v2\/media\/3603863"}],"wp:attachment":[{"href":"https:\/\/news.mgmotor.eu\/it\/wp-json\/wp\/v2\/media?parent=3603859"}],"wp:term":[{"taxonomy":"category","embeddable":true,"href":"https:\/\/news.mgmotor.eu\/it\/wp-json\/wp\/v2\/categories?post=3603859"},{"taxonomy":"post_tag","embeddable":true,"href":"https:\/\/news.mgmotor.eu\/it\/wp-json\/wp\/v2\/tags?post=3603859"}],"curies":[{"name":"wp","href":"https:\/\/api.w.org\/{rel}","templated":true}]}}