{"id":3560485,"date":"2023-08-29T17:57:00","date_gmt":"2023-08-29T15:57:00","guid":{"rendered":"https:\/\/news.mgmotor.eu\/?post_type=press&#038;p=3560485"},"modified":"2024-01-02T17:55:11","modified_gmt":"2024-01-02T16:55:11","slug":"all-iaa-mobility-2023-di-monaco-presenti-le-ultime-novita-mg-per-leuropa","status":"publish","type":"press","link":"https:\/\/news.mgmotor.eu\/it\/press\/all-iaa-mobility-2023-di-monaco-presenti-le-ultime-novita-mg-per-leuropa\/","title":{"rendered":"ALL\u2019 IAA MOBILITY 2023 DI MONACO: PRESENTI LE ULTIME NOVIT\u00c0 MG PER L\u2019EUROPA."},"content":{"rendered":"\n<ul>\n<li><strong>MG Cyberster esposta anche al Salone di Monaco.<\/strong><\/li>\n\n\n\n<li><strong>MG4 Electric XPOWER, presenza confermata anche per la nuova versione ad alte prestazioni.<\/strong><\/li>\n\n\n\n<li><strong>Marvel R Electric la versione Performance del SUV completa la gamma sportiva per l\u2019inizio delle celebrazioni dei 100 anni del marchio MG.<\/strong><\/li>\n<\/ul>\n\n\n\n<p>MG conferma la presenza della Cyberster, l\u2019accattivante roadster due posti EV, al prossimo IAA Mobility 2023 che si terr\u00e0 al Munich Exhibition Centre (5-10 settembre, 2023).<\/p>\n\n\n\n<p>La straordinaria Cyberster sar\u00e0 la protagonista MG a Monaco e sar\u00e0 affiancata dalla nuova MG4 Electric XPOWER, l&#8217;ultima nata della pluripremiata gamma MG4 Electric, che \u00e8 anche l&#8217;auto di serie MG pi\u00f9 potente di sempre. A completare la straordinaria presenza di MG c&#8217;\u00e8 anche il SUV elettrico MG Marvel R.<\/p>\n\n\n\n<p>Il team MG sar\u00e0 lieto di dare il benvenuto a tutti i visitatori al proprio stand situato nel padiglione B2, dove saranno in esposizione tre dei modelli 100% elettrici pi\u00f9 performanti, che sottolineano il desiderio del brand di progettare e realizzare veicoli elettrici dalle prestazioni entusiasmanti, con uno stile personale, tecnologie e soluzioni di infotainment all&#8217;avanguardia.<\/p>\n\n\n\n<p>MG considera IAA Mobility 2023 un appuntamento ideale per entrare in contatto con gli automobilisti e offrire uno sguardo sul futuro promettente del marchio, caratterizzato da auto come la Cyberster, in arrivo sul mercato il prossimo anno.<\/p>\n\n\n\n<figure class=\"wp-block-image size-large\"><img decoding=\"async\" loading=\"lazy\" width=\"1040\" height=\"585\" src=\"https:\/\/news.mgmotor.eu\/wp-content\/uploads\/2023\/09\/MG-Cyberster-1040x585.jpeg\" alt=\"\" class=\"wp-image-3555975\" srcset=\"https:\/\/news.mgmotor.eu\/wp-content\/uploads\/2023\/09\/MG-Cyberster-1040x585.jpeg 1040w, https:\/\/news.mgmotor.eu\/wp-content\/uploads\/2023\/09\/MG-Cyberster-800x450.jpeg 800w, https:\/\/news.mgmotor.eu\/wp-content\/uploads\/2023\/09\/MG-Cyberster-240x135.jpeg 240w, https:\/\/news.mgmotor.eu\/wp-content\/uploads\/2023\/09\/MG-Cyberster-624x351.jpeg 624w, https:\/\/news.mgmotor.eu\/wp-content\/uploads\/2023\/09\/MG-Cyberster-464x261.jpeg 464w, https:\/\/news.mgmotor.eu\/wp-content\/uploads\/2023\/09\/MG-Cyberster-1600x900.jpeg 1600w\" sizes=\"(max-width: 1040px) 100vw, 1040px\" \/><figcaption class=\"wp-element-caption\">MG Cyberster | EV Roadster<\/figcaption><\/figure>\n\n\n\n<p><strong>MG Cyberster per l\u2019Europa<br><\/strong>Il pezzo forte di MG in uno dei pi\u00f9 prestigiosi eventi di mobilit\u00e0 del mondo \u00e8 la Cyberster. La nuova roadster segna il tanto atteso ritorno di MG alla produzione di auto sportive nell\u2019anno del 100\u00b0 anniversario dell&#8217;azienda. La Cyberster combina il patrimonio evocativo del marchio con un linguaggio di design contemporaneo e sorprendente e un sofisticato propulsore EV.<\/p>\n\n\n\n<p>Un&#8217;altra novit\u00e0 \u00e8 la MG4 Electric XPOWER. Appena lanciata, la XPOWER \u00e8 il modello prestazionale di punta della gamma MG4 Electric, che sta riscuotendo un grande successo. La sua potenza di 320 kW (435 CV) convince, unita a un propulsore a doppio motore e alla trazione integrale.<\/p>\n\n\n\n<p>Il SUV lifestyle MG Marvel R Electric, completa le proposte sportive con la versione Performance, con tre motori e trazione integrale, che dimostra anche il lato dinamico della mobilit\u00e0 elettrica.<\/p>\n\n\n\n<p>MG Motor si presenta allo IAA Mobility 2023 di Monaco come uno dei marchi automobilistici in pi\u00f9 rapida crescita in Europa, con oltre 100.000 vendite tra gennaio e giugno 2023.<\/p>\n","protected":false},"excerpt":{"rendered":"<p>MG conferma la presenza della Cyberster, l\u2019accattivante roadster due posti EV, al prossimo IAA Mobility 2023 che si terr\u00e0 al [&hellip;]<\/p>\n","protected":false},"featured_media":3554844,"template":"","categories":[],"tags":[],"acf":[],"yoast_head":"<!-- This site is optimized with the Yoast SEO plugin v19.8 - https:\/\/yoast.com\/wordpress\/plugins\/seo\/ -->\n<title>ALL\u2019 IAA MOBILITY 2023 DI MONACO: PRESENTI LE ULTIME NOVIT\u00c0 MG PER L\u2019EUROPA. - MG Motor Europe<\/title>\n<meta name=\"robots\" content=\"index, follow, max-snippet:-1, max-image-preview:large, max-video-preview:-1\" \/>\n<link rel=\"canonical\" href=\"https:\/\/news.mgmotor.eu\/it\/press\/all-iaa-mobility-2023-di-monaco-presenti-le-ultime-novita-mg-per-leuropa\/\" \/>\n<meta property=\"og:locale\" content=\"it_IT\" \/>\n<meta property=\"og:type\" content=\"article\" \/>\n<meta property=\"og:title\" content=\"ALL\u2019 IAA MOBILITY 2023 DI MONACO: PRESENTI LE ULTIME NOVIT\u00c0 MG PER L\u2019EUROPA. - MG Motor Europe\" \/>\n<meta property=\"og:description\" content=\"MG conferma la presenza della Cyberster, l\u2019accattivante roadster due posti EV, al prossimo IAA Mobility 2023 che si terr\u00e0 al [&hellip;]\" \/>\n<meta property=\"og:url\" content=\"https:\/\/news.mgmotor.eu\/it\/press\/all-iaa-mobility-2023-di-monaco-presenti-le-ultime-novita-mg-per-leuropa\/\" \/>\n<meta property=\"og:site_name\" content=\"MG Motor Europe\" \/>\n<meta property=\"article:modified_time\" content=\"2024-01-02T16:55:11+00:00\" \/>\n<meta property=\"og:image\" content=\"https:\/\/news.mgmotor.eu\/wp-content\/uploads\/2023\/09\/2.MG-Cyberster-Front-s.jpg\" \/>\n\t<meta property=\"og:image:width\" content=\"1200\" \/>\n\t<meta property=\"og:image:height\" content=\"676\" \/>\n\t<meta property=\"og:image:type\" content=\"image\/jpeg\" \/>\n<meta name=\"twitter:card\" content=\"summary_large_image\" \/>\n<meta name=\"twitter:label1\" content=\"Est. reading time\" \/>\n\t<meta name=\"twitter:data1\" content=\"3 minutes\" \/>\n<script type=\"application\/ld+json\" class=\"yoast-schema-graph\">{\"@context\":\"https:\/\/schema.org\",\"@graph\":[{\"@type\":\"WebPage\",\"@id\":\"https:\/\/news.mgmotor.eu\/it\/press\/all-iaa-mobility-2023-di-monaco-presenti-le-ultime-novita-mg-per-leuropa\/\",\"url\":\"https:\/\/news.mgmotor.eu\/it\/press\/all-iaa-mobility-2023-di-monaco-presenti-le-ultime-novita-mg-per-leuropa\/\",\"name\":\"ALL\u2019 IAA MOBILITY 2023 DI MONACO: PRESENTI LE ULTIME NOVIT\u00c0 MG PER L\u2019EUROPA. - MG Motor Europe\",\"isPartOf\":{\"@id\":\"https:\/\/news.mgmotor.eu\/#website\"},\"datePublished\":\"2023-08-29T15:57:00+00:00\",\"dateModified\":\"2024-01-02T16:55:11+00:00\",\"breadcrumb\":{\"@id\":\"https:\/\/news.mgmotor.eu\/it\/press\/all-iaa-mobility-2023-di-monaco-presenti-le-ultime-novita-mg-per-leuropa\/#breadcrumb\"},\"inLanguage\":\"it-IT\",\"potentialAction\":[{\"@type\":\"ReadAction\",\"target\":[\"https:\/\/news.mgmotor.eu\/it\/press\/all-iaa-mobility-2023-di-monaco-presenti-le-ultime-novita-mg-per-leuropa\/\"]}]},{\"@type\":\"BreadcrumbList\",\"@id\":\"https:\/\/news.mgmotor.eu\/it\/press\/all-iaa-mobility-2023-di-monaco-presenti-le-ultime-novita-mg-per-leuropa\/#breadcrumb\",\"itemListElement\":[{\"@type\":\"ListItem\",\"position\":1,\"name\":\"Home\",\"item\":\"https:\/\/news.mgmotor.eu\/it\/\"},{\"@type\":\"ListItem\",\"position\":2,\"name\":\"Press Releases\",\"item\":\"https:\/\/news.mgmotor.eu\/it\/press\/\"},{\"@type\":\"ListItem\",\"position\":3,\"name\":\"ALL\u2019 IAA MOBILITY 2023 DI MONACO: PRESENTI LE ULTIME NOVIT\u00c0 MG PER L\u2019EUROPA.\"}]},{\"@type\":\"WebSite\",\"@id\":\"https:\/\/news.mgmotor.eu\/#website\",\"url\":\"https:\/\/news.mgmotor.eu\/\",\"name\":\"MG Motor Europe\",\"description\":\"\",\"potentialAction\":[{\"@type\":\"SearchAction\",\"target\":{\"@type\":\"EntryPoint\",\"urlTemplate\":\"https:\/\/news.mgmotor.eu\/?s={search_term_string}\"},\"query-input\":\"required name=search_term_string\"}],\"inLanguage\":\"it-IT\"}]}<\/script>\n<!-- \/ Yoast SEO plugin. -->","yoast_head_json":{"title":"ALL\u2019 IAA MOBILITY 2023 DI MONACO: PRESENTI LE ULTIME NOVIT\u00c0 MG PER L\u2019EUROPA. - MG Motor Europe","robots":{"index":"index","follow":"follow","max-snippet":"max-snippet:-1","max-image-preview":"max-image-preview:large","max-video-preview":"max-video-preview:-1"},"canonical":"https:\/\/news.mgmotor.eu\/it\/press\/all-iaa-mobility-2023-di-monaco-presenti-le-ultime-novita-mg-per-leuropa\/","og_locale":"it_IT","og_type":"article","og_title":"ALL\u2019 IAA MOBILITY 2023 DI MONACO: PRESENTI LE ULTIME NOVIT\u00c0 MG PER L\u2019EUROPA. - MG Motor Europe","og_description":"MG conferma la presenza della Cyberster, l\u2019accattivante roadster due posti EV, al prossimo IAA Mobility 2023 che si terr\u00e0 al [&hellip;]","og_url":"https:\/\/news.mgmotor.eu\/it\/press\/all-iaa-mobility-2023-di-monaco-presenti-le-ultime-novita-mg-per-leuropa\/","og_site_name":"MG Motor Europe","article_modified_time":"2024-01-02T16:55:11+00:00","og_image":[{"width":1200,"height":676,"url":"https:\/\/news.mgmotor.eu\/wp-content\/uploads\/2023\/09\/2.MG-Cyberster-Front-s.jpg","type":"image\/jpeg"}],"twitter_card":"summary_large_image","twitter_misc":{"Est. reading time":"3 minutes"},"schema":{"@context":"https:\/\/schema.org","@graph":[{"@type":"WebPage","@id":"https:\/\/news.mgmotor.eu\/it\/press\/all-iaa-mobility-2023-di-monaco-presenti-le-ultime-novita-mg-per-leuropa\/","url":"https:\/\/news.mgmotor.eu\/it\/press\/all-iaa-mobility-2023-di-monaco-presenti-le-ultime-novita-mg-per-leuropa\/","name":"ALL\u2019 IAA MOBILITY 2023 DI MONACO: PRESENTI LE ULTIME NOVIT\u00c0 MG PER L\u2019EUROPA. - MG Motor Europe","isPartOf":{"@id":"https:\/\/news.mgmotor.eu\/#website"},"datePublished":"2023-08-29T15:57:00+00:00","dateModified":"2024-01-02T16:55:11+00:00","breadcrumb":{"@id":"https:\/\/news.mgmotor.eu\/it\/press\/all-iaa-mobility-2023-di-monaco-presenti-le-ultime-novita-mg-per-leuropa\/#breadcrumb"},"inLanguage":"it-IT","potentialAction":[{"@type":"ReadAction","target":["https:\/\/news.mgmotor.eu\/it\/press\/all-iaa-mobility-2023-di-monaco-presenti-le-ultime-novita-mg-per-leuropa\/"]}]},{"@type":"BreadcrumbList","@id":"https:\/\/news.mgmotor.eu\/it\/press\/all-iaa-mobility-2023-di-monaco-presenti-le-ultime-novita-mg-per-leuropa\/#breadcrumb","itemListElement":[{"@type":"ListItem","position":1,"name":"Home","item":"https:\/\/news.mgmotor.eu\/it\/"},{"@type":"ListItem","position":2,"name":"Press Releases","item":"https:\/\/news.mgmotor.eu\/it\/press\/"},{"@type":"ListItem","position":3,"name":"ALL\u2019 IAA MOBILITY 2023 DI MONACO: PRESENTI LE ULTIME NOVIT\u00c0 MG PER L\u2019EUROPA."}]},{"@type":"WebSite","@id":"https:\/\/news.mgmotor.eu\/#website","url":"https:\/\/news.mgmotor.eu\/","name":"MG Motor Europe","description":"","potentialAction":[{"@type":"SearchAction","target":{"@type":"EntryPoint","urlTemplate":"https:\/\/news.mgmotor.eu\/?s={search_term_string}"},"query-input":"required name=search_term_string"}],"inLanguage":"it-IT"}]}},"_links":{"self":[{"href":"https:\/\/news.mgmotor.eu\/it\/wp-json\/wp\/v2\/press\/3560485"}],"collection":[{"href":"https:\/\/news.mgmotor.eu\/it\/wp-json\/wp\/v2\/press"}],"about":[{"href":"https:\/\/news.mgmotor.eu\/it\/wp-json\/wp\/v2\/types\/press"}],"wp:featuredmedia":[{"embeddable":true,"href":"https:\/\/news.mgmotor.eu\/it\/wp-json\/wp\/v2\/media\/3554844"}],"wp:attachment":[{"href":"https:\/\/news.mgmotor.eu\/it\/wp-json\/wp\/v2\/media?parent=3560485"}],"wp:term":[{"taxonomy":"category","embeddable":true,"href":"https:\/\/news.mgmotor.eu\/it\/wp-json\/wp\/v2\/categories?post=3560485"},{"taxonomy":"post_tag","embeddable":true,"href":"https:\/\/news.mgmotor.eu\/it\/wp-json\/wp\/v2\/tags?post=3560485"}],"curies":[{"name":"wp","href":"https:\/\/api.w.org\/{rel}","templated":true}]}}