{"id":9731,"date":"2021-09-09T16:17:52","date_gmt":"2021-09-09T14:17:52","guid":{"rendered":"https:\/\/news.mgmotor.eu\/?post_type=press&#038;p=9731"},"modified":"2021-09-09T16:34:39","modified_gmt":"2021-09-09T14:34:39","slug":"mg-motor-france-nomme-clement-lefevre-responsable-du-service-de-relations-presse","status":"publish","type":"press","link":"https:\/\/news.mgmotor.eu\/fr\/press\/mg-motor-france-nomme-clement-lefevre-responsable-du-service-de-relations-presse\/","title":{"rendered":"<strong>MG Motor France nomme Cl\u00e9ment Lef\u00e8vre Responsable du service de relations presse<\/strong>"},"content":{"rendered":"\n<p><strong>MG Motor poursuit son d\u00e9ploiement et son d\u00e9veloppement en France en renfor\u00e7ant ses \u00e9quipes et nomme Cl\u00e9ment Lef\u00e8vre Responsable du service de relations presse MG Motor France.<\/strong><\/p>\n\n\n\n<p>Sous la responsabilit\u00e9 de M Jie Zhang, Directeur Marketing MG Motor France, Cl\u00e9ment Lef\u00e8vre aura la charge de l\u2019ensemble des relations avec les m\u00e9dias en France.<\/p>\n\n\n\n<p>Dipl\u00f4m\u00e9 d\u2019un Master ESSCA en marketing et management des r\u00e9seaux automobiles, et sp\u00e9cialiste des relations avec les m\u00e9dias, Cl\u00e9ment Lef\u00e8vre a d\u00e9but\u00e9 sa carri\u00e8re dans le groupe Volkswagen en 2009, int\u00e9grant alors le service de relations presse Audi en tant qu\u2019assistant. Pass\u00e9 par la coordination des m\u00e9thodes commerciales Volkswagen France en 2010, il devient attach\u00e9 de presse pour le constructeur \u0160KODA en France de 2011 \u00e0 2015. Il prend ensuite la responsabilit\u00e9 des relations presse produit Audi France jusqu\u2019\u00e0 fin ao\u00fbt 2021.<\/p>\n\n\n\n<p>Cl\u00e9ment Lef\u00e8vre prend ses fonctions ce jeudi 9 septembre 2021.<\/p>\n\n\n\n<p>Jean-Briac Dalibard, en charge des relations presse de MG Motor en France depuis le 2 novembre 2020 continue d\u2019accompagner avec succ\u00e8s le d\u00e9veloppement du constructeur Sino-Britannique en qualit\u00e9 de consultant RP.<strong><\/strong><\/p>\n","protected":false},"excerpt":{"rendered":"<p>MG Motor poursuit son d\u00e9ploiement et son d\u00e9veloppement en France en renfor\u00e7ant ses \u00e9quipes et nomme Cl\u00e9ment Lef\u00e8vre Responsable du [&hellip;]<\/p>\n","protected":false},"featured_media":9797,"template":"","categories":[],"tags":[],"acf":[],"yoast_head":"<!-- This site is optimized with the Yoast SEO plugin v19.8 - https:\/\/yoast.com\/wordpress\/plugins\/seo\/ -->\n<title>MG Motor France nomme Cl\u00e9ment Lef\u00e8vre Responsable du service de relations presse - MG Motor Europe %<\/title>\n<meta name=\"description\" content=\"Responsable du service de relations presse Cl\u00e9ment Lef\u00e8vre MG Motor France\" \/>\n<meta name=\"robots\" content=\"index, follow, max-snippet:-1, max-image-preview:large, max-video-preview:-1\" \/>\n<link rel=\"canonical\" href=\"https:\/\/news.mgmotor.eu\/fr\/press\/mg-motor-france-nomme-clement-lefevre-responsable-du-service-de-relations-presse\/\" \/>\n<meta property=\"og:locale\" content=\"fr_FR\" \/>\n<meta property=\"og:type\" content=\"article\" \/>\n<meta property=\"og:title\" content=\"Nomination au service de relations presse MG Motor France\" \/>\n<meta property=\"og:description\" content=\"Cl\u00e9ment Lef\u00e8vre nomm\u00e9 responsable du service de relations presse MG Motor France\" \/>\n<meta property=\"og:url\" content=\"https:\/\/news.mgmotor.eu\/fr\/press\/mg-motor-france-nomme-clement-lefevre-responsable-du-service-de-relations-presse\/\" \/>\n<meta property=\"og:site_name\" content=\"MG Motor Europe\" \/>\n<meta property=\"article:modified_time\" content=\"2021-09-09T14:34:39+00:00\" \/>\n<meta property=\"og:image\" content=\"https:\/\/news.mgmotor.eu\/wp-content\/uploads\/2021\/09\/Clement3-NB-HD-1040x585.jpg\" \/>\n\t<meta property=\"og:image:width\" content=\"1040\" \/>\n\t<meta property=\"og:image:height\" content=\"585\" \/>\n\t<meta property=\"og:image:type\" content=\"image\/jpeg\" \/>\n<meta name=\"twitter:card\" content=\"summary_large_image\" \/>\n<meta name=\"twitter:title\" content=\"Nomination au service de relations presse MG Motor France\" \/>\n<meta name=\"twitter:description\" content=\"Cl\u00e9ment Lef\u00e8vre nomm\u00e9 responsable du service de relations presse MG Motor France\" \/>\n<meta name=\"twitter:image\" content=\"https:\/\/news.mgmotor.eu\/wp-content\/uploads\/2021\/09\/Clement3-NB-HD.jpg\" \/>\n<meta name=\"twitter:label1\" content=\"Est. reading time\" \/>\n\t<meta name=\"twitter:data1\" content=\"1 minute\" \/>\n<script type=\"application\/ld+json\" class=\"yoast-schema-graph\">{\"@context\":\"https:\/\/schema.org\",\"@graph\":[{\"@type\":\"WebPage\",\"@id\":\"https:\/\/news.mgmotor.eu\/fr\/press\/mg-motor-france-nomme-clement-lefevre-responsable-du-service-de-relations-presse\/\",\"url\":\"https:\/\/news.mgmotor.eu\/fr\/press\/mg-motor-france-nomme-clement-lefevre-responsable-du-service-de-relations-presse\/\",\"name\":\"MG Motor France nomme Cl\u00e9ment Lef\u00e8vre Responsable du service de relations presse - MG Motor Europe %\",\"isPartOf\":{\"@id\":\"https:\/\/news.mgmotor.eu\/#website\"},\"datePublished\":\"2021-09-09T14:17:52+00:00\",\"dateModified\":\"2021-09-09T14:34:39+00:00\",\"description\":\"Responsable du service de relations presse Cl\u00e9ment Lef\u00e8vre MG Motor France\",\"breadcrumb\":{\"@id\":\"https:\/\/news.mgmotor.eu\/fr\/press\/mg-motor-france-nomme-clement-lefevre-responsable-du-service-de-relations-presse\/#breadcrumb\"},\"inLanguage\":\"fr-FR\",\"potentialAction\":[{\"@type\":\"ReadAction\",\"target\":[\"https:\/\/news.mgmotor.eu\/fr\/press\/mg-motor-france-nomme-clement-lefevre-responsable-du-service-de-relations-presse\/\"]}]},{\"@type\":\"BreadcrumbList\",\"@id\":\"https:\/\/news.mgmotor.eu\/fr\/press\/mg-motor-france-nomme-clement-lefevre-responsable-du-service-de-relations-presse\/#breadcrumb\",\"itemListElement\":[{\"@type\":\"ListItem\",\"position\":1,\"name\":\"Home\",\"item\":\"https:\/\/news.mgmotor.eu\/fr\/\"},{\"@type\":\"ListItem\",\"position\":2,\"name\":\"Press Releases\",\"item\":\"https:\/\/news.mgmotor.eu\/fr\/press\/\"},{\"@type\":\"ListItem\",\"position\":3,\"name\":\"MG Motor France nomme Cl\u00e9ment Lef\u00e8vre Responsable du service de relations presse\"}]},{\"@type\":\"WebSite\",\"@id\":\"https:\/\/news.mgmotor.eu\/#website\",\"url\":\"https:\/\/news.mgmotor.eu\/\",\"name\":\"MG Motor Europe\",\"description\":\"\",\"potentialAction\":[{\"@type\":\"SearchAction\",\"target\":{\"@type\":\"EntryPoint\",\"urlTemplate\":\"https:\/\/news.mgmotor.eu\/?s={search_term_string}\"},\"query-input\":\"required name=search_term_string\"}],\"inLanguage\":\"fr-FR\"}]}<\/script>\n<!-- \/ Yoast SEO plugin. -->","yoast_head_json":{"title":"MG Motor France nomme Cl\u00e9ment Lef\u00e8vre Responsable du service de relations presse - MG Motor Europe %","description":"Responsable du service de relations presse Cl\u00e9ment Lef\u00e8vre MG Motor France","robots":{"index":"index","follow":"follow","max-snippet":"max-snippet:-1","max-image-preview":"max-image-preview:large","max-video-preview":"max-video-preview:-1"},"canonical":"https:\/\/news.mgmotor.eu\/fr\/press\/mg-motor-france-nomme-clement-lefevre-responsable-du-service-de-relations-presse\/","og_locale":"fr_FR","og_type":"article","og_title":"Nomination au service de relations presse MG Motor France","og_description":"Cl\u00e9ment Lef\u00e8vre nomm\u00e9 responsable du service de relations presse MG Motor France","og_url":"https:\/\/news.mgmotor.eu\/fr\/press\/mg-motor-france-nomme-clement-lefevre-responsable-du-service-de-relations-presse\/","og_site_name":"MG Motor Europe","article_modified_time":"2021-09-09T14:34:39+00:00","og_image":[{"width":1040,"height":585,"url":"https:\/\/news.mgmotor.eu\/wp-content\/uploads\/2021\/09\/Clement3-NB-HD-1040x585.jpg","type":"image\/jpeg"}],"twitter_card":"summary_large_image","twitter_title":"Nomination au service de relations presse MG Motor France","twitter_description":"Cl\u00e9ment Lef\u00e8vre nomm\u00e9 responsable du service de relations presse MG Motor France","twitter_image":"https:\/\/news.mgmotor.eu\/wp-content\/uploads\/2021\/09\/Clement3-NB-HD.jpg","twitter_misc":{"Est. reading time":"1 minute"},"schema":{"@context":"https:\/\/schema.org","@graph":[{"@type":"WebPage","@id":"https:\/\/news.mgmotor.eu\/fr\/press\/mg-motor-france-nomme-clement-lefevre-responsable-du-service-de-relations-presse\/","url":"https:\/\/news.mgmotor.eu\/fr\/press\/mg-motor-france-nomme-clement-lefevre-responsable-du-service-de-relations-presse\/","name":"MG Motor France nomme Cl\u00e9ment Lef\u00e8vre Responsable du service de relations presse - MG Motor Europe %","isPartOf":{"@id":"https:\/\/news.mgmotor.eu\/#website"},"datePublished":"2021-09-09T14:17:52+00:00","dateModified":"2021-09-09T14:34:39+00:00","description":"Responsable du service de relations presse Cl\u00e9ment Lef\u00e8vre MG Motor France","breadcrumb":{"@id":"https:\/\/news.mgmotor.eu\/fr\/press\/mg-motor-france-nomme-clement-lefevre-responsable-du-service-de-relations-presse\/#breadcrumb"},"inLanguage":"fr-FR","potentialAction":[{"@type":"ReadAction","target":["https:\/\/news.mgmotor.eu\/fr\/press\/mg-motor-france-nomme-clement-lefevre-responsable-du-service-de-relations-presse\/"]}]},{"@type":"BreadcrumbList","@id":"https:\/\/news.mgmotor.eu\/fr\/press\/mg-motor-france-nomme-clement-lefevre-responsable-du-service-de-relations-presse\/#breadcrumb","itemListElement":[{"@type":"ListItem","position":1,"name":"Home","item":"https:\/\/news.mgmotor.eu\/fr\/"},{"@type":"ListItem","position":2,"name":"Press Releases","item":"https:\/\/news.mgmotor.eu\/fr\/press\/"},{"@type":"ListItem","position":3,"name":"MG Motor France nomme Cl\u00e9ment Lef\u00e8vre Responsable du service de relations presse"}]},{"@type":"WebSite","@id":"https:\/\/news.mgmotor.eu\/#website","url":"https:\/\/news.mgmotor.eu\/","name":"MG Motor Europe","description":"","potentialAction":[{"@type":"SearchAction","target":{"@type":"EntryPoint","urlTemplate":"https:\/\/news.mgmotor.eu\/?s={search_term_string}"},"query-input":"required name=search_term_string"}],"inLanguage":"fr-FR"}]}},"_links":{"self":[{"href":"https:\/\/news.mgmotor.eu\/fr\/wp-json\/wp\/v2\/press\/9731"}],"collection":[{"href":"https:\/\/news.mgmotor.eu\/fr\/wp-json\/wp\/v2\/press"}],"about":[{"href":"https:\/\/news.mgmotor.eu\/fr\/wp-json\/wp\/v2\/types\/press"}],"wp:featuredmedia":[{"embeddable":true,"href":"https:\/\/news.mgmotor.eu\/fr\/wp-json\/wp\/v2\/media\/9797"}],"wp:attachment":[{"href":"https:\/\/news.mgmotor.eu\/fr\/wp-json\/wp\/v2\/media?parent=9731"}],"wp:term":[{"taxonomy":"category","embeddable":true,"href":"https:\/\/news.mgmotor.eu\/fr\/wp-json\/wp\/v2\/categories?post=9731"},{"taxonomy":"post_tag","embeddable":true,"href":"https:\/\/news.mgmotor.eu\/fr\/wp-json\/wp\/v2\/tags?post=9731"}],"curies":[{"name":"wp","href":"https:\/\/api.w.org\/{rel}","templated":true}]}}