{"id":924439,"date":"2022-04-06T09:00:52","date_gmt":"2022-04-06T07:00:52","guid":{"rendered":"https:\/\/news.mgmotor.eu\/?post_type=press&#038;p=924439"},"modified":"2022-04-06T09:01:00","modified_gmt":"2022-04-06T07:01:00","slug":"mg-motor-et-arval-france-nouent-un-partenariat-strategique","status":"publish","type":"press","link":"https:\/\/news.mgmotor.eu\/fr\/press\/mg-motor-et-arval-france-nouent-un-partenariat-strategique\/","title":{"rendered":"MG Motor et Arval France nouent un partenariat strat\u00e9gique"},"content":{"rendered":"\n<p>Courbevoie, 6 avril 2022 \u2013 <strong>Arval, leader en France de la location multimarque de v\u00e9hicules d\u2019entreprise et MG Motor, constructeur de v\u00e9hicules \u00e9lectrifi\u00e9s, nouent un partenariat strat\u00e9gique visant \u00e0 proposer des offres de Location de Longue et Moyenne Dur\u00e9e avec services aux clients professionnels des 120 concessions de MG Motor France.<\/strong><\/p>\n\n\n\n<p>MG Motor, constructeur automobile historique, est de retour sur le march\u00e9 fran\u00e7ais depuis 2020, avec des productions \u00e9lectrifi\u00e9es qui s\u2019appuient toujours sur les m\u00eames principes&nbsp;: des automobiles plaisantes, pratiques et abordables. Aujourd\u2019hui MG se positionne comme un nouvel acteur de la mobilit\u00e9 \u00e9lectrifi\u00e9e et profite de l\u2019expertise du groupe SAIC Motor &#8211; auquel la marque appartient &#8211; deuxi\u00e8me producteur mondial de VE en 2021. MG Motor France connait une croissance rapide avec 4&nbsp;951 immatriculations en 2021, et nourrit de grandes ambitions pour son d\u00e9veloppement en 2022, dont celle de se d\u00e9velopper sur le march\u00e9 des entreprises.<\/p>\n\n\n\n<p>Leader de la location longue dur\u00e9e de v\u00e9hicules professionnels en France, l\u2019objectif d\u2019Arval est de continuer \u00e0 d\u00e9velopper des partenariats strat\u00e9giques afin de devenir un leader de la mobilit\u00e9, en coh\u00e9rence avec son plan strat\u00e9gique \u00ab&nbsp;Arval Beyond&nbsp;\u00bb. Arval a d\u2019ailleurs d\u00e9j\u00e0 nou\u00e9 des partenariats de premier plan dans les secteurs de l\u2019automobile, de l\u2019\u00e9nergie, de l\u2019assurance ou encore des transports.<\/p>\n\n\n\n<p><strong><u>150&nbsp;000 v\u00e9hicules \u00e9lectrifi\u00e9s pour Arval France en 2025<\/u><\/strong><\/p>\n\n\n\n<p>La volont\u00e9 d\u2019Arval est d\u2019accompagner ses clients dans leur transition \u00e9nerg\u00e9tique. Ce qui se traduit notamment par plus de 30&nbsp;% de v\u00e9hicules \u00e9lectrifi\u00e9s dans ses commandes \u00e0 fin 2021 avec un objectif de 150&nbsp;000 v\u00e9hicules \u00e9lectrifi\u00e9s lou\u00e9s en France, en 2025. Ce partenariat avec MG Motor, un tout nouvel acteur du march\u00e9 sp\u00e9cialis\u00e9 dans les v\u00e9hicules \u00e9lectrifi\u00e9s, s\u2019inscrit dans le cadre de cette ambition.<\/p>\n\n\n\n<p>Le r\u00e9seau de distribution de MG Motor France commercialisera une offre de Location Longue Dur\u00e9e et de Location Moyenne Dur\u00e9e (3 \u00e0 72 mois), avec un ensemble de services associ\u00e9s qui s\u2019adressent \u00e0 des clients professionnels, PME et grands comptes.<\/p>\n\n\n\n<p>Arval sera en charge de la mise en \u0153uvre des op\u00e9rations de gestion des contrats et l\u2019animation commerciale du r\u00e9seau MG Motor France.<\/p>\n\n\n\n<p>\u00ab&nbsp;<em>Je suis ravi de ce partenariat entre Arval France et MG Motor France, qui s\u2019inscrit pleinement dans notre plan strat\u00e9gique \u00ab&nbsp;Arval Beyond&nbsp;\u00bb. Avec MG Motor, nous allons proposer des solutions innovantes et durables \u00e0 nos clients communs, puisque la gamme propos\u00e9e par MG est \u00e0 100% compos\u00e9e de v\u00e9hicules \u00e9lectrifi\u00e9s.<\/em>&nbsp;\u00bb d\u00e9clare Ferr\u00e9ol Mayoly, Directeur G\u00e9n\u00e9ral d\u2019Arval France.<\/p>\n\n\n\n<p><em>\u00ab&nbsp;Le march\u00e9 des entreprises est un volet important de la strat\u00e9gie de d\u00e9veloppement de MG Motor en France. La signature de ce partenariat avec Arval, leader de la location aux entreprises dans l\u2019Hexagone va nous permettre d\u2019\u00e9largir notre portefeuille de solutions de mobilit\u00e9 et de services, \u00e9l\u00e9ments essentiels dans la transition \u00e9nerg\u00e9tique dont nous sommes acteurs.&nbsp;\u00bb<\/em> d\u00e9clare Haojie Guo, Vice-Pr\u00e9sident de MG Motor France.<\/p>\n","protected":false},"excerpt":{"rendered":"<p>Courbevoie, 6 avril 2022 \u2013 Arval, leader en France de la location multimarque de v\u00e9hicules d\u2019entreprise et MG Motor, constructeur [&hellip;]<\/p>\n","protected":false},"featured_media":924909,"template":"","categories":[62],"tags":[],"acf":[],"yoast_head":"<!-- This site is optimized with the Yoast SEO plugin v19.8 - https:\/\/yoast.com\/wordpress\/plugins\/seo\/ -->\n<title>MG Motor et Arval France nouent un partenariat strat\u00e9gique - MG Motor Europe<\/title>\n<meta name=\"robots\" content=\"index, follow, max-snippet:-1, max-image-preview:large, max-video-preview:-1\" \/>\n<link rel=\"canonical\" href=\"https:\/\/news.mgmotor.eu\/fr\/press\/mg-motor-et-arval-france-nouent-un-partenariat-strategique\/\" \/>\n<meta property=\"og:locale\" content=\"fr_FR\" \/>\n<meta property=\"og:type\" content=\"article\" \/>\n<meta property=\"og:title\" content=\"MG Motor et Arval France nouent un partenariat strat\u00e9gique - MG Motor Europe\" \/>\n<meta property=\"og:description\" content=\"Courbevoie, 6 avril 2022 \u2013 Arval, leader en France de la location multimarque de v\u00e9hicules d\u2019entreprise et MG Motor, constructeur [&hellip;]\" \/>\n<meta property=\"og:url\" content=\"https:\/\/news.mgmotor.eu\/fr\/press\/mg-motor-et-arval-france-nouent-un-partenariat-strategique\/\" \/>\n<meta property=\"og:site_name\" content=\"MG Motor Europe\" \/>\n<meta property=\"article:modified_time\" content=\"2022-04-06T07:01:00+00:00\" \/>\n<meta property=\"og:image\" content=\"https:\/\/news.mgmotor.eu\/wp-content\/uploads\/2022\/04\/2D8A8218-1040x585.jpg\" \/>\n\t<meta property=\"og:image:width\" content=\"1040\" \/>\n\t<meta property=\"og:image:height\" content=\"585\" \/>\n\t<meta property=\"og:image:type\" content=\"image\/jpeg\" \/>\n<meta name=\"twitter:card\" content=\"summary_large_image\" \/>\n<meta name=\"twitter:label1\" content=\"Est. reading time\" \/>\n\t<meta name=\"twitter:data1\" content=\"3 minutes\" \/>\n<script type=\"application\/ld+json\" class=\"yoast-schema-graph\">{\"@context\":\"https:\/\/schema.org\",\"@graph\":[{\"@type\":\"WebPage\",\"@id\":\"https:\/\/news.mgmotor.eu\/fr\/press\/mg-motor-et-arval-france-nouent-un-partenariat-strategique\/\",\"url\":\"https:\/\/news.mgmotor.eu\/fr\/press\/mg-motor-et-arval-france-nouent-un-partenariat-strategique\/\",\"name\":\"MG Motor et Arval France nouent un partenariat strat\u00e9gique - MG Motor Europe\",\"isPartOf\":{\"@id\":\"https:\/\/news.mgmotor.eu\/#website\"},\"datePublished\":\"2022-04-06T07:00:52+00:00\",\"dateModified\":\"2022-04-06T07:01:00+00:00\",\"breadcrumb\":{\"@id\":\"https:\/\/news.mgmotor.eu\/fr\/press\/mg-motor-et-arval-france-nouent-un-partenariat-strategique\/#breadcrumb\"},\"inLanguage\":\"fr-FR\",\"potentialAction\":[{\"@type\":\"ReadAction\",\"target\":[\"https:\/\/news.mgmotor.eu\/fr\/press\/mg-motor-et-arval-france-nouent-un-partenariat-strategique\/\"]}]},{\"@type\":\"BreadcrumbList\",\"@id\":\"https:\/\/news.mgmotor.eu\/fr\/press\/mg-motor-et-arval-france-nouent-un-partenariat-strategique\/#breadcrumb\",\"itemListElement\":[{\"@type\":\"ListItem\",\"position\":1,\"name\":\"Home\",\"item\":\"https:\/\/news.mgmotor.eu\/fr\/\"},{\"@type\":\"ListItem\",\"position\":2,\"name\":\"Press Releases\",\"item\":\"https:\/\/news.mgmotor.eu\/fr\/press\/\"},{\"@type\":\"ListItem\",\"position\":3,\"name\":\"MG Motor et Arval France nouent un partenariat strat\u00e9gique\"}]},{\"@type\":\"WebSite\",\"@id\":\"https:\/\/news.mgmotor.eu\/#website\",\"url\":\"https:\/\/news.mgmotor.eu\/\",\"name\":\"MG Motor Europe\",\"description\":\"\",\"potentialAction\":[{\"@type\":\"SearchAction\",\"target\":{\"@type\":\"EntryPoint\",\"urlTemplate\":\"https:\/\/news.mgmotor.eu\/?s={search_term_string}\"},\"query-input\":\"required name=search_term_string\"}],\"inLanguage\":\"fr-FR\"}]}<\/script>\n<!-- \/ Yoast SEO plugin. -->","yoast_head_json":{"title":"MG Motor et Arval France nouent un partenariat strat\u00e9gique - MG Motor Europe","robots":{"index":"index","follow":"follow","max-snippet":"max-snippet:-1","max-image-preview":"max-image-preview:large","max-video-preview":"max-video-preview:-1"},"canonical":"https:\/\/news.mgmotor.eu\/fr\/press\/mg-motor-et-arval-france-nouent-un-partenariat-strategique\/","og_locale":"fr_FR","og_type":"article","og_title":"MG Motor et Arval France nouent un partenariat strat\u00e9gique - MG Motor Europe","og_description":"Courbevoie, 6 avril 2022 \u2013 Arval, leader en France de la location multimarque de v\u00e9hicules d\u2019entreprise et MG Motor, constructeur [&hellip;]","og_url":"https:\/\/news.mgmotor.eu\/fr\/press\/mg-motor-et-arval-france-nouent-un-partenariat-strategique\/","og_site_name":"MG Motor Europe","article_modified_time":"2022-04-06T07:01:00+00:00","og_image":[{"width":1040,"height":585,"url":"https:\/\/news.mgmotor.eu\/wp-content\/uploads\/2022\/04\/2D8A8218-1040x585.jpg","type":"image\/jpeg"}],"twitter_card":"summary_large_image","twitter_misc":{"Est. reading time":"3 minutes"},"schema":{"@context":"https:\/\/schema.org","@graph":[{"@type":"WebPage","@id":"https:\/\/news.mgmotor.eu\/fr\/press\/mg-motor-et-arval-france-nouent-un-partenariat-strategique\/","url":"https:\/\/news.mgmotor.eu\/fr\/press\/mg-motor-et-arval-france-nouent-un-partenariat-strategique\/","name":"MG Motor et Arval France nouent un partenariat strat\u00e9gique - MG Motor Europe","isPartOf":{"@id":"https:\/\/news.mgmotor.eu\/#website"},"datePublished":"2022-04-06T07:00:52+00:00","dateModified":"2022-04-06T07:01:00+00:00","breadcrumb":{"@id":"https:\/\/news.mgmotor.eu\/fr\/press\/mg-motor-et-arval-france-nouent-un-partenariat-strategique\/#breadcrumb"},"inLanguage":"fr-FR","potentialAction":[{"@type":"ReadAction","target":["https:\/\/news.mgmotor.eu\/fr\/press\/mg-motor-et-arval-france-nouent-un-partenariat-strategique\/"]}]},{"@type":"BreadcrumbList","@id":"https:\/\/news.mgmotor.eu\/fr\/press\/mg-motor-et-arval-france-nouent-un-partenariat-strategique\/#breadcrumb","itemListElement":[{"@type":"ListItem","position":1,"name":"Home","item":"https:\/\/news.mgmotor.eu\/fr\/"},{"@type":"ListItem","position":2,"name":"Press Releases","item":"https:\/\/news.mgmotor.eu\/fr\/press\/"},{"@type":"ListItem","position":3,"name":"MG Motor et Arval France nouent un partenariat strat\u00e9gique"}]},{"@type":"WebSite","@id":"https:\/\/news.mgmotor.eu\/#website","url":"https:\/\/news.mgmotor.eu\/","name":"MG Motor Europe","description":"","potentialAction":[{"@type":"SearchAction","target":{"@type":"EntryPoint","urlTemplate":"https:\/\/news.mgmotor.eu\/?s={search_term_string}"},"query-input":"required name=search_term_string"}],"inLanguage":"fr-FR"}]}},"_links":{"self":[{"href":"https:\/\/news.mgmotor.eu\/fr\/wp-json\/wp\/v2\/press\/924439"}],"collection":[{"href":"https:\/\/news.mgmotor.eu\/fr\/wp-json\/wp\/v2\/press"}],"about":[{"href":"https:\/\/news.mgmotor.eu\/fr\/wp-json\/wp\/v2\/types\/press"}],"wp:featuredmedia":[{"embeddable":true,"href":"https:\/\/news.mgmotor.eu\/fr\/wp-json\/wp\/v2\/media\/924909"}],"wp:attachment":[{"href":"https:\/\/news.mgmotor.eu\/fr\/wp-json\/wp\/v2\/media?parent=924439"}],"wp:term":[{"taxonomy":"category","embeddable":true,"href":"https:\/\/news.mgmotor.eu\/fr\/wp-json\/wp\/v2\/categories?post=924439"},{"taxonomy":"post_tag","embeddable":true,"href":"https:\/\/news.mgmotor.eu\/fr\/wp-json\/wp\/v2\/tags?post=924439"}],"curies":[{"name":"wp","href":"https:\/\/api.w.org\/{rel}","templated":true}]}}