{"id":3619258,"date":"2026-03-10T10:32:46","date_gmt":"2026-03-10T09:32:46","guid":{"rendered":"https:\/\/news.mgmotor.eu\/?post_type=press&#038;p=3619258"},"modified":"2026-03-10T10:35:33","modified_gmt":"2026-03-10T09:35:33","slug":"ouverture-des-commandes-de-la-nouvelle-mg4-ev","status":"publish","type":"press","link":"https:\/\/news.mgmotor.eu\/fr\/press\/ouverture-des-commandes-de-la-nouvelle-mg4-ev\/","title":{"rendered":"Ouverture des commandes de la nouvelle MG4 EV"},"content":{"rendered":"\n<ul>\n<li><strong>De nouvelles technologies moteur et batteries au service de l\u2019autonomie et des performances<\/strong><\/li>\n\n\n\n<li><strong>Un habitacle compl\u00e8tement revu avec de nouvelles technologies, des \u00e9quipements suppl\u00e9mentaires et une qualit\u00e9 per\u00e7ue en hausse<\/strong><\/li>\n\n\n\n<li><strong>Disponible \u00e0 partir de 33 490 \u20ac TTC dans les 197 points de vente et entre tien MG Motor France<\/strong><\/li>\n\n\n\n<li><strong>Offre de lancement&nbsp;: 6 000 \u20ac de remise sur toute la gamme nouvelle MG4 EV jusqu\u2019au 31 mars 2026<\/strong><\/li>\n<\/ul>\n\n\n\n<p>Courbevoie, le 10 mars 2026 \u2013 <strong>Depuis son arriv\u00e9e sur le march\u00e9 europ\u00e9en, la MG4 EV s\u2019est impos\u00e9e comme l\u2019une des compactes \u00e9lectriques les plus attractives du segment. Gr\u00e2ce \u00e0 un rapport prix-prestations particuli\u00e8rement comp\u00e9titif et \u00e0 une proposition technique innovante, elle a rapidement trouv\u00e9 sa place aupr\u00e8s des conducteurs fran\u00e7ais. En 2023, le mod\u00e8le a enregistr\u00e9 plus de 21 000 immatriculations sur l\u2019ann\u00e9e, portant \u00e0 plus de 33 000 le nombre total d\u2019exemplaires vendus depuis son lancement.<\/strong><\/p>\n\n\n\n<p>Forte de ce succ\u00e8s, MG ouvre les commandes aujourd\u2019hui de la nouvelle MG4 EV. Elle conserve les fondamentaux qui ont fait sa r\u00e9ussite tout en introduisant un habitacle enti\u00e8rement repens\u00e9, des am\u00e9liorations techniques significatives et un niveau d\u2019\u00e9quipement encore plus complet. Avec une autonomie pouvant atteindre 545 kilom\u00e8tres selon le cycle WLTP et une recharge rapide optimis\u00e9e, elle entend renforcer encore sa position sur le march\u00e9 tr\u00e8s disput\u00e9 des compactes \u00e9lectriques.<\/p>\n\n\n\n<p><strong>Un design affin\u00e9 et un habitacle enti\u00e8rement repens\u00e9<\/strong><\/p>\n\n\n\n<p>\u00c0 l\u2019ext\u00e9rieur, l\u2019\u00e9volution stylistique se veut subtile mais efficace. Le profil caract\u00e9ristique de la MG4 EV est conserv\u00e9, avec ses lignes dynamiques, son pavillon plongeant et ses flancs sculpt\u00e9s qui participent \u00e0 son identit\u00e9 visuelle. Plusieurs \u00e9l\u00e9ments ont toutefois \u00e9t\u00e9 optimis\u00e9s afin d\u2019am\u00e9liorer l\u2019a\u00e9rodynamique et l\u2019efficience globale du v\u00e9hicule.<\/p>\n\n\n\n<p>Les jantes adoptent ainsi un dessin in\u00e9dit favorisant la circulation de l\u2019air, tandis que le spoiler arri\u00e8re devient monobloc. Ces \u00e9volutions participent \u00e0 la r\u00e9duction des turbulences et contribuent \u00e0 am\u00e9liorer la consommation \u00e9nerg\u00e9tique.<\/p>\n\n\n\n<p>L\u2019\u00e9volution la plus marquante se situe toutefois \u00e0 l\u2019int\u00e9rieur. La nouvelle MG4 EV inaugure un habitacle enti\u00e8rement redessin\u00e9, inspir\u00e9 des derniers mod\u00e8les \u00e9lectriques de la marque. L\u2019objectif est clair : am\u00e9liorer la qualit\u00e9 per\u00e7ue, l\u2019ergonomie et la vie \u00e0 bord.<\/p>\n\n\n\n<p>La planche de bord accueille d\u00e9sormais un \u00e9cran central tactile de 12,8 pouces dot\u00e9 d\u2019une interface modernis\u00e9e, associ\u00e9 \u00e0 un combin\u00e9 num\u00e9rique de 7 pouces positionn\u00e9 derri\u00e8re le volant. La console centrale a \u00e9galement \u00e9t\u00e9 repens\u00e9e et int\u00e8gre de nouveaux espaces de rangement ainsi qu\u2019un chargeur de smartphone par induction. Les mat\u00e9riaux et les assemblages ont \u00e9t\u00e9 revus afin d\u2019offrir une atmosph\u00e8re plus qualitative et plus contemporaine.<\/p>\n\n\n\n<p>La version XPOWER affirme quant \u00e0 elle une identit\u00e9 plus sportive avec des si\u00e8ges avant enti\u00e8rement redessin\u00e9s. Dot\u00e9s d\u2019appuie-t\u00eate int\u00e9gr\u00e9s et d\u2019un maintien lat\u00e9ral renforc\u00e9, ils participent \u00e0 l\u2019ambiance dynamique de cette d\u00e9clinaison haute performance tout en am\u00e9liorant le confort lors des conduites les plus engag\u00e9es.<\/p>\n\n\n\n<p><strong>Une architecture \u00e9lectrique optimis\u00e9e<\/strong><\/p>\n\n\n\n<p>Comme la premi\u00e8re g\u00e9n\u00e9ration, la nouvelle MG4 EV repose sur la plateforme modulaire MSP d\u00e9velopp\u00e9e sp\u00e9cifiquement pour les v\u00e9hicules \u00e9lectriques. Cette architecture constitue l\u2019un des piliers techniques du mod\u00e8le.<\/p>\n\n\n\n<p>Gr\u00e2ce \u00e0 la position de la batterie dans le plancher, la plateforme permet d\u2019obtenir un centre de gravit\u00e9 particuli\u00e8rement bas et une r\u00e9partition des masses proche de l\u2019\u00e9quilibre parfait. Ces caract\u00e9ristiques contribuent directement au comportement dynamique du v\u00e9hicule, fid\u00e8le \u00e0 l\u2019ADN \u00ab Fun to Drive \u00bb de la marque.<\/p>\n\n\n\n<p>La MG4 EV conserve \u00e9galement la technologie de batterie \u00ab One Pack \u00bb, dont la structure \u00e0 cellules horizontales pr\u00e9sente plusieurs avantages. Avec seulement 110 millim\u00e8tres d\u2019\u00e9paisseur, elle lib\u00e8re davantage d\u2019espace pour les passagers tout en am\u00e9liorant la s\u00e9curit\u00e9 et la gestion thermique du syst\u00e8me. Cette conception innovante contribue \u00e9galement \u00e0 la long\u00e9vit\u00e9 de la batterie en limitant les contraintes m\u00e9caniques appliqu\u00e9es aux cellules au fil du temps.<\/p>\n\n\n\n<p><strong>Jusqu\u2019\u00e0 545 kilom\u00e8tres d\u2019autonomie<\/strong><\/p>\n\n\n\n<p>Au lancement, la nouvelle MG4 EV sera propos\u00e9e avec trois configurations de motorisation et de batterie. La version Premium \u00e9quip\u00e9e d\u2019une batterie LFP de 64 kWh d\u00e9veloppe 190 ch et offre jusqu\u2019\u00e0 452 kilom\u00e8tres d\u2019autonomie WLTP. Elle constitue le c\u0153ur de gamme et repr\u00e9sente la proposition la plus \u00e9quilibr\u00e9e entre performances, autonomie et prix.<\/p>\n\n\n\n<p>Une version Premium dot\u00e9e d\u2019une batterie de 77 kWh compl\u00e8te l\u2019offre. Avec 245 ch et une autonomie pouvant atteindre 545 kilom\u00e8tres selon le cycle WLTP, elle s\u2019adresse aux conducteurs recherchant une plus grande polyvalence sur les longs trajets.<\/p>\n\n\n\n<p>La recharge rapide progresse \u00e9galement sur l\u2019ensemble de la gamme. La batterie de 64 kWh peut ainsi passer de 10 \u00e0 80 % en seulement 25 minutes sur borne rapide, soit une am\u00e9lioration notable par rapport \u00e0 la g\u00e9n\u00e9ration pr\u00e9c\u00e9dente. Selon les versions, la puissance maximale de charge en courant continu atteint d\u00e9sormais jusqu\u2019\u00e0 154 kW. Le chargeur embarqu\u00e9 de 11 kW en courant alternatif est quant \u00e0 lui propos\u00e9 de s\u00e9rie sur toutes les versions.<\/p>\n\n\n\n<p>Ces \u00e9volutions s\u2019accompagnent d\u2019un travail approfondi sur l\u2019efficience globale du v\u00e9hicule. Les optimisations a\u00e9rodynamiques, la gestion am\u00e9lior\u00e9e du moteur et de la batterie ainsi que l\u2019int\u00e9gration d\u2019une pompe \u00e0 chaleur contribuent \u00e0 rapprocher davantage l\u2019autonomie r\u00e9elle des valeurs homologu\u00e9es.<strong><br><\/strong><\/p>\n\n\n\n<p><strong>XPOWER : la compacte \u00e9lectrique aux performances extr\u00eames<\/strong><\/p>\n\n\n\n<p>Au sommet de la gamme, la MG4 EV XPOWER continue d\u2019incarner la vision la plus sportive du mod\u00e8le. Dot\u00e9e d\u2019une transmission int\u00e9grale et de deux moteurs \u00e9lectriques, elle d\u00e9veloppe une puissance totale de 435 chevaux.<\/p>\n\n\n\n<p>Cette configuration lui permet d\u2019abattre l\u2019exercice du 0 \u00e0 100 km\/h en seulement 3,8 secondes, un niveau de performance rarement atteint dans la cat\u00e9gorie des compactes \u00e9lectriques. La XPOWER se distingue \u00e9galement par des \u00e9l\u00e9ments de design sp\u00e9cifiques, dont des jantes alliage bicolores de 18 pouces, des \u00e9triers de frein orange et une pr\u00e9sentation int\u00e9rieure d\u00e9di\u00e9e.<\/p>\n\n\n\n<p><strong>Technologies embarqu\u00e9es et connectivit\u00e9<\/strong><\/p>\n\n\n\n<p>La nouvelle MG4 EV b\u00e9n\u00e9ficie \u00e9galement d\u2019une \u00e9volution de ses technologies embarqu\u00e9es. Le syst\u00e8me d\u2019aides \u00e0 la conduite MG Pilot est propos\u00e9 de s\u00e9rie et regroupe un ensemble complet de fonctions de s\u00e9curit\u00e9 et d\u2019assistance, parmi lesquelles le r\u00e9gulateur de vitesse adaptatif, le maintien actif dans la voie, la surveillance des angles morts ou encore l\u2019alerte de trafic arri\u00e8re.<\/p>\n\n\n\n<p>Une nouvelle fonction baptis\u00e9e MG Pilot Custom permet d\u00e9sormais aux conducteurs de personnaliser leurs r\u00e9glages d\u2019aides \u00e0 la conduite et de les restaurer automatiquement au d\u00e9marrage du v\u00e9hicule.<\/p>\n\n\n\n<p>La connectivit\u00e9 \u00e9volue \u00e9galement avec l\u2019int\u00e9gration de s\u00e9rie d\u2019Apple CarPlay et d\u2019Android Auto en mode sans fil. Le syst\u00e8me multim\u00e9dia est associ\u00e9 \u00e0 la plateforme connect\u00e9e iSMART, qui permet notamment de contr\u00f4ler \u00e0 distance certaines fonctions du v\u00e9hicule via une application mobile. La navigation int\u00e8gre par ailleurs un planificateur d\u2019itin\u00e9raire capable de recommander les arr\u00eats de recharge n\u00e9cessaires sur les longs trajets.<\/p>\n\n\n\n<p><strong>Gamme et tarifs<\/strong><\/p>\n\n\n\n<p>La nouvelle MG4 EV est propos\u00e9e en trois versions : Premium 64 kWh, Premium 77 kWh et XPOWER 64 kWh.<\/p>\n\n\n\n<p>Les tarifs d\u00e9butent \u00e0 33 490 \u20ac pour la version Premium \u00e9quip\u00e9e de la batterie 64 kWh.<\/p>\n\n\n\n<p>La version Premium 77 kWh est propos\u00e9e \u00e0 partir de 36 990 \u20ac.<\/p>\n\n\n\n<p>La d\u00e9clinaison haute performance XPOWER est affich\u00e9e \u00e0 partir de 38 990 \u20ac.<\/p>\n\n\n\n<p>La compacte \u00e9lectrique de MG est disponible avec sept teintes ext\u00e9rieures, dont le nouveau Iris Cyan, choisi comme couleur de lancement.<\/p>\n\n\n\n<p>Avec cette \u00e9volution, la MG4 EV confirme son ambition : proposer une compacte \u00e9lectrique \u00e0 la fois performante, technologique et accessible. Gr\u00e2ce \u00e0 ses am\u00e9liorations techniques, \u00e0 son habitacle enti\u00e8rement renouvel\u00e9 et \u00e0 son autonomie en hausse, la nouvelle MG4 EV entend poursuivre le succ\u00e8s rencontr\u00e9 par la premi\u00e8re g\u00e9n\u00e9ration et continuer de s\u2019imposer comme l\u2019une des r\u00e9f\u00e9rences du march\u00e9 europ\u00e9en des v\u00e9hicules \u00e9lectriques.<\/p>\n\n\n\n<p>Au lancement, toutes les versions de la nouvelle MG4 EV b\u00e9n\u00e9ficient d\u2019une remise de 6 000 \u20ac jusqu\u2019au 31 mars 2026. La gamme d\u00e9bute donc \u00e0 partir de 27 490 \u20ac pour la nouvelle MG4 EV premium 64 kWh.<br><\/p>\n\n\n\n<figure class=\"wp-block-table\"><table><tbody><tr><td><strong>PREMIUM<\/strong>&nbsp; &nbsp;<\/td><td><strong>XPOWER<\/strong>&nbsp;<br><em>Equipements&nbsp;Premium\u202f+<\/em>&nbsp;<\/td><\/tr><tr><td>Volant en similicuir r\u00e9glable 4 positions avec chauffage\u00a0 <br>Phares LED\u00a0 <br>Acc\u00e8s sans cl\u00e9\u00a0<br>Capteurs de stationnement arri\u00e8re\u00a0 <br>MG Pilot (ACC, ICA, LKA, BSD, RTA, LCA, DOW)\u00a0 <br>\u00c9cran tactile 12,8\u2019\u2019\u00a0 <br>Compteur num\u00e9rique 7\u2019\u2019\u202f\u00a0 <br>V2L\u00a0 <br>One\u00a0Pedal\u00a0 <br>C\u00e2ble de recharge Mode 2 Type 3\u00a0 <br>Chargeur embarqu\u00e9 11 kW\u00a0 <br>Volets de calandre actifs (AGS)\u00a0 <br>Sellerie similicuir\u00a0 <br>Jantes 18&#8243; avec enjoliveurs a\u00e9rodynamiques\u00a0 <br>Si\u00e8ges avant chauffants\u00a0 <br>R\u00e9troviseurs ext\u00e9rieurs rabattables \u00e9lectriquement\u00a0 <br>4 vitres \u00e9lectriques \u00e0 impulsion\u00a0 <br>Planificateur d\u2019itin\u00e9raire\u00a0 <br>Cam\u00e9ra 360\u00b0\u00a0\u00a0 <br>6 haut-parleurs\u00a0 <br>iSMART\u00a0 <br>Pompe \u00e0 chaleur\u00a0 <br>Carplay\/Android Auto sans fil\u00a0 <br>3 ports USB Type-C\u00a0 <br>Avertissement de collision arri\u00e8re\u00a0 <br>MG Pilot Custom\u00a0 <br>R\u00e9troviseur int\u00e9rieur photochromique\u00a0 <br>Cl\u00e9 Bluetooth\u00a0 <br>Toit noir (sur 77kWh uniquement)\u00a0 \u00a0<\/td><td>Toit noir\u00a0\u00a0 <br>Jantes alliage bicolores 18\u2019\u2019\u00a0 <br>\u00c9triers de frein orange XPOWER\u00a0 <br>Syst\u00e8me XDS\u00a0 <br>Badges ext\u00e9rieur XPOWER\u00a0 <br>Sellerie en su\u00e9dine gris\u00a0 <br>Seuils de porte XPOWER\u00a0 <br>Launch control\u00a0 <br>Si\u00e8ges sports avec appuie-t\u00eate int\u00e9gr\u00e9s\u00a0 <br>Support lombaire\u00a0 <br>P\u00e9dalier aluminium\u00a0 \u00a0<\/td><\/tr><\/tbody><\/table><\/figure>\n\n\n\n<p>* Autonomie WLTP \u2013 donn\u00e9es exactes au moment de la publication.<\/p>\n","protected":false},"excerpt":{"rendered":"<p>Courbevoie, le 10 mars 2026 \u2013 Depuis son arriv\u00e9e sur le march\u00e9 europ\u00e9en, la MG4 EV s\u2019est impos\u00e9e comme l\u2019une [&hellip;]<\/p>\n","protected":false},"featured_media":3619259,"template":"","categories":[54],"tags":[],"acf":[],"yoast_head":"<!-- This site is optimized with the Yoast SEO plugin v19.8 - https:\/\/yoast.com\/wordpress\/plugins\/seo\/ -->\n<title>Ouverture des commandes de la nouvelle MG4 EV - MG Motor Europe<\/title>\n<meta name=\"robots\" content=\"index, follow, max-snippet:-1, max-image-preview:large, max-video-preview:-1\" \/>\n<link rel=\"canonical\" href=\"https:\/\/news.mgmotor.eu\/fr\/press\/ouverture-des-commandes-de-la-nouvelle-mg4-ev\/\" \/>\n<meta property=\"og:locale\" content=\"fr_FR\" \/>\n<meta property=\"og:type\" content=\"article\" \/>\n<meta property=\"og:title\" content=\"Ouverture des commandes de la nouvelle MG4 EV - MG Motor Europe\" \/>\n<meta property=\"og:description\" content=\"Courbevoie, le 10 mars 2026 \u2013 Depuis son arriv\u00e9e sur le march\u00e9 europ\u00e9en, la MG4 EV s\u2019est impos\u00e9e comme l\u2019une [&hellip;]\" \/>\n<meta property=\"og:url\" content=\"https:\/\/news.mgmotor.eu\/fr\/press\/ouverture-des-commandes-de-la-nouvelle-mg4-ev\/\" \/>\n<meta property=\"og:site_name\" content=\"MG Motor Europe\" \/>\n<meta property=\"article:modified_time\" content=\"2026-03-10T09:35:33+00:00\" \/>\n<meta property=\"og:image\" content=\"https:\/\/news.mgmotor.eu\/wp-content\/uploads\/2026\/03\/E12A4028-1040x585.jpg\" \/>\n\t<meta property=\"og:image:width\" content=\"1040\" \/>\n\t<meta property=\"og:image:height\" content=\"585\" \/>\n\t<meta property=\"og:image:type\" content=\"image\/jpeg\" \/>\n<meta name=\"twitter:card\" content=\"summary_large_image\" \/>\n<meta name=\"twitter:label1\" content=\"Est. reading time\" \/>\n\t<meta name=\"twitter:data1\" content=\"8 minutes\" \/>\n<script type=\"application\/ld+json\" class=\"yoast-schema-graph\">{\"@context\":\"https:\/\/schema.org\",\"@graph\":[{\"@type\":\"WebPage\",\"@id\":\"https:\/\/news.mgmotor.eu\/fr\/press\/ouverture-des-commandes-de-la-nouvelle-mg4-ev\/\",\"url\":\"https:\/\/news.mgmotor.eu\/fr\/press\/ouverture-des-commandes-de-la-nouvelle-mg4-ev\/\",\"name\":\"Ouverture des commandes de la nouvelle MG4 EV - MG Motor Europe\",\"isPartOf\":{\"@id\":\"https:\/\/news.mgmotor.eu\/#website\"},\"datePublished\":\"2026-03-10T09:32:46+00:00\",\"dateModified\":\"2026-03-10T09:35:33+00:00\",\"breadcrumb\":{\"@id\":\"https:\/\/news.mgmotor.eu\/fr\/press\/ouverture-des-commandes-de-la-nouvelle-mg4-ev\/#breadcrumb\"},\"inLanguage\":\"fr-FR\",\"potentialAction\":[{\"@type\":\"ReadAction\",\"target\":[\"https:\/\/news.mgmotor.eu\/fr\/press\/ouverture-des-commandes-de-la-nouvelle-mg4-ev\/\"]}]},{\"@type\":\"BreadcrumbList\",\"@id\":\"https:\/\/news.mgmotor.eu\/fr\/press\/ouverture-des-commandes-de-la-nouvelle-mg4-ev\/#breadcrumb\",\"itemListElement\":[{\"@type\":\"ListItem\",\"position\":1,\"name\":\"Home\",\"item\":\"https:\/\/news.mgmotor.eu\/fr\/\"},{\"@type\":\"ListItem\",\"position\":2,\"name\":\"Press Releases\",\"item\":\"https:\/\/news.mgmotor.eu\/fr\/press\/\"},{\"@type\":\"ListItem\",\"position\":3,\"name\":\"Ouverture des commandes de la nouvelle MG4 EV\"}]},{\"@type\":\"WebSite\",\"@id\":\"https:\/\/news.mgmotor.eu\/#website\",\"url\":\"https:\/\/news.mgmotor.eu\/\",\"name\":\"MG Motor Europe\",\"description\":\"\",\"potentialAction\":[{\"@type\":\"SearchAction\",\"target\":{\"@type\":\"EntryPoint\",\"urlTemplate\":\"https:\/\/news.mgmotor.eu\/?s={search_term_string}\"},\"query-input\":\"required name=search_term_string\"}],\"inLanguage\":\"fr-FR\"}]}<\/script>\n<!-- \/ Yoast SEO plugin. -->","yoast_head_json":{"title":"Ouverture des commandes de la nouvelle MG4 EV - MG Motor Europe","robots":{"index":"index","follow":"follow","max-snippet":"max-snippet:-1","max-image-preview":"max-image-preview:large","max-video-preview":"max-video-preview:-1"},"canonical":"https:\/\/news.mgmotor.eu\/fr\/press\/ouverture-des-commandes-de-la-nouvelle-mg4-ev\/","og_locale":"fr_FR","og_type":"article","og_title":"Ouverture des commandes de la nouvelle MG4 EV - MG Motor Europe","og_description":"Courbevoie, le 10 mars 2026 \u2013 Depuis son arriv\u00e9e sur le march\u00e9 europ\u00e9en, la MG4 EV s\u2019est impos\u00e9e comme l\u2019une [&hellip;]","og_url":"https:\/\/news.mgmotor.eu\/fr\/press\/ouverture-des-commandes-de-la-nouvelle-mg4-ev\/","og_site_name":"MG Motor Europe","article_modified_time":"2026-03-10T09:35:33+00:00","og_image":[{"width":1040,"height":585,"url":"https:\/\/news.mgmotor.eu\/wp-content\/uploads\/2026\/03\/E12A4028-1040x585.jpg","type":"image\/jpeg"}],"twitter_card":"summary_large_image","twitter_misc":{"Est. reading time":"8 minutes"},"schema":{"@context":"https:\/\/schema.org","@graph":[{"@type":"WebPage","@id":"https:\/\/news.mgmotor.eu\/fr\/press\/ouverture-des-commandes-de-la-nouvelle-mg4-ev\/","url":"https:\/\/news.mgmotor.eu\/fr\/press\/ouverture-des-commandes-de-la-nouvelle-mg4-ev\/","name":"Ouverture des commandes de la nouvelle MG4 EV - MG Motor Europe","isPartOf":{"@id":"https:\/\/news.mgmotor.eu\/#website"},"datePublished":"2026-03-10T09:32:46+00:00","dateModified":"2026-03-10T09:35:33+00:00","breadcrumb":{"@id":"https:\/\/news.mgmotor.eu\/fr\/press\/ouverture-des-commandes-de-la-nouvelle-mg4-ev\/#breadcrumb"},"inLanguage":"fr-FR","potentialAction":[{"@type":"ReadAction","target":["https:\/\/news.mgmotor.eu\/fr\/press\/ouverture-des-commandes-de-la-nouvelle-mg4-ev\/"]}]},{"@type":"BreadcrumbList","@id":"https:\/\/news.mgmotor.eu\/fr\/press\/ouverture-des-commandes-de-la-nouvelle-mg4-ev\/#breadcrumb","itemListElement":[{"@type":"ListItem","position":1,"name":"Home","item":"https:\/\/news.mgmotor.eu\/fr\/"},{"@type":"ListItem","position":2,"name":"Press Releases","item":"https:\/\/news.mgmotor.eu\/fr\/press\/"},{"@type":"ListItem","position":3,"name":"Ouverture des commandes de la nouvelle MG4 EV"}]},{"@type":"WebSite","@id":"https:\/\/news.mgmotor.eu\/#website","url":"https:\/\/news.mgmotor.eu\/","name":"MG Motor Europe","description":"","potentialAction":[{"@type":"SearchAction","target":{"@type":"EntryPoint","urlTemplate":"https:\/\/news.mgmotor.eu\/?s={search_term_string}"},"query-input":"required name=search_term_string"}],"inLanguage":"fr-FR"}]}},"_links":{"self":[{"href":"https:\/\/news.mgmotor.eu\/fr\/wp-json\/wp\/v2\/press\/3619258"}],"collection":[{"href":"https:\/\/news.mgmotor.eu\/fr\/wp-json\/wp\/v2\/press"}],"about":[{"href":"https:\/\/news.mgmotor.eu\/fr\/wp-json\/wp\/v2\/types\/press"}],"wp:featuredmedia":[{"embeddable":true,"href":"https:\/\/news.mgmotor.eu\/fr\/wp-json\/wp\/v2\/media\/3619259"}],"wp:attachment":[{"href":"https:\/\/news.mgmotor.eu\/fr\/wp-json\/wp\/v2\/media?parent=3619258"}],"wp:term":[{"taxonomy":"category","embeddable":true,"href":"https:\/\/news.mgmotor.eu\/fr\/wp-json\/wp\/v2\/categories?post=3619258"},{"taxonomy":"post_tag","embeddable":true,"href":"https:\/\/news.mgmotor.eu\/fr\/wp-json\/wp\/v2\/tags?post=3619258"}],"curies":[{"name":"wp","href":"https:\/\/api.w.org\/{rel}","templated":true}]}}