{"id":3603730,"date":"2025-12-19T12:33:18","date_gmt":"2025-12-19T11:33:18","guid":{"rendered":"https:\/\/news.mgmotor.eu\/?post_type=press&#038;p=3603730"},"modified":"2025-12-19T12:33:19","modified_gmt":"2025-12-19T11:33:19","slug":"mg-motor-atteint-un-nouveau-sommet-avec-300-000-ventes-en-europe","status":"publish","type":"press","link":"https:\/\/news.mgmotor.eu\/fr\/press\/mg-motor-atteint-un-nouveau-sommet-avec-300-000-ventes-en-europe\/","title":{"rendered":"MG Motor atteint un nouveau sommet avec 300 000 ventes en Europe"},"content":{"rendered":"\n<ul>\n<li><strong>300 000 ventes sur le continent Europ\u00e9en en 2025<\/strong><\/li>\n\n\n\n<li><strong>R\u00e9sultats en progression de presque 30 % par rapport \u00e0 2024<\/strong><\/li>\n\n\n\n<li><strong>Lancement de plusieurs mod\u00e8les \u00e9lectriques de haute technologie, renfor\u00e7ant l\u2019engagement de MG en faveur de technologies avanc\u00e9es, comp\u00e9titives et accessibles<\/strong><\/li>\n\n\n\n<li><strong>Port\u00e9es par une forte demande des clients, les ventes des mod\u00e8les Hybrid+ et hybrides rechargeables de MG ont progress\u00e9 de 300 %<\/strong><\/li>\n<\/ul>\n\n\n\n<p>Courbevoie, le 19 d\u00e9cembre 2025 \u2013 <strong>MG Motor a atteint pour la premi\u00e8re fois 300 000 ventes annuelles sur le continent Europ\u00e9en*. Ce cap a \u00e9t\u00e9 franchi en d\u00e9cembre, MG enregistrant une hausse de pr\u00e8s de 30 % par rapport \u00e0 la m\u00eame p\u00e9riode en 2024, ann\u00e9e au cours de laquelle la marque avait r\u00e9alis\u00e9 environ 233 000 ventes.<\/strong><\/p>\n\n\n\n<p>La forte demande des clients pour les mod\u00e8les <strong>Hybrid+<\/strong> de MG, notamment le tr\u00e8s populaire SUV <strong>MG EHS<\/strong>, a largement contribu\u00e9 \u00e0 ces excellentes performances. \u00c0 l\u2019\u00e9chelle du continent Europ\u00e9en, les ventes cumul\u00e9es de v\u00e9hicules hybrides depuis le d\u00e9but de l\u2019ann\u00e9e ont atteint <strong>137 000 unit\u00e9s<\/strong>, soit une progression de pr\u00e8s de <strong>300 %<\/strong>. Par ailleurs, les ventes de la gamme <strong>MG ZS<\/strong> s\u2019\u00e9tablissent \u00e0 <strong>123 000 unit\u00e9s<\/strong>, enregistrant une croissance exceptionnelle de <strong>32 %<\/strong> par rapport \u00e0 l\u2019ann\u00e9e 2024.<\/p>\n\n\n\n<p>Tout au long de l\u2019ann\u00e9e 2025, MG a consid\u00e9rablement renforc\u00e9 son offre de v\u00e9hicules \u00e9lectriques et a continu\u00e9 \u00e0 d\u00e9mocratiser l\u2019acc\u00e8s aux nouvelles technologies. Cela s\u2019est notamment traduit par l\u2019introduction du <strong>SUV \u00e9lectrique MGS5 EV<\/strong>, ainsi que par le lancement de la gamme <strong>MG IM<\/strong>, ax\u00e9e sur la technologie, au Royaume-Uni, en Norv\u00e8ge et en Suisse. Le <strong>MGS6 EV<\/strong>, un SUV spacieux, pratique et accessible sur le plan technologique, a \u00e9t\u00e9 pr\u00e9sent\u00e9 au cours du dernier trimestre de l\u2019ann\u00e9e et sera commercialis\u00e9 au premier trimestre 2026 en France.<\/p>\n\n\n\n<p>L\u2019expansion croissante de MG \u00e0 travers l\u2019Europe contribue \u00e9galement \u00e0 cette dynamique de croissance. Le constructeur est d\u00e9sormais pr\u00e9sente dans <strong>34 pays<\/strong> et dispose d\u2019environ <strong>1 300 points de vente et d\u2019entretien<\/strong>. En France, MG compte plus de <strong>190 distributeurs<\/strong> et a inaugur\u00e9 en 2024 un entrep\u00f4t logistique pour le traitement de ses pi\u00e8ces d\u00e9tach\u00e9es afin d\u2019am\u00e9liorer encore le support apport\u00e9 \u00e0 ses <strong>100 000 clients<\/strong>.<\/p>\n\n\n\n<p>Julien Robert, Vice-Pr\u00e9sident en charge des ventes et du r\u00e9seau MG Motor France, d\u00e9clare :<\/p>\n\n\n\n<p><em>\u00ab Malgr\u00e9 les d\u00e9fis persistants \u00e0 travers l\u2019Europe qui continuent d\u2019influencer les ventes de v\u00e9hicules neufs, MG a enregistr\u00e9 une croissance constante et durable. Atteindre le seuil des 300 000 ventes avant la fin de 2025 d\u00e9montre clairement que notre gamme de produits r\u00e9pond parfaitement aux attentes des clients, en offrant la combinaison id\u00e9ale de design, de technologie, de qualit\u00e9 et d\u2019accessibilit\u00e9. Avec plusieurs nouveaux mod\u00e8les passionnants pr\u00e9vus pour un lancement d\u00e9but 2026, nous sommes convaincus que MG continuera d\u2019\u00e9largir le choix offert aux clients et de renforcer sa position sur les march\u00e9s europ\u00e9ens. \u00bb<\/em><\/p>\n\n\n\n<p>MG a c\u00e9l\u00e9br\u00e9 son <strong>100e anniversaire<\/strong> en 2024 et propose aujourd\u2019hui une gamme compl\u00e8te de v\u00e9hicules <strong>essence, hybrides et \u00e9lectriques<\/strong>. Celle-ci s\u2019\u00e9tend de la <strong>MG3<\/strong>, agile et pratique, jusqu\u2019au cabriolet \u00e9lectrique <strong>MG Cyberster<\/strong>, orient\u00e9 performance et salu\u00e9 par la critique, qui incarne l\u2019ambition de MG de poursuivre son expansion sur les march\u00e9s.<\/p>\n\n\n\n<p><strong>FIN<\/strong><\/p>\n\n\n\n<p>* Les chiffres couvrent la p\u00e9riode de janvier \u00e0 d\u00e9cembre 2025. Source : MG Motor Europe et MG Motor UK, donn\u00e9es exactes au moment de la publication. Les ventes totales de MG pour l\u2019ann\u00e9e 2025 seront publi\u00e9es ult\u00e9rieurement.<\/p>\n","protected":false},"excerpt":{"rendered":"<p>Courbevoie, le 19 d\u00e9cembre 2025 \u2013 MG Motor a atteint pour la premi\u00e8re fois 300 000 ventes annuelles sur le [&hellip;]<\/p>\n","protected":false},"featured_media":3603764,"template":"","categories":[62],"tags":[],"acf":[],"yoast_head":"<!-- This site is optimized with the Yoast SEO plugin v19.8 - https:\/\/yoast.com\/wordpress\/plugins\/seo\/ -->\n<title>MG Motor atteint un nouveau sommet avec 300 000 ventes en Europe - MG Motor Europe<\/title>\n<meta name=\"robots\" content=\"index, follow, max-snippet:-1, max-image-preview:large, max-video-preview:-1\" \/>\n<link rel=\"canonical\" href=\"https:\/\/news.mgmotor.eu\/fr\/press\/mg-motor-atteint-un-nouveau-sommet-avec-300-000-ventes-en-europe\/\" \/>\n<meta property=\"og:locale\" content=\"fr_FR\" \/>\n<meta property=\"og:type\" content=\"article\" \/>\n<meta property=\"og:title\" content=\"MG Motor atteint un nouveau sommet avec 300 000 ventes en Europe - MG Motor Europe\" \/>\n<meta property=\"og:description\" content=\"Courbevoie, le 19 d\u00e9cembre 2025 \u2013 MG Motor a atteint pour la premi\u00e8re fois 300 000 ventes annuelles sur le [&hellip;]\" \/>\n<meta property=\"og:url\" content=\"https:\/\/news.mgmotor.eu\/fr\/press\/mg-motor-atteint-un-nouveau-sommet-avec-300-000-ventes-en-europe\/\" \/>\n<meta property=\"og:site_name\" content=\"MG Motor Europe\" \/>\n<meta property=\"article:modified_time\" content=\"2025-12-19T11:33:19+00:00\" \/>\n<meta property=\"og:image\" content=\"https:\/\/news.mgmotor.eu\/wp-content\/uploads\/2025\/12\/Family-1-1040x585.jpg\" \/>\n\t<meta property=\"og:image:width\" content=\"1040\" \/>\n\t<meta property=\"og:image:height\" content=\"585\" \/>\n\t<meta property=\"og:image:type\" content=\"image\/jpeg\" \/>\n<meta name=\"twitter:card\" content=\"summary_large_image\" \/>\n<meta name=\"twitter:label1\" content=\"Est. reading time\" \/>\n\t<meta name=\"twitter:data1\" content=\"3 minutes\" \/>\n<script type=\"application\/ld+json\" class=\"yoast-schema-graph\">{\"@context\":\"https:\/\/schema.org\",\"@graph\":[{\"@type\":\"WebPage\",\"@id\":\"https:\/\/news.mgmotor.eu\/fr\/press\/mg-motor-atteint-un-nouveau-sommet-avec-300-000-ventes-en-europe\/\",\"url\":\"https:\/\/news.mgmotor.eu\/fr\/press\/mg-motor-atteint-un-nouveau-sommet-avec-300-000-ventes-en-europe\/\",\"name\":\"MG Motor atteint un nouveau sommet avec 300 000 ventes en Europe - MG Motor Europe\",\"isPartOf\":{\"@id\":\"https:\/\/news.mgmotor.eu\/#website\"},\"datePublished\":\"2025-12-19T11:33:18+00:00\",\"dateModified\":\"2025-12-19T11:33:19+00:00\",\"breadcrumb\":{\"@id\":\"https:\/\/news.mgmotor.eu\/fr\/press\/mg-motor-atteint-un-nouveau-sommet-avec-300-000-ventes-en-europe\/#breadcrumb\"},\"inLanguage\":\"fr-FR\",\"potentialAction\":[{\"@type\":\"ReadAction\",\"target\":[\"https:\/\/news.mgmotor.eu\/fr\/press\/mg-motor-atteint-un-nouveau-sommet-avec-300-000-ventes-en-europe\/\"]}]},{\"@type\":\"BreadcrumbList\",\"@id\":\"https:\/\/news.mgmotor.eu\/fr\/press\/mg-motor-atteint-un-nouveau-sommet-avec-300-000-ventes-en-europe\/#breadcrumb\",\"itemListElement\":[{\"@type\":\"ListItem\",\"position\":1,\"name\":\"Home\",\"item\":\"https:\/\/news.mgmotor.eu\/fr\/\"},{\"@type\":\"ListItem\",\"position\":2,\"name\":\"Press Releases\",\"item\":\"https:\/\/news.mgmotor.eu\/fr\/press\/\"},{\"@type\":\"ListItem\",\"position\":3,\"name\":\"MG Motor atteint un nouveau sommet avec 300 000 ventes en Europe\"}]},{\"@type\":\"WebSite\",\"@id\":\"https:\/\/news.mgmotor.eu\/#website\",\"url\":\"https:\/\/news.mgmotor.eu\/\",\"name\":\"MG Motor Europe\",\"description\":\"\",\"potentialAction\":[{\"@type\":\"SearchAction\",\"target\":{\"@type\":\"EntryPoint\",\"urlTemplate\":\"https:\/\/news.mgmotor.eu\/?s={search_term_string}\"},\"query-input\":\"required name=search_term_string\"}],\"inLanguage\":\"fr-FR\"}]}<\/script>\n<!-- \/ Yoast SEO plugin. -->","yoast_head_json":{"title":"MG Motor atteint un nouveau sommet avec 300 000 ventes en Europe - MG Motor Europe","robots":{"index":"index","follow":"follow","max-snippet":"max-snippet:-1","max-image-preview":"max-image-preview:large","max-video-preview":"max-video-preview:-1"},"canonical":"https:\/\/news.mgmotor.eu\/fr\/press\/mg-motor-atteint-un-nouveau-sommet-avec-300-000-ventes-en-europe\/","og_locale":"fr_FR","og_type":"article","og_title":"MG Motor atteint un nouveau sommet avec 300 000 ventes en Europe - MG Motor Europe","og_description":"Courbevoie, le 19 d\u00e9cembre 2025 \u2013 MG Motor a atteint pour la premi\u00e8re fois 300 000 ventes annuelles sur le [&hellip;]","og_url":"https:\/\/news.mgmotor.eu\/fr\/press\/mg-motor-atteint-un-nouveau-sommet-avec-300-000-ventes-en-europe\/","og_site_name":"MG Motor Europe","article_modified_time":"2025-12-19T11:33:19+00:00","og_image":[{"width":1040,"height":585,"url":"https:\/\/news.mgmotor.eu\/wp-content\/uploads\/2025\/12\/Family-1-1040x585.jpg","type":"image\/jpeg"}],"twitter_card":"summary_large_image","twitter_misc":{"Est. reading time":"3 minutes"},"schema":{"@context":"https:\/\/schema.org","@graph":[{"@type":"WebPage","@id":"https:\/\/news.mgmotor.eu\/fr\/press\/mg-motor-atteint-un-nouveau-sommet-avec-300-000-ventes-en-europe\/","url":"https:\/\/news.mgmotor.eu\/fr\/press\/mg-motor-atteint-un-nouveau-sommet-avec-300-000-ventes-en-europe\/","name":"MG Motor atteint un nouveau sommet avec 300 000 ventes en Europe - MG Motor Europe","isPartOf":{"@id":"https:\/\/news.mgmotor.eu\/#website"},"datePublished":"2025-12-19T11:33:18+00:00","dateModified":"2025-12-19T11:33:19+00:00","breadcrumb":{"@id":"https:\/\/news.mgmotor.eu\/fr\/press\/mg-motor-atteint-un-nouveau-sommet-avec-300-000-ventes-en-europe\/#breadcrumb"},"inLanguage":"fr-FR","potentialAction":[{"@type":"ReadAction","target":["https:\/\/news.mgmotor.eu\/fr\/press\/mg-motor-atteint-un-nouveau-sommet-avec-300-000-ventes-en-europe\/"]}]},{"@type":"BreadcrumbList","@id":"https:\/\/news.mgmotor.eu\/fr\/press\/mg-motor-atteint-un-nouveau-sommet-avec-300-000-ventes-en-europe\/#breadcrumb","itemListElement":[{"@type":"ListItem","position":1,"name":"Home","item":"https:\/\/news.mgmotor.eu\/fr\/"},{"@type":"ListItem","position":2,"name":"Press Releases","item":"https:\/\/news.mgmotor.eu\/fr\/press\/"},{"@type":"ListItem","position":3,"name":"MG Motor atteint un nouveau sommet avec 300 000 ventes en Europe"}]},{"@type":"WebSite","@id":"https:\/\/news.mgmotor.eu\/#website","url":"https:\/\/news.mgmotor.eu\/","name":"MG Motor Europe","description":"","potentialAction":[{"@type":"SearchAction","target":{"@type":"EntryPoint","urlTemplate":"https:\/\/news.mgmotor.eu\/?s={search_term_string}"},"query-input":"required name=search_term_string"}],"inLanguage":"fr-FR"}]}},"_links":{"self":[{"href":"https:\/\/news.mgmotor.eu\/fr\/wp-json\/wp\/v2\/press\/3603730"}],"collection":[{"href":"https:\/\/news.mgmotor.eu\/fr\/wp-json\/wp\/v2\/press"}],"about":[{"href":"https:\/\/news.mgmotor.eu\/fr\/wp-json\/wp\/v2\/types\/press"}],"wp:featuredmedia":[{"embeddable":true,"href":"https:\/\/news.mgmotor.eu\/fr\/wp-json\/wp\/v2\/media\/3603764"}],"wp:attachment":[{"href":"https:\/\/news.mgmotor.eu\/fr\/wp-json\/wp\/v2\/media?parent=3603730"}],"wp:term":[{"taxonomy":"category","embeddable":true,"href":"https:\/\/news.mgmotor.eu\/fr\/wp-json\/wp\/v2\/categories?post=3603730"},{"taxonomy":"post_tag","embeddable":true,"href":"https:\/\/news.mgmotor.eu\/fr\/wp-json\/wp\/v2\/tags?post=3603730"}],"curies":[{"name":"wp","href":"https:\/\/api.w.org\/{rel}","templated":true}]}}