{"id":3586206,"date":"2025-06-17T16:16:01","date_gmt":"2025-06-17T14:16:01","guid":{"rendered":"https:\/\/news.mgmotor.eu\/?post_type=press&#038;p=3586206"},"modified":"2025-06-17T16:29:11","modified_gmt":"2025-06-17T14:29:11","slug":"izi-by-edf-et-mg-motor-sassocient-pour-faciliter-lacces-a-la-mobilite-electrique-en-france","status":"publish","type":"press","link":"https:\/\/news.mgmotor.eu\/fr\/press\/izi-by-edf-et-mg-motor-sassocient-pour-faciliter-lacces-a-la-mobilite-electrique-en-france\/","title":{"rendered":"IZI by EDF et MG Motor s\u2019associent pour faciliter l\u2019acc\u00e8s \u00e0 la mobilit\u00e9 \u00e9lectrique en France"},"content":{"rendered":"\n<p>Courbevoie, le 17 juin 2025 &#8211; IZI by EDF, la marque grand public d\u2019EDF d\u00e9di\u00e9e aux services \u00e9nerg\u00e9tiques pour les particuliers, s\u2019associe \u00e0 MG Motor, constructeur automobile engag\u00e9 dans la mobilit\u00e9 durable en France pour acc\u00e9l\u00e9rer la transition vers la mobilit\u00e9 \u00e9lectrique.<\/p>\n\n\n\n<p>Pour accompagner les Fran\u00e7ais dans l\u2019\u00e9lectrification de leurs usages, MG Motor et IZI by EDF proposent une offre d\u2019installation de borne de recharge \u00e0 domicile pour les propri\u00e9taires de v\u00e9hicules \u00e9lectriques et hybride-rechargeables.<\/p>\n\n\n\n<p>Lors de l\u2019achat d\u2019un v\u00e9hicule \u00e9lectrique, les 184 distributeurs du r\u00e9seau MG Motor proposeront \u00e0 leurs clients l\u2019installation d\u2019une borne de recharge \u00e0 domicile avec :<\/p>\n\n\n\n<ul>\n<li>L\u2019<strong>identification<\/strong> des besoins de chaque client par les experts d\u2019IZI by EDF et un <strong>accompagnement<\/strong> de A \u00e0 Z par un conseiller unique, bas\u00e9 en France.<\/li>\n<\/ul>\n\n\n\n<ul>\n<li>Un <strong>devis sur mesure<\/strong> adapt\u00e9 au choix de la borne (classique ou connect\u00e9e).<\/li>\n<\/ul>\n\n\n\n<ul>\n<li>Une <strong>installation<\/strong> r\u00e9alis\u00e9e par un <strong>professionnel<\/strong> qualifi\u00e9 IRVE<a href=\"#_ftn1\" id=\"_ftnref1\"><sup>[1]<\/sup><\/a> du r\u00e9seau IZI by EDF.<\/li>\n<\/ul>\n\n\n\n<p><strong>Eric Plantive, Directeur d\u2019IZI by EDF<\/strong> a d\u00e9clar\u00e9&nbsp;: <em>\u201cNous sommes heureux de nous associer \u00e0 MG Motor pour accompagner ensemble le march\u00e9, en pleine croissance, du v\u00e9hicule \u00e9lectrique. Nos solutions de recharge \u00e0 domicile incarnent notre savoir-faire, alliant simplicit\u00e9 d\u2019utilisation, s\u00e9curit\u00e9 et performance, pour faciliter la transition \u00e9nerg\u00e9tique de chaque foyer.\u201d<\/em><\/p>\n\n\n\n<p><strong>Guillaume Jolit, Directeur marketing &amp; communication MG Motor France<\/strong> a d\u00e9clar\u00e9&nbsp;: \u00ab&nbsp;<em>Nous avons la conviction que la mobilit\u00e9 de demain est \u00e9lectrique. Chez MG nous offrons une gamme de mod\u00e8les technologiques, s\u00fbrs et performants. Il est donc naturel d\u2019accompagner nos clients dans leur transition vers la mobilit\u00e9 \u00e9lectrique avec un partenaire renomm\u00e9 et fiable&nbsp;: c\u2019est donc comme une \u00e9vidence que nous proposons d\u00e9sormais les solutions de recharge IZI by EDF \u00e0 tous nos clients.<\/em>&nbsp;\u00bb<\/p>\n\n\n\n<hr class=\"wp-block-separator has-alpha-channel-opacity\"\/>\n\n\n\n<p><a href=\"#_ftnref1\" id=\"_ftn1\">[1]<\/a> Infrastructure de Recharge pour V\u00e9hicules Electriques<\/p>\n","protected":false},"excerpt":{"rendered":"<p>Courbevoie, le 17 juin 2025 &#8211; IZI by EDF, la marque grand public d\u2019EDF d\u00e9di\u00e9e aux services \u00e9nerg\u00e9tiques pour les [&hellip;]<\/p>\n","protected":false},"featured_media":3586207,"template":"","categories":[62],"tags":[],"acf":[],"yoast_head":"<!-- This site is optimized with the Yoast SEO plugin v19.8 - https:\/\/yoast.com\/wordpress\/plugins\/seo\/ -->\n<title>IZI by EDF et MG Motor s\u2019associent pour faciliter l\u2019acc\u00e8s \u00e0 la mobilit\u00e9 \u00e9lectrique en France - MG Motor Europe<\/title>\n<meta name=\"robots\" content=\"index, follow, max-snippet:-1, max-image-preview:large, max-video-preview:-1\" \/>\n<link rel=\"canonical\" href=\"https:\/\/news.mgmotor.eu\/fr\/press\/izi-by-edf-et-mg-motor-sassocient-pour-faciliter-lacces-a-la-mobilite-electrique-en-france\/\" \/>\n<meta property=\"og:locale\" content=\"fr_FR\" \/>\n<meta property=\"og:type\" content=\"article\" \/>\n<meta property=\"og:title\" content=\"IZI by EDF et MG Motor s\u2019associent pour faciliter l\u2019acc\u00e8s \u00e0 la mobilit\u00e9 \u00e9lectrique en France - MG Motor Europe\" \/>\n<meta property=\"og:description\" content=\"Courbevoie, le 17 juin 2025 &#8211; IZI by EDF, la marque grand public d\u2019EDF d\u00e9di\u00e9e aux services \u00e9nerg\u00e9tiques pour les [&hellip;]\" \/>\n<meta property=\"og:url\" content=\"https:\/\/news.mgmotor.eu\/fr\/press\/izi-by-edf-et-mg-motor-sassocient-pour-faciliter-lacces-a-la-mobilite-electrique-en-france\/\" \/>\n<meta property=\"og:site_name\" content=\"MG Motor Europe\" \/>\n<meta property=\"article:modified_time\" content=\"2025-06-17T14:29:11+00:00\" \/>\n<meta property=\"og:image\" content=\"https:\/\/news.mgmotor.eu\/wp-content\/uploads\/2025\/06\/Newsletter-2025-06-16T094547.123-1040x585.png\" \/>\n\t<meta property=\"og:image:width\" content=\"1040\" \/>\n\t<meta property=\"og:image:height\" content=\"585\" \/>\n\t<meta property=\"og:image:type\" content=\"image\/png\" \/>\n<meta name=\"twitter:card\" content=\"summary_large_image\" \/>\n<meta name=\"twitter:label1\" content=\"Est. reading time\" \/>\n\t<meta name=\"twitter:data1\" content=\"2 minutes\" \/>\n<script type=\"application\/ld+json\" class=\"yoast-schema-graph\">{\"@context\":\"https:\/\/schema.org\",\"@graph\":[{\"@type\":\"WebPage\",\"@id\":\"https:\/\/news.mgmotor.eu\/fr\/press\/izi-by-edf-et-mg-motor-sassocient-pour-faciliter-lacces-a-la-mobilite-electrique-en-france\/\",\"url\":\"https:\/\/news.mgmotor.eu\/fr\/press\/izi-by-edf-et-mg-motor-sassocient-pour-faciliter-lacces-a-la-mobilite-electrique-en-france\/\",\"name\":\"IZI by EDF et MG Motor s\u2019associent pour faciliter l\u2019acc\u00e8s \u00e0 la mobilit\u00e9 \u00e9lectrique en France - MG Motor Europe\",\"isPartOf\":{\"@id\":\"https:\/\/news.mgmotor.eu\/#website\"},\"datePublished\":\"2025-06-17T14:16:01+00:00\",\"dateModified\":\"2025-06-17T14:29:11+00:00\",\"breadcrumb\":{\"@id\":\"https:\/\/news.mgmotor.eu\/fr\/press\/izi-by-edf-et-mg-motor-sassocient-pour-faciliter-lacces-a-la-mobilite-electrique-en-france\/#breadcrumb\"},\"inLanguage\":\"fr-FR\",\"potentialAction\":[{\"@type\":\"ReadAction\",\"target\":[\"https:\/\/news.mgmotor.eu\/fr\/press\/izi-by-edf-et-mg-motor-sassocient-pour-faciliter-lacces-a-la-mobilite-electrique-en-france\/\"]}]},{\"@type\":\"BreadcrumbList\",\"@id\":\"https:\/\/news.mgmotor.eu\/fr\/press\/izi-by-edf-et-mg-motor-sassocient-pour-faciliter-lacces-a-la-mobilite-electrique-en-france\/#breadcrumb\",\"itemListElement\":[{\"@type\":\"ListItem\",\"position\":1,\"name\":\"Home\",\"item\":\"https:\/\/news.mgmotor.eu\/fr\/\"},{\"@type\":\"ListItem\",\"position\":2,\"name\":\"Press Releases\",\"item\":\"https:\/\/news.mgmotor.eu\/fr\/press\/\"},{\"@type\":\"ListItem\",\"position\":3,\"name\":\"IZI by EDF et MG Motor s\u2019associent pour faciliter l\u2019acc\u00e8s \u00e0 la mobilit\u00e9 \u00e9lectrique en France\"}]},{\"@type\":\"WebSite\",\"@id\":\"https:\/\/news.mgmotor.eu\/#website\",\"url\":\"https:\/\/news.mgmotor.eu\/\",\"name\":\"MG Motor Europe\",\"description\":\"\",\"potentialAction\":[{\"@type\":\"SearchAction\",\"target\":{\"@type\":\"EntryPoint\",\"urlTemplate\":\"https:\/\/news.mgmotor.eu\/?s={search_term_string}\"},\"query-input\":\"required name=search_term_string\"}],\"inLanguage\":\"fr-FR\"}]}<\/script>\n<!-- \/ Yoast SEO plugin. -->","yoast_head_json":{"title":"IZI by EDF et MG Motor s\u2019associent pour faciliter l\u2019acc\u00e8s \u00e0 la mobilit\u00e9 \u00e9lectrique en France - MG Motor Europe","robots":{"index":"index","follow":"follow","max-snippet":"max-snippet:-1","max-image-preview":"max-image-preview:large","max-video-preview":"max-video-preview:-1"},"canonical":"https:\/\/news.mgmotor.eu\/fr\/press\/izi-by-edf-et-mg-motor-sassocient-pour-faciliter-lacces-a-la-mobilite-electrique-en-france\/","og_locale":"fr_FR","og_type":"article","og_title":"IZI by EDF et MG Motor s\u2019associent pour faciliter l\u2019acc\u00e8s \u00e0 la mobilit\u00e9 \u00e9lectrique en France - MG Motor Europe","og_description":"Courbevoie, le 17 juin 2025 &#8211; IZI by EDF, la marque grand public d\u2019EDF d\u00e9di\u00e9e aux services \u00e9nerg\u00e9tiques pour les [&hellip;]","og_url":"https:\/\/news.mgmotor.eu\/fr\/press\/izi-by-edf-et-mg-motor-sassocient-pour-faciliter-lacces-a-la-mobilite-electrique-en-france\/","og_site_name":"MG Motor Europe","article_modified_time":"2025-06-17T14:29:11+00:00","og_image":[{"width":1040,"height":585,"url":"https:\/\/news.mgmotor.eu\/wp-content\/uploads\/2025\/06\/Newsletter-2025-06-16T094547.123-1040x585.png","type":"image\/png"}],"twitter_card":"summary_large_image","twitter_misc":{"Est. reading time":"2 minutes"},"schema":{"@context":"https:\/\/schema.org","@graph":[{"@type":"WebPage","@id":"https:\/\/news.mgmotor.eu\/fr\/press\/izi-by-edf-et-mg-motor-sassocient-pour-faciliter-lacces-a-la-mobilite-electrique-en-france\/","url":"https:\/\/news.mgmotor.eu\/fr\/press\/izi-by-edf-et-mg-motor-sassocient-pour-faciliter-lacces-a-la-mobilite-electrique-en-france\/","name":"IZI by EDF et MG Motor s\u2019associent pour faciliter l\u2019acc\u00e8s \u00e0 la mobilit\u00e9 \u00e9lectrique en France - MG Motor Europe","isPartOf":{"@id":"https:\/\/news.mgmotor.eu\/#website"},"datePublished":"2025-06-17T14:16:01+00:00","dateModified":"2025-06-17T14:29:11+00:00","breadcrumb":{"@id":"https:\/\/news.mgmotor.eu\/fr\/press\/izi-by-edf-et-mg-motor-sassocient-pour-faciliter-lacces-a-la-mobilite-electrique-en-france\/#breadcrumb"},"inLanguage":"fr-FR","potentialAction":[{"@type":"ReadAction","target":["https:\/\/news.mgmotor.eu\/fr\/press\/izi-by-edf-et-mg-motor-sassocient-pour-faciliter-lacces-a-la-mobilite-electrique-en-france\/"]}]},{"@type":"BreadcrumbList","@id":"https:\/\/news.mgmotor.eu\/fr\/press\/izi-by-edf-et-mg-motor-sassocient-pour-faciliter-lacces-a-la-mobilite-electrique-en-france\/#breadcrumb","itemListElement":[{"@type":"ListItem","position":1,"name":"Home","item":"https:\/\/news.mgmotor.eu\/fr\/"},{"@type":"ListItem","position":2,"name":"Press Releases","item":"https:\/\/news.mgmotor.eu\/fr\/press\/"},{"@type":"ListItem","position":3,"name":"IZI by EDF et MG Motor s\u2019associent pour faciliter l\u2019acc\u00e8s \u00e0 la mobilit\u00e9 \u00e9lectrique en France"}]},{"@type":"WebSite","@id":"https:\/\/news.mgmotor.eu\/#website","url":"https:\/\/news.mgmotor.eu\/","name":"MG Motor Europe","description":"","potentialAction":[{"@type":"SearchAction","target":{"@type":"EntryPoint","urlTemplate":"https:\/\/news.mgmotor.eu\/?s={search_term_string}"},"query-input":"required name=search_term_string"}],"inLanguage":"fr-FR"}]}},"_links":{"self":[{"href":"https:\/\/news.mgmotor.eu\/fr\/wp-json\/wp\/v2\/press\/3586206"}],"collection":[{"href":"https:\/\/news.mgmotor.eu\/fr\/wp-json\/wp\/v2\/press"}],"about":[{"href":"https:\/\/news.mgmotor.eu\/fr\/wp-json\/wp\/v2\/types\/press"}],"wp:featuredmedia":[{"embeddable":true,"href":"https:\/\/news.mgmotor.eu\/fr\/wp-json\/wp\/v2\/media\/3586207"}],"wp:attachment":[{"href":"https:\/\/news.mgmotor.eu\/fr\/wp-json\/wp\/v2\/media?parent=3586206"}],"wp:term":[{"taxonomy":"category","embeddable":true,"href":"https:\/\/news.mgmotor.eu\/fr\/wp-json\/wp\/v2\/categories?post=3586206"},{"taxonomy":"post_tag","embeddable":true,"href":"https:\/\/news.mgmotor.eu\/fr\/wp-json\/wp\/v2\/tags?post=3586206"}],"curies":[{"name":"wp","href":"https:\/\/api.w.org\/{rel}","templated":true}]}}