{"id":3578056,"date":"2025-03-07T11:31:17","date_gmt":"2025-03-07T10:31:17","guid":{"rendered":"https:\/\/news.mgmotor.eu\/?post_type=press&#038;p=3578056"},"modified":"2025-03-07T11:31:20","modified_gmt":"2025-03-07T10:31:20","slug":"guillaume-jolit-est-nomme-directeur-marketing-et-communication-mg-motor-france","status":"publish","type":"press","link":"https:\/\/news.mgmotor.eu\/fr\/press\/guillaume-jolit-est-nomme-directeur-marketing-et-communication-mg-motor-france\/","title":{"rendered":"Guillaume Jolit est nomm\u00e9 Directeur Marketing et Communication MG Motor France"},"content":{"rendered":"\n<ul>\n<li><strong>Guillaume Jolit devient le Directeur Marketing et Communication de MG Motor France<\/strong><\/li>\n\n\n\n<li><strong>Guillaume Jolit aura pour mission principale le d\u00e9veloppement de la notori\u00e9t\u00e9 de MG Motor en France<\/strong><\/li>\n\n\n\n<li><strong>La prise de fonction est effective depuis le lundi 3 mars 2025<\/strong><\/li>\n<\/ul>\n\n\n\n<p>Courbevoie, le 07 mars 2025 \u2013 <strong>Guillaume Jolit est nomm\u00e9 Directeur Marketing et Communication MG Motor France. Il reporte \u00e0 Haojie GUO, Pr\u00e9sident de MG Motor France. Il aura sous sa responsabilit\u00e9 le marketing produit, les \u00e9v\u00e8nements, la communication marketing et les relations avec les m\u00e9dias.<\/strong><\/p>\n\n\n\n<p>Guillaume Jolit, fort d\u2019une exp\u00e9rience de plus de vingt ans dans la communication automobile, rejoint l\u2019\u00e9quipe MG Motor France et prend la direction du marketing et de la communication pour le constructeur originaire d\u2019Oxford. Il aura pour missions principales le d\u00e9veloppement de la notori\u00e9t\u00e9 et de l\u2019image de marque de MG dans l\u2019Hexagone.<\/p>\n\n\n\n<p>Directeur de la communication produit Kia Europe depuis 2023 et Directeur de la communication produit Renault entre 2021 et 2023. Guillaume Jolit a \u00e9galement occup\u00e9 diff\u00e9rentes fonctions au cours de ses 17 ann\u00e9es pass\u00e9es chez Volkswagen&nbsp;Group France : il a notamment eu la responsabilit\u00e9 de la communication presse pour \u0160KODA puis Audi en France. Il est \u00e9galement titulaire d\u2019un Master 2 en Information et Communication obtenu \u00e0 la Sorbonne (Paris IV).<\/p>\n\n\n\n<p>Guillaume Jolit a pris ses fonctions chez MG Motor France le 3 mars 2025.<\/p>\n","protected":false},"excerpt":{"rendered":"<p>Courbevoie, le 07 mars 2025 \u2013 Guillaume Jolit est nomm\u00e9 Directeur Marketing et Communication MG Motor France. Il reporte \u00e0 [&hellip;]<\/p>\n","protected":false},"featured_media":3578057,"template":"","categories":[62],"tags":[],"acf":[],"yoast_head":"<!-- This site is optimized with the Yoast SEO plugin v19.8 - https:\/\/yoast.com\/wordpress\/plugins\/seo\/ -->\n<title>Guillaume Jolit est nomm\u00e9 Directeur Marketing et Communication MG Motor France - MG Motor Europe<\/title>\n<meta name=\"robots\" content=\"index, follow, max-snippet:-1, max-image-preview:large, max-video-preview:-1\" \/>\n<link rel=\"canonical\" href=\"https:\/\/news.mgmotor.eu\/fr\/press\/guillaume-jolit-est-nomme-directeur-marketing-et-communication-mg-motor-france\/\" \/>\n<meta property=\"og:locale\" content=\"fr_FR\" \/>\n<meta property=\"og:type\" content=\"article\" \/>\n<meta property=\"og:title\" content=\"Guillaume Jolit est nomm\u00e9 Directeur Marketing et Communication MG Motor France - MG Motor Europe\" \/>\n<meta property=\"og:description\" content=\"Courbevoie, le 07 mars 2025 \u2013 Guillaume Jolit est nomm\u00e9 Directeur Marketing et Communication MG Motor France. Il reporte \u00e0 [&hellip;]\" \/>\n<meta property=\"og:url\" content=\"https:\/\/news.mgmotor.eu\/fr\/press\/guillaume-jolit-est-nomme-directeur-marketing-et-communication-mg-motor-france\/\" \/>\n<meta property=\"og:site_name\" content=\"MG Motor Europe\" \/>\n<meta property=\"article:modified_time\" content=\"2025-03-07T10:31:20+00:00\" \/>\n<meta property=\"og:image\" content=\"https:\/\/news.mgmotor.eu\/wp-content\/uploads\/2025\/03\/Guillaume-Jolit-1040x585.jpeg\" \/>\n\t<meta property=\"og:image:width\" content=\"1040\" \/>\n\t<meta property=\"og:image:height\" content=\"585\" \/>\n\t<meta property=\"og:image:type\" content=\"image\/jpeg\" \/>\n<meta name=\"twitter:card\" content=\"summary_large_image\" \/>\n<meta name=\"twitter:label1\" content=\"Est. reading time\" \/>\n\t<meta name=\"twitter:data1\" content=\"2 minutes\" \/>\n<script type=\"application\/ld+json\" class=\"yoast-schema-graph\">{\"@context\":\"https:\/\/schema.org\",\"@graph\":[{\"@type\":\"WebPage\",\"@id\":\"https:\/\/news.mgmotor.eu\/fr\/press\/guillaume-jolit-est-nomme-directeur-marketing-et-communication-mg-motor-france\/\",\"url\":\"https:\/\/news.mgmotor.eu\/fr\/press\/guillaume-jolit-est-nomme-directeur-marketing-et-communication-mg-motor-france\/\",\"name\":\"Guillaume Jolit est nomm\u00e9 Directeur Marketing et Communication MG Motor France - MG Motor Europe\",\"isPartOf\":{\"@id\":\"https:\/\/news.mgmotor.eu\/#website\"},\"datePublished\":\"2025-03-07T10:31:17+00:00\",\"dateModified\":\"2025-03-07T10:31:20+00:00\",\"breadcrumb\":{\"@id\":\"https:\/\/news.mgmotor.eu\/fr\/press\/guillaume-jolit-est-nomme-directeur-marketing-et-communication-mg-motor-france\/#breadcrumb\"},\"inLanguage\":\"fr-FR\",\"potentialAction\":[{\"@type\":\"ReadAction\",\"target\":[\"https:\/\/news.mgmotor.eu\/fr\/press\/guillaume-jolit-est-nomme-directeur-marketing-et-communication-mg-motor-france\/\"]}]},{\"@type\":\"BreadcrumbList\",\"@id\":\"https:\/\/news.mgmotor.eu\/fr\/press\/guillaume-jolit-est-nomme-directeur-marketing-et-communication-mg-motor-france\/#breadcrumb\",\"itemListElement\":[{\"@type\":\"ListItem\",\"position\":1,\"name\":\"Home\",\"item\":\"https:\/\/news.mgmotor.eu\/fr\/\"},{\"@type\":\"ListItem\",\"position\":2,\"name\":\"Press Releases\",\"item\":\"https:\/\/news.mgmotor.eu\/fr\/press\/\"},{\"@type\":\"ListItem\",\"position\":3,\"name\":\"Guillaume Jolit est nomm\u00e9 Directeur Marketing et Communication MG Motor France\"}]},{\"@type\":\"WebSite\",\"@id\":\"https:\/\/news.mgmotor.eu\/#website\",\"url\":\"https:\/\/news.mgmotor.eu\/\",\"name\":\"MG Motor Europe\",\"description\":\"\",\"potentialAction\":[{\"@type\":\"SearchAction\",\"target\":{\"@type\":\"EntryPoint\",\"urlTemplate\":\"https:\/\/news.mgmotor.eu\/?s={search_term_string}\"},\"query-input\":\"required name=search_term_string\"}],\"inLanguage\":\"fr-FR\"}]}<\/script>\n<!-- \/ Yoast SEO plugin. -->","yoast_head_json":{"title":"Guillaume Jolit est nomm\u00e9 Directeur Marketing et Communication MG Motor France - MG Motor Europe","robots":{"index":"index","follow":"follow","max-snippet":"max-snippet:-1","max-image-preview":"max-image-preview:large","max-video-preview":"max-video-preview:-1"},"canonical":"https:\/\/news.mgmotor.eu\/fr\/press\/guillaume-jolit-est-nomme-directeur-marketing-et-communication-mg-motor-france\/","og_locale":"fr_FR","og_type":"article","og_title":"Guillaume Jolit est nomm\u00e9 Directeur Marketing et Communication MG Motor France - MG Motor Europe","og_description":"Courbevoie, le 07 mars 2025 \u2013 Guillaume Jolit est nomm\u00e9 Directeur Marketing et Communication MG Motor France. Il reporte \u00e0 [&hellip;]","og_url":"https:\/\/news.mgmotor.eu\/fr\/press\/guillaume-jolit-est-nomme-directeur-marketing-et-communication-mg-motor-france\/","og_site_name":"MG Motor Europe","article_modified_time":"2025-03-07T10:31:20+00:00","og_image":[{"width":1040,"height":585,"url":"https:\/\/news.mgmotor.eu\/wp-content\/uploads\/2025\/03\/Guillaume-Jolit-1040x585.jpeg","type":"image\/jpeg"}],"twitter_card":"summary_large_image","twitter_misc":{"Est. reading time":"2 minutes"},"schema":{"@context":"https:\/\/schema.org","@graph":[{"@type":"WebPage","@id":"https:\/\/news.mgmotor.eu\/fr\/press\/guillaume-jolit-est-nomme-directeur-marketing-et-communication-mg-motor-france\/","url":"https:\/\/news.mgmotor.eu\/fr\/press\/guillaume-jolit-est-nomme-directeur-marketing-et-communication-mg-motor-france\/","name":"Guillaume Jolit est nomm\u00e9 Directeur Marketing et Communication MG Motor France - MG Motor Europe","isPartOf":{"@id":"https:\/\/news.mgmotor.eu\/#website"},"datePublished":"2025-03-07T10:31:17+00:00","dateModified":"2025-03-07T10:31:20+00:00","breadcrumb":{"@id":"https:\/\/news.mgmotor.eu\/fr\/press\/guillaume-jolit-est-nomme-directeur-marketing-et-communication-mg-motor-france\/#breadcrumb"},"inLanguage":"fr-FR","potentialAction":[{"@type":"ReadAction","target":["https:\/\/news.mgmotor.eu\/fr\/press\/guillaume-jolit-est-nomme-directeur-marketing-et-communication-mg-motor-france\/"]}]},{"@type":"BreadcrumbList","@id":"https:\/\/news.mgmotor.eu\/fr\/press\/guillaume-jolit-est-nomme-directeur-marketing-et-communication-mg-motor-france\/#breadcrumb","itemListElement":[{"@type":"ListItem","position":1,"name":"Home","item":"https:\/\/news.mgmotor.eu\/fr\/"},{"@type":"ListItem","position":2,"name":"Press Releases","item":"https:\/\/news.mgmotor.eu\/fr\/press\/"},{"@type":"ListItem","position":3,"name":"Guillaume Jolit est nomm\u00e9 Directeur Marketing et Communication MG Motor France"}]},{"@type":"WebSite","@id":"https:\/\/news.mgmotor.eu\/#website","url":"https:\/\/news.mgmotor.eu\/","name":"MG Motor Europe","description":"","potentialAction":[{"@type":"SearchAction","target":{"@type":"EntryPoint","urlTemplate":"https:\/\/news.mgmotor.eu\/?s={search_term_string}"},"query-input":"required name=search_term_string"}],"inLanguage":"fr-FR"}]}},"_links":{"self":[{"href":"https:\/\/news.mgmotor.eu\/fr\/wp-json\/wp\/v2\/press\/3578056"}],"collection":[{"href":"https:\/\/news.mgmotor.eu\/fr\/wp-json\/wp\/v2\/press"}],"about":[{"href":"https:\/\/news.mgmotor.eu\/fr\/wp-json\/wp\/v2\/types\/press"}],"wp:featuredmedia":[{"embeddable":true,"href":"https:\/\/news.mgmotor.eu\/fr\/wp-json\/wp\/v2\/media\/3578057"}],"wp:attachment":[{"href":"https:\/\/news.mgmotor.eu\/fr\/wp-json\/wp\/v2\/media?parent=3578056"}],"wp:term":[{"taxonomy":"category","embeddable":true,"href":"https:\/\/news.mgmotor.eu\/fr\/wp-json\/wp\/v2\/categories?post=3578056"},{"taxonomy":"post_tag","embeddable":true,"href":"https:\/\/news.mgmotor.eu\/fr\/wp-json\/wp\/v2\/tags?post=3578056"}],"curies":[{"name":"wp","href":"https:\/\/api.w.org\/{rel}","templated":true}]}}