{"id":3576469,"date":"2024-12-03T19:22:43","date_gmt":"2024-12-03T18:22:43","guid":{"rendered":"https:\/\/news.mgmotor.eu\/?post_type=press&#038;p=3576469"},"modified":"2024-12-18T15:52:48","modified_gmt":"2024-12-18T14:52:48","slug":"on-ne-demissionne-pas-sur-la-transition-vers-lelectrique","status":"publish","type":"press","link":"https:\/\/news.mgmotor.eu\/fr\/press\/on-ne-demissionne-pas-sur-la-transition-vers-lelectrique\/","title":{"rendered":"On ne d\u00e9missionne pas sur la transition vers l\u2019\u00e9lectrique"},"content":{"rendered":"\n<ul>\n<li><strong>MG Motor France se positionne en premi\u00e8re ligne pour concilier \u00e9cologie et le budget des Fran\u00e7ais&nbsp;<\/strong><\/li>\n\n\n\n<li><strong>En r\u00e9ponse au d\u00e9cret r\u00e9duisant le montant et l\u2019acc\u00e8s au bonus \u00e9cologique, MG Motor France r\u00e9agit en rendant sa gamme \u00e9lectrique plus accessible que jamais<\/strong><\/li>\n\n\n\n<li><strong>La MG4 Standard est ainsi disponible \u00e0 partir de 21 990 \u20ac<\/strong><\/li>\n<\/ul>\n\n\n\n<p>Courbevoie, le 03 d\u00e9cembre 2024 <strong>\u2013 Alors que les nouvelles r\u00e8gles du bonus \u00e9cologique font \u00e9tat d\u2019une d\u00e9mission claire et assum\u00e9e sur la transition vers l\u2019\u00e9lectrique, MG a d\u00e9cid\u00e9 de prendre ses responsabilit\u00e9s vis-\u00e0-vis du pouvoir d\u2019achat et de la transition \u00e9nerg\u00e9tique en France.<\/strong><\/p>\n\n\n\n<p>Pour MG Motor France, il n\u2019est plus temps d\u2019attendre mais d\u2019agir avec un objectif clair&nbsp;: rendre la mobilit\u00e9 \u00e9lectrique toujours plus accessible sans peser sur le budget des Fran\u00e7ais.<\/p>\n\n\n\n<p>Si l&#8217;Union europ\u00e9enne s\u2019est engag\u00e9e \u00e0 r\u00e9duire les \u00e9missions de CO\u2082 dans le secteur automobile, avec un objectif ambitieux de 55 % de r\u00e9duction d\u2019ici 2030 afin de r\u00e9pondre aux enjeux environnementaux, les contraintes budg\u00e9taires restent une r\u00e9alit\u00e9.<\/p>\n\n\n\n<p><strong>Quand certains reculent, MG avance&nbsp;: le pouvoir d\u2019achat ne devrait pas faire d\u00e9bat<\/strong><\/p>\n\n\n\n<p>Plus qu\u2019une op\u00e9ration commerciale, c\u2019est un message envoy\u00e9 \u00e0 tous les consommateurs.<\/p>\n\n\n\n<p>D\u00e9j\u00e0 largement pl\u00e9biscit\u00e9e par les automobilistes pour ses performances et son design, la MG4 Standard est disponible \u00e0 21 990\u20ac durant tout le mois de d\u00e9cembre. B\u00e9n\u00e9ficiant d\u2019une remise plus de 2 fois sup\u00e9rieure au nouveau bonus \u00e9cologique, la compacte 100 % \u00e9lectrique s\u2019annonce avec un prix qui sera lui impossible \u00e0 censurer.<\/p>\n\n\n\n<p>\u00c9galement acteur de cette op\u00e9ration pour le pouvoir d\u2019achat de MG Motor, le MG ZS EV d\u00e9bute d\u00e9sormais \u00e0 23&nbsp;990 \u20ac dans sa finition Comfort 51 kWh. L\u2019accessibilit\u00e9&nbsp;pour tous n\u2019est pas un luxe chez MG mais une revendication.<\/p>\n\n\n\n<p>Ces offres exceptionnelles sont valables d\u00e8s aujourd\u2019hui et jusqu\u2019au 27 d\u00e9cembre 2024 sur les voitures en stock immatricul\u00e9es avant cette date.<\/p>\n\n\n\n<p><strong>Pour leur pouvoir d\u2019achat, les Fran\u00e7ais peuvent compter sur MG&nbsp;<\/strong><\/p>\n\n\n\n<p>Avec cette initiative, MG Motor France r\u00e9affirme sa volont\u00e9 de prot\u00e9ger le pouvoir d\u2019achat. Chaque Fran\u00e7ais m\u00e9rite une solution de mobilit\u00e9 qui ne sacrifie ni son budget ni ses ambitions \u00e9cologiques. \u00c0 21 990 \u20ac, la MG4 Standard est bien plus qu\u2019un simple v\u00e9hicule : c\u2019est une promesse de changement imm\u00e9diat et concret, pour les Fran\u00e7ais.<\/p>\n\n\n\n<p>Une offre que personne ne saurait censurer.<\/p>\n","protected":false},"excerpt":{"rendered":"<p>Courbevoie, le 03 d\u00e9cembre 2024 \u2013 Alors que les nouvelles r\u00e8gles du bonus \u00e9cologique font \u00e9tat d\u2019une d\u00e9mission claire et [&hellip;]<\/p>\n","protected":false},"featured_media":3576490,"template":"","categories":[],"tags":[],"acf":[],"yoast_head":"<!-- This site is optimized with the Yoast SEO plugin v19.8 - https:\/\/yoast.com\/wordpress\/plugins\/seo\/ -->\n<title>On ne d\u00e9missionne pas sur la transition vers l\u2019\u00e9lectrique - MG Motor Europe<\/title>\n<meta name=\"robots\" content=\"index, follow, max-snippet:-1, max-image-preview:large, max-video-preview:-1\" \/>\n<link rel=\"canonical\" href=\"https:\/\/news.mgmotor.eu\/fr\/press\/on-ne-demissionne-pas-sur-la-transition-vers-lelectrique\/\" \/>\n<meta property=\"og:locale\" content=\"fr_FR\" \/>\n<meta property=\"og:type\" content=\"article\" \/>\n<meta property=\"og:title\" content=\"On ne d\u00e9missionne pas sur la transition vers l\u2019\u00e9lectrique - MG Motor Europe\" \/>\n<meta property=\"og:description\" content=\"Courbevoie, le 03 d\u00e9cembre 2024 \u2013 Alors que les nouvelles r\u00e8gles du bonus \u00e9cologique font \u00e9tat d\u2019une d\u00e9mission claire et [&hellip;]\" \/>\n<meta property=\"og:url\" content=\"https:\/\/news.mgmotor.eu\/fr\/press\/on-ne-demissionne-pas-sur-la-transition-vers-lelectrique\/\" \/>\n<meta property=\"og:site_name\" content=\"MG Motor Europe\" \/>\n<meta property=\"article:modified_time\" content=\"2024-12-18T14:52:48+00:00\" \/>\n<meta property=\"og:image\" content=\"https:\/\/news.mgmotor.eu\/wp-content\/uploads\/2024\/12\/Image_20241203194601.jpg\" \/>\n\t<meta property=\"og:image:width\" content=\"2000\" \/>\n\t<meta property=\"og:image:height\" content=\"857\" \/>\n\t<meta property=\"og:image:type\" content=\"image\/jpeg\" \/>\n<meta name=\"twitter:card\" content=\"summary_large_image\" \/>\n<meta name=\"twitter:label1\" content=\"Est. reading time\" \/>\n\t<meta name=\"twitter:data1\" content=\"2 minutes\" \/>\n<script type=\"application\/ld+json\" class=\"yoast-schema-graph\">{\"@context\":\"https:\/\/schema.org\",\"@graph\":[{\"@type\":\"WebPage\",\"@id\":\"https:\/\/news.mgmotor.eu\/fr\/press\/on-ne-demissionne-pas-sur-la-transition-vers-lelectrique\/\",\"url\":\"https:\/\/news.mgmotor.eu\/fr\/press\/on-ne-demissionne-pas-sur-la-transition-vers-lelectrique\/\",\"name\":\"On ne d\u00e9missionne pas sur la transition vers l\u2019\u00e9lectrique - MG Motor Europe\",\"isPartOf\":{\"@id\":\"https:\/\/news.mgmotor.eu\/#website\"},\"datePublished\":\"2024-12-03T18:22:43+00:00\",\"dateModified\":\"2024-12-18T14:52:48+00:00\",\"breadcrumb\":{\"@id\":\"https:\/\/news.mgmotor.eu\/fr\/press\/on-ne-demissionne-pas-sur-la-transition-vers-lelectrique\/#breadcrumb\"},\"inLanguage\":\"fr-FR\",\"potentialAction\":[{\"@type\":\"ReadAction\",\"target\":[\"https:\/\/news.mgmotor.eu\/fr\/press\/on-ne-demissionne-pas-sur-la-transition-vers-lelectrique\/\"]}]},{\"@type\":\"BreadcrumbList\",\"@id\":\"https:\/\/news.mgmotor.eu\/fr\/press\/on-ne-demissionne-pas-sur-la-transition-vers-lelectrique\/#breadcrumb\",\"itemListElement\":[{\"@type\":\"ListItem\",\"position\":1,\"name\":\"Home\",\"item\":\"https:\/\/news.mgmotor.eu\/fr\/\"},{\"@type\":\"ListItem\",\"position\":2,\"name\":\"Press Releases\",\"item\":\"https:\/\/news.mgmotor.eu\/fr\/press\/\"},{\"@type\":\"ListItem\",\"position\":3,\"name\":\"On ne d\u00e9missionne pas sur la transition vers l\u2019\u00e9lectrique\"}]},{\"@type\":\"WebSite\",\"@id\":\"https:\/\/news.mgmotor.eu\/#website\",\"url\":\"https:\/\/news.mgmotor.eu\/\",\"name\":\"MG Motor Europe\",\"description\":\"\",\"potentialAction\":[{\"@type\":\"SearchAction\",\"target\":{\"@type\":\"EntryPoint\",\"urlTemplate\":\"https:\/\/news.mgmotor.eu\/?s={search_term_string}\"},\"query-input\":\"required name=search_term_string\"}],\"inLanguage\":\"fr-FR\"}]}<\/script>\n<!-- \/ Yoast SEO plugin. -->","yoast_head_json":{"title":"On ne d\u00e9missionne pas sur la transition vers l\u2019\u00e9lectrique - MG Motor Europe","robots":{"index":"index","follow":"follow","max-snippet":"max-snippet:-1","max-image-preview":"max-image-preview:large","max-video-preview":"max-video-preview:-1"},"canonical":"https:\/\/news.mgmotor.eu\/fr\/press\/on-ne-demissionne-pas-sur-la-transition-vers-lelectrique\/","og_locale":"fr_FR","og_type":"article","og_title":"On ne d\u00e9missionne pas sur la transition vers l\u2019\u00e9lectrique - MG Motor Europe","og_description":"Courbevoie, le 03 d\u00e9cembre 2024 \u2013 Alors que les nouvelles r\u00e8gles du bonus \u00e9cologique font \u00e9tat d\u2019une d\u00e9mission claire et [&hellip;]","og_url":"https:\/\/news.mgmotor.eu\/fr\/press\/on-ne-demissionne-pas-sur-la-transition-vers-lelectrique\/","og_site_name":"MG Motor Europe","article_modified_time":"2024-12-18T14:52:48+00:00","og_image":[{"width":2000,"height":857,"url":"https:\/\/news.mgmotor.eu\/wp-content\/uploads\/2024\/12\/Image_20241203194601.jpg","type":"image\/jpeg"}],"twitter_card":"summary_large_image","twitter_misc":{"Est. reading time":"2 minutes"},"schema":{"@context":"https:\/\/schema.org","@graph":[{"@type":"WebPage","@id":"https:\/\/news.mgmotor.eu\/fr\/press\/on-ne-demissionne-pas-sur-la-transition-vers-lelectrique\/","url":"https:\/\/news.mgmotor.eu\/fr\/press\/on-ne-demissionne-pas-sur-la-transition-vers-lelectrique\/","name":"On ne d\u00e9missionne pas sur la transition vers l\u2019\u00e9lectrique - MG Motor Europe","isPartOf":{"@id":"https:\/\/news.mgmotor.eu\/#website"},"datePublished":"2024-12-03T18:22:43+00:00","dateModified":"2024-12-18T14:52:48+00:00","breadcrumb":{"@id":"https:\/\/news.mgmotor.eu\/fr\/press\/on-ne-demissionne-pas-sur-la-transition-vers-lelectrique\/#breadcrumb"},"inLanguage":"fr-FR","potentialAction":[{"@type":"ReadAction","target":["https:\/\/news.mgmotor.eu\/fr\/press\/on-ne-demissionne-pas-sur-la-transition-vers-lelectrique\/"]}]},{"@type":"BreadcrumbList","@id":"https:\/\/news.mgmotor.eu\/fr\/press\/on-ne-demissionne-pas-sur-la-transition-vers-lelectrique\/#breadcrumb","itemListElement":[{"@type":"ListItem","position":1,"name":"Home","item":"https:\/\/news.mgmotor.eu\/fr\/"},{"@type":"ListItem","position":2,"name":"Press Releases","item":"https:\/\/news.mgmotor.eu\/fr\/press\/"},{"@type":"ListItem","position":3,"name":"On ne d\u00e9missionne pas sur la transition vers l\u2019\u00e9lectrique"}]},{"@type":"WebSite","@id":"https:\/\/news.mgmotor.eu\/#website","url":"https:\/\/news.mgmotor.eu\/","name":"MG Motor Europe","description":"","potentialAction":[{"@type":"SearchAction","target":{"@type":"EntryPoint","urlTemplate":"https:\/\/news.mgmotor.eu\/?s={search_term_string}"},"query-input":"required name=search_term_string"}],"inLanguage":"fr-FR"}]}},"_links":{"self":[{"href":"https:\/\/news.mgmotor.eu\/fr\/wp-json\/wp\/v2\/press\/3576469"}],"collection":[{"href":"https:\/\/news.mgmotor.eu\/fr\/wp-json\/wp\/v2\/press"}],"about":[{"href":"https:\/\/news.mgmotor.eu\/fr\/wp-json\/wp\/v2\/types\/press"}],"wp:featuredmedia":[{"embeddable":true,"href":"https:\/\/news.mgmotor.eu\/fr\/wp-json\/wp\/v2\/media\/3576490"}],"wp:attachment":[{"href":"https:\/\/news.mgmotor.eu\/fr\/wp-json\/wp\/v2\/media?parent=3576469"}],"wp:term":[{"taxonomy":"category","embeddable":true,"href":"https:\/\/news.mgmotor.eu\/fr\/wp-json\/wp\/v2\/categories?post=3576469"},{"taxonomy":"post_tag","embeddable":true,"href":"https:\/\/news.mgmotor.eu\/fr\/wp-json\/wp\/v2\/tags?post=3576469"}],"curies":[{"name":"wp","href":"https:\/\/api.w.org\/{rel}","templated":true}]}}