{"id":3568387,"date":"2024-10-04T12:40:48","date_gmt":"2024-10-04T10:40:48","guid":{"rendered":"https:\/\/news.mgmotor.eu\/?post_type=press&#038;p=3568387"},"modified":"2024-10-04T12:40:50","modified_gmt":"2024-10-04T10:40:50","slug":"mg-motor-plus-que-jamais-engage-dans-la-transition-energetique-et-pour-le-pouvoir-dachat-des-francais","status":"publish","type":"press","link":"https:\/\/news.mgmotor.eu\/fr\/press\/mg-motor-plus-que-jamais-engage-dans-la-transition-energetique-et-pour-le-pouvoir-dachat-des-francais\/","title":{"rendered":"MG Motor plus que jamais engag\u00e9 dans la transition \u00e9nerg\u00e9tique et pour le pouvoir d&#8217;achat des Fran\u00e7ais"},"content":{"rendered":"\n<ul>\n<li><strong>MG Motor France s\u2019engage aupr\u00e8s de tous ses clients \u00e0 maintenir ses tarifs en 2024<\/strong><\/li>\n\n\n\n<li><strong>MG Motor propose une gamme d\u2019\u00e9nergies diversifi\u00e9es&nbsp;: hybride, hybride rechargeable et 100 % \u00e9lectrique<\/strong><\/li>\n\n\n\n<li><strong>\u00ab&nbsp;La commission Europ\u00e9enne ne doit pas freiner la transition \u00e9nerg\u00e9tique&nbsp;\u00bb d\u00e9clare Julien Robert, Vice-Pr\u00e9sident de MG Motor France<\/strong><\/li>\n<\/ul>\n\n\n\n<p>Courbevoie, le 4 octobre 2024 <strong>\u2013 MG Motor est r\u00e9solument engag\u00e9 dans la transition \u00e9nerg\u00e9tique ainsi que pour le pouvoir d\u2019achat des Fran\u00e7ais, et s\u2019engage \u00e0 maintenir les tarifs de ses v\u00e9hicules 100% \u00e9lectriques jusqu\u2019\u00e0 la fin de l\u2019ann\u00e9e 2024, et ce, quelles que soient les taxes suppl\u00e9mentaires vot\u00e9es par la Commission Europ\u00e9enne. En tant que constructeur g\u00e9n\u00e9raliste, MG Motor propose une gamme diversifi\u00e9e r\u00e9pondant aux usages des familles Fran\u00e7aises\u00a0: hybride, hybride rechargeable et 100% \u00e9lectrique, toutes garanties 7 ans.<\/strong><\/p>\n\n\n\n<p>Constructeur originaire de la banlieue d\u2019Oxford, MG Motor a toujours propos\u00e9 des voitures plaisir et performantes \u00e0 des tarifs abordables, afin que tout un chacun puisse b\u00e9n\u00e9ficier des derni\u00e8res technologies, de confort et de s\u00e9curit\u00e9.<\/p>\n\n\n\n<p>Au d\u00e9but de l\u2019ann\u00e9e 2024, malgr\u00e9 la perte du bonus impos\u00e9e aux clients de nos v\u00e9hicules 100% \u00e9lectriques, MG s\u2019\u00e9tait engag\u00e9 \u00e0 compenser cette privation et a tenu parole puisqu\u2019une compensation de 5&nbsp;000\u20ac est toujours appliqu\u00e9e sur tous les mod\u00e8les concern\u00e9s.<\/p>\n\n\n\n<p>Aujourd\u2019hui, la Commission Europ\u00e9enne a pour projet de taxer de mani\u00e8re excessive les v\u00e9hicules 100% \u00e9lectriques propos\u00e9s par MG en France, ralentissant de fait la transition vers une mobilit\u00e9 individuelle plus vertueuse, transition pourtant appel\u00e9e de ses v\u0153ux pour 2035 par cette m\u00eame commission.<\/p>\n\n\n\n<p>Face \u00e0 ce constat, MG Motor France a d\u00e9cid\u00e9 de ne pas p\u00e9naliser ses clients en 2024 et de maintenir les tarifs catalogues de ses mod\u00e8les 100% \u00e9lectriques, seuls concern\u00e9s par la votation du vendredi 4 octobre.<\/p>\n\n\n\n<p>Les autres mod\u00e8les, comme la MG3 Hybrid+ &#8211; d\u00e9butant \u00e0 19&nbsp;990\u20ac &#8211; ou le MG ZS Hybrid+ -d\u00e9butant \u00e0 22&nbsp;990\u20ac &#8211; qui repr\u00e9sentent la majorit\u00e9 des ventes de MG Motor en France depuis leur introduction, bien que non concern\u00e9s, voient \u00e9galement leurs tarifs fig\u00e9s jusqu\u2019\u00e0 la fin de l\u2019ann\u00e9e.<\/p>\n\n\n\n<p>Tout comme ses tarifs, la garantie MG Motor de 7 ans ou 150&nbsp;000 km s\u2019applique \u00e0 toute la gamme et reste inchang\u00e9e.<\/p>\n\n\n\n<p><em>\u00ab&nbsp;Les prix du march\u00e9 automobile ont flamb\u00e9 ces derni\u00e8res ann\u00e9es, mais notre volont\u00e9 de proposer des v\u00e9hicules technologiques, s\u00e9curisants et \u00e0 faible empreinte environnementale aux automobilistes Fran\u00e7ais est intacte. L\u2019Union Europ\u00e9enne et l\u2019Etat Fran\u00e7ais ont depuis maintenant 18 mois une politique contre-productive \u00e0 l\u2019encontre de la transition \u00e9nerg\u00e9tique et du pouvoir d\u2019achat des Fran\u00e7ais. La mobilit\u00e9 \u00e9lectrifi\u00e9e est plus vertueuse, et permet d\u2019importantes \u00e9conomies pour le portefeuille des familles Fran\u00e7aises. Comme nous l\u2019avons d\u00e9j\u00e0 fait par le pass\u00e9, chez MG Motor, nous nous engageons \u00e0 maintenir les tarifs de l\u2019ensemble de notre gamme jusqu\u2019au 31 d\u00e9cembre 2024, afin de permettre \u00e0 tous ceux qui le souhaitent, de r\u00e9duire leur empreinte environnementale et de maintenir leur pouvoir d\u2019achat.&nbsp;\u00bb <\/em>d\u00e9clare Julien Robert, Vice-Pr\u00e9sident en charge des ventes et du r\u00e9seau MG Motor France.<\/p>\n","protected":false},"excerpt":{"rendered":"<p>Courbevoie, le 4 octobre 2024 \u2013 MG Motor est r\u00e9solument engag\u00e9 dans la transition \u00e9nerg\u00e9tique ainsi que pour le pouvoir [&hellip;]<\/p>\n","protected":false},"featured_media":3562849,"template":"","categories":[62],"tags":[],"acf":[],"yoast_head":"<!-- This site is optimized with the Yoast SEO plugin v19.8 - https:\/\/yoast.com\/wordpress\/plugins\/seo\/ -->\n<title>MG Motor plus que jamais engag\u00e9 dans la transition \u00e9nerg\u00e9tique et pour le pouvoir d&#039;achat des Fran\u00e7ais - MG Motor Europe<\/title>\n<meta name=\"robots\" content=\"index, follow, max-snippet:-1, max-image-preview:large, max-video-preview:-1\" \/>\n<link rel=\"canonical\" href=\"https:\/\/news.mgmotor.eu\/fr\/press\/mg-motor-plus-que-jamais-engage-dans-la-transition-energetique-et-pour-le-pouvoir-dachat-des-francais\/\" \/>\n<meta property=\"og:locale\" content=\"fr_FR\" \/>\n<meta property=\"og:type\" content=\"article\" \/>\n<meta property=\"og:title\" content=\"MG Motor plus que jamais engag\u00e9 dans la transition \u00e9nerg\u00e9tique et pour le pouvoir d&#039;achat des Fran\u00e7ais - MG Motor Europe\" \/>\n<meta property=\"og:description\" content=\"Courbevoie, le 4 octobre 2024 \u2013 MG Motor est r\u00e9solument engag\u00e9 dans la transition \u00e9nerg\u00e9tique ainsi que pour le pouvoir [&hellip;]\" \/>\n<meta property=\"og:url\" content=\"https:\/\/news.mgmotor.eu\/fr\/press\/mg-motor-plus-que-jamais-engage-dans-la-transition-energetique-et-pour-le-pouvoir-dachat-des-francais\/\" \/>\n<meta property=\"og:site_name\" content=\"MG Motor Europe\" \/>\n<meta property=\"article:modified_time\" content=\"2024-10-04T10:40:50+00:00\" \/>\n<meta property=\"og:image\" content=\"https:\/\/news.mgmotor.eu\/wp-content\/uploads\/2024\/04\/Concession-MG-Vienne.jpg\" \/>\n\t<meta property=\"og:image:width\" content=\"1200\" \/>\n\t<meta property=\"og:image:height\" content=\"1115\" \/>\n\t<meta property=\"og:image:type\" content=\"image\/jpeg\" \/>\n<meta name=\"twitter:card\" content=\"summary_large_image\" \/>\n<meta name=\"twitter:label1\" content=\"Est. reading time\" \/>\n\t<meta name=\"twitter:data1\" content=\"3 minutes\" \/>\n<script type=\"application\/ld+json\" class=\"yoast-schema-graph\">{\"@context\":\"https:\/\/schema.org\",\"@graph\":[{\"@type\":\"WebPage\",\"@id\":\"https:\/\/news.mgmotor.eu\/fr\/press\/mg-motor-plus-que-jamais-engage-dans-la-transition-energetique-et-pour-le-pouvoir-dachat-des-francais\/\",\"url\":\"https:\/\/news.mgmotor.eu\/fr\/press\/mg-motor-plus-que-jamais-engage-dans-la-transition-energetique-et-pour-le-pouvoir-dachat-des-francais\/\",\"name\":\"MG Motor plus que jamais engag\u00e9 dans la transition \u00e9nerg\u00e9tique et pour le pouvoir d'achat des Fran\u00e7ais - MG Motor Europe\",\"isPartOf\":{\"@id\":\"https:\/\/news.mgmotor.eu\/#website\"},\"datePublished\":\"2024-10-04T10:40:48+00:00\",\"dateModified\":\"2024-10-04T10:40:50+00:00\",\"breadcrumb\":{\"@id\":\"https:\/\/news.mgmotor.eu\/fr\/press\/mg-motor-plus-que-jamais-engage-dans-la-transition-energetique-et-pour-le-pouvoir-dachat-des-francais\/#breadcrumb\"},\"inLanguage\":\"fr-FR\",\"potentialAction\":[{\"@type\":\"ReadAction\",\"target\":[\"https:\/\/news.mgmotor.eu\/fr\/press\/mg-motor-plus-que-jamais-engage-dans-la-transition-energetique-et-pour-le-pouvoir-dachat-des-francais\/\"]}]},{\"@type\":\"BreadcrumbList\",\"@id\":\"https:\/\/news.mgmotor.eu\/fr\/press\/mg-motor-plus-que-jamais-engage-dans-la-transition-energetique-et-pour-le-pouvoir-dachat-des-francais\/#breadcrumb\",\"itemListElement\":[{\"@type\":\"ListItem\",\"position\":1,\"name\":\"Home\",\"item\":\"https:\/\/news.mgmotor.eu\/fr\/\"},{\"@type\":\"ListItem\",\"position\":2,\"name\":\"Press Releases\",\"item\":\"https:\/\/news.mgmotor.eu\/fr\/press\/\"},{\"@type\":\"ListItem\",\"position\":3,\"name\":\"MG Motor plus que jamais engag\u00e9 dans la transition \u00e9nerg\u00e9tique et pour le pouvoir d&#8217;achat des Fran\u00e7ais\"}]},{\"@type\":\"WebSite\",\"@id\":\"https:\/\/news.mgmotor.eu\/#website\",\"url\":\"https:\/\/news.mgmotor.eu\/\",\"name\":\"MG Motor Europe\",\"description\":\"\",\"potentialAction\":[{\"@type\":\"SearchAction\",\"target\":{\"@type\":\"EntryPoint\",\"urlTemplate\":\"https:\/\/news.mgmotor.eu\/?s={search_term_string}\"},\"query-input\":\"required name=search_term_string\"}],\"inLanguage\":\"fr-FR\"}]}<\/script>\n<!-- \/ Yoast SEO plugin. -->","yoast_head_json":{"title":"MG Motor plus que jamais engag\u00e9 dans la transition \u00e9nerg\u00e9tique et pour le pouvoir d'achat des Fran\u00e7ais - MG Motor Europe","robots":{"index":"index","follow":"follow","max-snippet":"max-snippet:-1","max-image-preview":"max-image-preview:large","max-video-preview":"max-video-preview:-1"},"canonical":"https:\/\/news.mgmotor.eu\/fr\/press\/mg-motor-plus-que-jamais-engage-dans-la-transition-energetique-et-pour-le-pouvoir-dachat-des-francais\/","og_locale":"fr_FR","og_type":"article","og_title":"MG Motor plus que jamais engag\u00e9 dans la transition \u00e9nerg\u00e9tique et pour le pouvoir d'achat des Fran\u00e7ais - MG Motor Europe","og_description":"Courbevoie, le 4 octobre 2024 \u2013 MG Motor est r\u00e9solument engag\u00e9 dans la transition \u00e9nerg\u00e9tique ainsi que pour le pouvoir [&hellip;]","og_url":"https:\/\/news.mgmotor.eu\/fr\/press\/mg-motor-plus-que-jamais-engage-dans-la-transition-energetique-et-pour-le-pouvoir-dachat-des-francais\/","og_site_name":"MG Motor Europe","article_modified_time":"2024-10-04T10:40:50+00:00","og_image":[{"width":1200,"height":1115,"url":"https:\/\/news.mgmotor.eu\/wp-content\/uploads\/2024\/04\/Concession-MG-Vienne.jpg","type":"image\/jpeg"}],"twitter_card":"summary_large_image","twitter_misc":{"Est. reading time":"3 minutes"},"schema":{"@context":"https:\/\/schema.org","@graph":[{"@type":"WebPage","@id":"https:\/\/news.mgmotor.eu\/fr\/press\/mg-motor-plus-que-jamais-engage-dans-la-transition-energetique-et-pour-le-pouvoir-dachat-des-francais\/","url":"https:\/\/news.mgmotor.eu\/fr\/press\/mg-motor-plus-que-jamais-engage-dans-la-transition-energetique-et-pour-le-pouvoir-dachat-des-francais\/","name":"MG Motor plus que jamais engag\u00e9 dans la transition \u00e9nerg\u00e9tique et pour le pouvoir d'achat des Fran\u00e7ais - MG Motor Europe","isPartOf":{"@id":"https:\/\/news.mgmotor.eu\/#website"},"datePublished":"2024-10-04T10:40:48+00:00","dateModified":"2024-10-04T10:40:50+00:00","breadcrumb":{"@id":"https:\/\/news.mgmotor.eu\/fr\/press\/mg-motor-plus-que-jamais-engage-dans-la-transition-energetique-et-pour-le-pouvoir-dachat-des-francais\/#breadcrumb"},"inLanguage":"fr-FR","potentialAction":[{"@type":"ReadAction","target":["https:\/\/news.mgmotor.eu\/fr\/press\/mg-motor-plus-que-jamais-engage-dans-la-transition-energetique-et-pour-le-pouvoir-dachat-des-francais\/"]}]},{"@type":"BreadcrumbList","@id":"https:\/\/news.mgmotor.eu\/fr\/press\/mg-motor-plus-que-jamais-engage-dans-la-transition-energetique-et-pour-le-pouvoir-dachat-des-francais\/#breadcrumb","itemListElement":[{"@type":"ListItem","position":1,"name":"Home","item":"https:\/\/news.mgmotor.eu\/fr\/"},{"@type":"ListItem","position":2,"name":"Press Releases","item":"https:\/\/news.mgmotor.eu\/fr\/press\/"},{"@type":"ListItem","position":3,"name":"MG Motor plus que jamais engag\u00e9 dans la transition \u00e9nerg\u00e9tique et pour le pouvoir d&#8217;achat des Fran\u00e7ais"}]},{"@type":"WebSite","@id":"https:\/\/news.mgmotor.eu\/#website","url":"https:\/\/news.mgmotor.eu\/","name":"MG Motor Europe","description":"","potentialAction":[{"@type":"SearchAction","target":{"@type":"EntryPoint","urlTemplate":"https:\/\/news.mgmotor.eu\/?s={search_term_string}"},"query-input":"required name=search_term_string"}],"inLanguage":"fr-FR"}]}},"_links":{"self":[{"href":"https:\/\/news.mgmotor.eu\/fr\/wp-json\/wp\/v2\/press\/3568387"}],"collection":[{"href":"https:\/\/news.mgmotor.eu\/fr\/wp-json\/wp\/v2\/press"}],"about":[{"href":"https:\/\/news.mgmotor.eu\/fr\/wp-json\/wp\/v2\/types\/press"}],"wp:featuredmedia":[{"embeddable":true,"href":"https:\/\/news.mgmotor.eu\/fr\/wp-json\/wp\/v2\/media\/3562849"}],"wp:attachment":[{"href":"https:\/\/news.mgmotor.eu\/fr\/wp-json\/wp\/v2\/media?parent=3568387"}],"wp:term":[{"taxonomy":"category","embeddable":true,"href":"https:\/\/news.mgmotor.eu\/fr\/wp-json\/wp\/v2\/categories?post=3568387"},{"taxonomy":"post_tag","embeddable":true,"href":"https:\/\/news.mgmotor.eu\/fr\/wp-json\/wp\/v2\/tags?post=3568387"}],"curies":[{"name":"wp","href":"https:\/\/api.w.org\/{rel}","templated":true}]}}