{"id":3564793,"date":"2024-05-21T10:44:16","date_gmt":"2024-05-21T08:44:16","guid":{"rendered":"https:\/\/news.mgmotor.eu\/?post_type=press&#038;p=3564793"},"modified":"2024-05-21T10:44:18","modified_gmt":"2024-05-21T08:44:18","slug":"ouverture-des-commandes-de-la-mg3-hybrid","status":"publish","type":"press","link":"https:\/\/news.mgmotor.eu\/fr\/press\/ouverture-des-commandes-de-la-mg3-hybrid\/","title":{"rendered":"Ouverture des commandes de la MG3 Hybrid+"},"content":{"rendered":"\n<ul>\n<li><strong>MG Motor France r\u00e9v\u00e8le les tarifs et \u00e9quipements de l\u2019ensemble de la gamme MG3 Hybrid+<\/strong><\/li>\n\n\n\n<li><strong>La citadine hybride est disponible \u00e0 partir de 19&nbsp;990\u20ac<\/strong><\/li>\n\n\n\n<li><strong>Les 1&nbsp;000 premiers pr\u00e9-r\u00e9servataires vont b\u00e9n\u00e9ficier d\u2019une livraison de leur v\u00e9hicule en priorit\u00e9<\/strong><\/li>\n<\/ul>\n\n\n\n<p>Courbevoie, le 21 mai 2024 \u2013 <strong>Le bateau charg\u00e9 d\u2019acheminer les premi\u00e8res MG3 Hybrid+ est arriv\u00e9 au port du Havre et les premi\u00e8res citadines hybrides orn\u00e9es de l\u2019octogone vont prendre le chemin des concessions. Les premiers exemplaires arriv\u00e9s permettront aux pr\u00e9-r\u00e9servataires de confirmer leur achat par un essai exclusif. A cette occasion, MG Motor France en profite pour d\u00e9voiler les tarifs et \u00e9quipements complets de la gamme MG3 Hybrid+.<\/strong><\/p>\n\n\n\n<p>Le nouveau trublion du segment des citadines d\u00e9barque dans l\u2019Hexagone, et \u00e0 ce titre elle devient la proposition \u00ab&nbsp;full&nbsp;hybrid&nbsp;\u00bb la plus accessible du march\u00e9. Les premi\u00e8res voitures ont quitt\u00e9 le port du Havre cette semaine et vont d\u00e9sormais rejoindre le r\u00e9seau de distribution de MG Motor France. Ce sera l\u2019occasion, pour les 1&nbsp;000 pr\u00e9-r\u00e9servataires d\u2019\u00eatre les premiers \u00e0 d\u00e9couvrir les performances \u00e9lectrisantes de la MG3 Hybrid+.<\/p>\n\n\n\n<p>Forte de 195 ch en puissance cumul\u00e9e, la MG3 Hybrid+ exp\u00e9die le 0 \u00e0 100 km\/h en 8 secondes, et propose des reprises toniques avec le 80-120 km\/h r\u00e9alis\u00e9 en 5 secondes. Ces performances vont de pair avec une consommation maitris\u00e9e, avec 4,4L\/100 kms et des \u00e9missions de100 g de CO<sub>2<\/sub>\/km sur le cycle WLTP.<\/p>\n\n\n\n<p>Con\u00e7ue selon la philosophie MG \u00ab&nbsp;Fun to drive&nbsp;\u00bb, la polyvalente citadine n\u2019en reste pas moins habitable et confortable, avec son coffre de 293L et un niveau sonore qui fait r\u00e9f\u00e9rence dans sa cat\u00e9gorie.<\/p>\n\n\n\n<p>A cette occasion, MG Motor France d\u00e9taille ses tarifs et \u00e9quipements d\u00e9finitifs. D\u00e8s la finition Standard, la MG3 Hybrid+ int\u00e8gre tous les \u00e9quipements de s\u00e9curit\u00e9, de confort et de connectivit\u00e9 attendus et m\u00eame plus encore&nbsp;:<\/p>\n\n\n\n<ul>\n<li>R\u00e9gulateur de vitesse adaptatif avec fonction limiteur<\/li>\n\n\n\n<li>Aide au maintien dans la voie actif<\/li>\n\n\n\n<li>Capteurs de stationnement arri\u00e8re avec cam\u00e9ra de recul<\/li>\n\n\n\n<li>Climatisation automatique<\/li>\n\n\n\n<li>Feux automatiques avec signature visuelle LED<\/li>\n\n\n\n<li>Compteur num\u00e9rique 7\u2019\u2019<\/li>\n\n\n\n<li>Ecran d\u2019Infodivertissement tactile 10,25\u2019\u2019 avec connectivit\u00e9 Android Auto\/CarPlay, iSMART Lite et navigation int\u00e9gr\u00e9e avec 4HP<\/li>\n\n\n\n<li>4 vitres \u00e9lectriques<\/li>\n<\/ul>\n\n\n\n<p>La finition Standard est disponible dans le r\u00e9seau MG Motor France \u00e0 19&nbsp;990\u20ac.<\/p>\n\n\n\n<p>Le niveau de finition interm\u00e9diaire \u00ab&nbsp;Comfort&nbsp;\u00bb ajoute les \u00e9l\u00e9ments suivants&nbsp;:<\/p>\n\n\n\n<ul>\n<li>D\u00e9marrage sans cl\u00e9<\/li>\n\n\n\n<li>Jantes alliage 16\u2019\u2019<\/li>\n\n\n\n<li>6 Hauts Parleurs<\/li>\n\n\n\n<li>Essuie-glace arri\u00e8re<\/li>\n\n\n\n<li>R\u00e9troviseurs ext\u00e9rieurs \u00e9lectriques et chauffants<\/li>\n<\/ul>\n\n\n\n<p>La finition Comfort est affich\u00e9e \u00e0 21&nbsp;490 \u20ac.<\/p>\n\n\n\n<p>La finition haut de gamme \u00ab&nbsp;Luxury&nbsp;\u00bb offre un niveau d\u2019\u00e9quipement digne des segments sup\u00e9rieurs avec de s\u00e9rie&nbsp;:<\/p>\n\n\n\n<ul>\n<li>Surveillance des angles morts avec alerte de circulation transversale<\/li>\n\n\n\n<li>Cam\u00e9ra 360\u00b0<\/li>\n\n\n\n<li>Phares 100% LED<\/li>\n\n\n\n<li>Capteur de pluie<\/li>\n\n\n\n<li>Acc\u00e8s et d\u00e9marrage sans cl\u00e9<\/li>\n\n\n\n<li>Si\u00e8ges avant chauffants et sellerie similicuir\/tissu<\/li>\n\n\n\n<li>Volant en cuir microfibre chauffant<\/li>\n<\/ul>\n\n\n\n<p>La finition Luxury est affich\u00e9e \u00e0 23&nbsp;490 \u20ac.<\/p>\n\n\n\n<p>Sur les 7 teintes disponibles, le \u00ab Dover White \u00bb est de s\u00e9rie, les autres peintures m\u00e9tallis\u00e9es, sont factur\u00e9es 650\u20ac&nbsp;: Pebble Black, Pastel Yellow, Como Blue, Diamond Red, Cosmic Silver et Hampstead Grey.<\/p>\n\n\n\n<p>L\u2019offre de financement sur MG3 Hybrid+&nbsp;:<\/p>\n\n\n\n<p>MG3 Standard&nbsp;en LLD 37 mois \u2013 30&nbsp;000 km&nbsp;:<\/p>\n\n\n\n<p>1<sup>er<\/sup> loyer&nbsp;: 3&nbsp;390 \u20ac puis 36 loyers mensuels de 149\u20ac Comme tous les mod\u00e8les de la gamme MG Motor, la MG3 Hybrid+ est garantie 7 ans ou 150&nbsp;000 kms.<\/p>\n","protected":false},"excerpt":{"rendered":"<p>Courbevoie, le 21 mai 2024 \u2013 Le bateau charg\u00e9 d\u2019acheminer les premi\u00e8res MG3 Hybrid+ est arriv\u00e9 au port du Havre [&hellip;]<\/p>\n","protected":false},"featured_media":3563978,"template":"","categories":[54],"tags":[],"acf":[],"yoast_head":"<!-- This site is optimized with the Yoast SEO plugin v19.8 - https:\/\/yoast.com\/wordpress\/plugins\/seo\/ -->\n<title>Ouverture des commandes de la MG3 Hybrid+ - MG Motor Europe<\/title>\n<meta name=\"robots\" content=\"index, follow, max-snippet:-1, max-image-preview:large, max-video-preview:-1\" \/>\n<link rel=\"canonical\" href=\"https:\/\/news.mgmotor.eu\/fr\/press\/ouverture-des-commandes-de-la-mg3-hybrid\/\" \/>\n<meta property=\"og:locale\" content=\"fr_FR\" \/>\n<meta property=\"og:type\" content=\"article\" \/>\n<meta property=\"og:title\" content=\"Ouverture des commandes de la MG3 Hybrid+ - MG Motor Europe\" \/>\n<meta property=\"og:description\" content=\"Courbevoie, le 21 mai 2024 \u2013 Le bateau charg\u00e9 d\u2019acheminer les premi\u00e8res MG3 Hybrid+ est arriv\u00e9 au port du Havre [&hellip;]\" \/>\n<meta property=\"og:url\" content=\"https:\/\/news.mgmotor.eu\/fr\/press\/ouverture-des-commandes-de-la-mg3-hybrid\/\" \/>\n<meta property=\"og:site_name\" content=\"MG Motor Europe\" \/>\n<meta property=\"article:modified_time\" content=\"2024-05-21T08:44:18+00:00\" \/>\n<meta property=\"og:image\" content=\"https:\/\/news.mgmotor.eu\/wp-content\/uploads\/2024\/04\/MG3-Hybrid-73-min.jpg\" \/>\n\t<meta property=\"og:image:width\" content=\"5939\" \/>\n\t<meta property=\"og:image:height\" content=\"3961\" \/>\n\t<meta property=\"og:image:type\" content=\"image\/jpeg\" \/>\n<meta name=\"twitter:card\" content=\"summary_large_image\" \/>\n<meta name=\"twitter:label1\" content=\"Est. reading time\" \/>\n\t<meta name=\"twitter:data1\" content=\"3 minutes\" \/>\n<script type=\"application\/ld+json\" class=\"yoast-schema-graph\">{\"@context\":\"https:\/\/schema.org\",\"@graph\":[{\"@type\":\"WebPage\",\"@id\":\"https:\/\/news.mgmotor.eu\/fr\/press\/ouverture-des-commandes-de-la-mg3-hybrid\/\",\"url\":\"https:\/\/news.mgmotor.eu\/fr\/press\/ouverture-des-commandes-de-la-mg3-hybrid\/\",\"name\":\"Ouverture des commandes de la MG3 Hybrid+ - MG Motor Europe\",\"isPartOf\":{\"@id\":\"https:\/\/news.mgmotor.eu\/#website\"},\"datePublished\":\"2024-05-21T08:44:16+00:00\",\"dateModified\":\"2024-05-21T08:44:18+00:00\",\"breadcrumb\":{\"@id\":\"https:\/\/news.mgmotor.eu\/fr\/press\/ouverture-des-commandes-de-la-mg3-hybrid\/#breadcrumb\"},\"inLanguage\":\"fr-FR\",\"potentialAction\":[{\"@type\":\"ReadAction\",\"target\":[\"https:\/\/news.mgmotor.eu\/fr\/press\/ouverture-des-commandes-de-la-mg3-hybrid\/\"]}]},{\"@type\":\"BreadcrumbList\",\"@id\":\"https:\/\/news.mgmotor.eu\/fr\/press\/ouverture-des-commandes-de-la-mg3-hybrid\/#breadcrumb\",\"itemListElement\":[{\"@type\":\"ListItem\",\"position\":1,\"name\":\"Home\",\"item\":\"https:\/\/news.mgmotor.eu\/fr\/\"},{\"@type\":\"ListItem\",\"position\":2,\"name\":\"Press Releases\",\"item\":\"https:\/\/news.mgmotor.eu\/fr\/press\/\"},{\"@type\":\"ListItem\",\"position\":3,\"name\":\"Ouverture des commandes de la MG3 Hybrid+\"}]},{\"@type\":\"WebSite\",\"@id\":\"https:\/\/news.mgmotor.eu\/#website\",\"url\":\"https:\/\/news.mgmotor.eu\/\",\"name\":\"MG Motor Europe\",\"description\":\"\",\"potentialAction\":[{\"@type\":\"SearchAction\",\"target\":{\"@type\":\"EntryPoint\",\"urlTemplate\":\"https:\/\/news.mgmotor.eu\/?s={search_term_string}\"},\"query-input\":\"required name=search_term_string\"}],\"inLanguage\":\"fr-FR\"}]}<\/script>\n<!-- \/ Yoast SEO plugin. -->","yoast_head_json":{"title":"Ouverture des commandes de la MG3 Hybrid+ - MG Motor Europe","robots":{"index":"index","follow":"follow","max-snippet":"max-snippet:-1","max-image-preview":"max-image-preview:large","max-video-preview":"max-video-preview:-1"},"canonical":"https:\/\/news.mgmotor.eu\/fr\/press\/ouverture-des-commandes-de-la-mg3-hybrid\/","og_locale":"fr_FR","og_type":"article","og_title":"Ouverture des commandes de la MG3 Hybrid+ - MG Motor Europe","og_description":"Courbevoie, le 21 mai 2024 \u2013 Le bateau charg\u00e9 d\u2019acheminer les premi\u00e8res MG3 Hybrid+ est arriv\u00e9 au port du Havre [&hellip;]","og_url":"https:\/\/news.mgmotor.eu\/fr\/press\/ouverture-des-commandes-de-la-mg3-hybrid\/","og_site_name":"MG Motor Europe","article_modified_time":"2024-05-21T08:44:18+00:00","og_image":[{"width":5939,"height":3961,"url":"https:\/\/news.mgmotor.eu\/wp-content\/uploads\/2024\/04\/MG3-Hybrid-73-min.jpg","type":"image\/jpeg"}],"twitter_card":"summary_large_image","twitter_misc":{"Est. reading time":"3 minutes"},"schema":{"@context":"https:\/\/schema.org","@graph":[{"@type":"WebPage","@id":"https:\/\/news.mgmotor.eu\/fr\/press\/ouverture-des-commandes-de-la-mg3-hybrid\/","url":"https:\/\/news.mgmotor.eu\/fr\/press\/ouverture-des-commandes-de-la-mg3-hybrid\/","name":"Ouverture des commandes de la MG3 Hybrid+ - MG Motor Europe","isPartOf":{"@id":"https:\/\/news.mgmotor.eu\/#website"},"datePublished":"2024-05-21T08:44:16+00:00","dateModified":"2024-05-21T08:44:18+00:00","breadcrumb":{"@id":"https:\/\/news.mgmotor.eu\/fr\/press\/ouverture-des-commandes-de-la-mg3-hybrid\/#breadcrumb"},"inLanguage":"fr-FR","potentialAction":[{"@type":"ReadAction","target":["https:\/\/news.mgmotor.eu\/fr\/press\/ouverture-des-commandes-de-la-mg3-hybrid\/"]}]},{"@type":"BreadcrumbList","@id":"https:\/\/news.mgmotor.eu\/fr\/press\/ouverture-des-commandes-de-la-mg3-hybrid\/#breadcrumb","itemListElement":[{"@type":"ListItem","position":1,"name":"Home","item":"https:\/\/news.mgmotor.eu\/fr\/"},{"@type":"ListItem","position":2,"name":"Press Releases","item":"https:\/\/news.mgmotor.eu\/fr\/press\/"},{"@type":"ListItem","position":3,"name":"Ouverture des commandes de la MG3 Hybrid+"}]},{"@type":"WebSite","@id":"https:\/\/news.mgmotor.eu\/#website","url":"https:\/\/news.mgmotor.eu\/","name":"MG Motor Europe","description":"","potentialAction":[{"@type":"SearchAction","target":{"@type":"EntryPoint","urlTemplate":"https:\/\/news.mgmotor.eu\/?s={search_term_string}"},"query-input":"required name=search_term_string"}],"inLanguage":"fr-FR"}]}},"_links":{"self":[{"href":"https:\/\/news.mgmotor.eu\/fr\/wp-json\/wp\/v2\/press\/3564793"}],"collection":[{"href":"https:\/\/news.mgmotor.eu\/fr\/wp-json\/wp\/v2\/press"}],"about":[{"href":"https:\/\/news.mgmotor.eu\/fr\/wp-json\/wp\/v2\/types\/press"}],"wp:featuredmedia":[{"embeddable":true,"href":"https:\/\/news.mgmotor.eu\/fr\/wp-json\/wp\/v2\/media\/3563978"}],"wp:attachment":[{"href":"https:\/\/news.mgmotor.eu\/fr\/wp-json\/wp\/v2\/media?parent=3564793"}],"wp:term":[{"taxonomy":"category","embeddable":true,"href":"https:\/\/news.mgmotor.eu\/fr\/wp-json\/wp\/v2\/categories?post=3564793"},{"taxonomy":"post_tag","embeddable":true,"href":"https:\/\/news.mgmotor.eu\/fr\/wp-json\/wp\/v2\/tags?post=3564793"}],"curies":[{"name":"wp","href":"https:\/\/api.w.org\/{rel}","templated":true}]}}