{"id":3564267,"date":"2024-04-24T16:36:50","date_gmt":"2024-04-24T14:36:50","guid":{"rendered":"https:\/\/news.mgmotor.eu\/?post_type=press&#038;p=3564267"},"modified":"2024-04-24T16:36:51","modified_gmt":"2024-04-24T14:36:51","slug":"le-celebre-designer-automobile-jozef-kaban-rejoint-le-centre-de-design-de-mg-motor","status":"publish","type":"press","link":"https:\/\/news.mgmotor.eu\/fr\/press\/le-celebre-designer-automobile-jozef-kaban-rejoint-le-centre-de-design-de-mg-motor\/","title":{"rendered":"Le c\u00e9l\u00e8bre designer automobile Jozef Kaban rejoint le centre de design de MG Motor"},"content":{"rendered":"\n<ul>\n<li><strong>Jozef Kaban devient Vice-Pr\u00e9sident du centre de design SAIC, responsable de la conception avanc\u00e9e et du design de la gamme MG<\/strong><\/li>\n\n\n\n<li><strong>Designer de renomm\u00e9e mondiale, il aura en charge la conception des gammes du groupe SAIC<\/strong><\/li>\n\n\n\n<li><strong>L\u2019arriv\u00e9e de Jozef Kaban contribuera \u00e0 acc\u00e9l\u00e9rer le d\u00e9veloppement de MG Motor \u00e0 l\u2019international<\/strong><\/li>\n<\/ul>\n\n\n\n<p>Courbevoie, le 24 avril 2024 &#8211; <strong>Le groupe SAIC est heureux d\u2019annoncer l\u2019arriv\u00e9e dans son giron du c\u00e9l\u00e8bre designer automobile Jozef Kaban, ancien directeur du design ext\u00e9rieur chez Audi, ayant auparavant occup\u00e9 le poste de directeur du design chez \u0160KODA, BMW, Rolls-Royce et Volkswagen, et cr\u00e9ateur de la Bugatti Veyron. Il occupera le poste de Vice-Pr\u00e9sident du centre de design SAIC, responsable de la conception avanc\u00e9e et du design de la gamme MG, et sera responsable de la conception et du d\u00e9veloppement de produits pour l&#8217;ensemble des marques automobiles du groupe SAIC.<\/strong><\/p>\n\n\n\n<p>Le c\u00e9l\u00e8bre ma\u00eetre designer automobile Slovaque Jozef Kaban, dipl\u00f4m\u00e9 en 1997 du Royal College of Art de Londres en design des transports, a d\u00e9but\u00e9 sa carri\u00e8re dans le groupe Volkswagen en Allemagne, faisant preuve d\u2019un talent exceptionnel. \u00c0 seulement 25 ans, Jozef Kaban a dirig\u00e9 le projet de la Bugatti Veyron, concevant \u00e0 la fois son ext\u00e9rieur et son int\u00e9rieur, ce qui a suscit\u00e9 une \u00e9norme sensation dans le monde de l&#8217;automobile et lui a valu le titre de g\u00e9nie du design automobile le plus talentueux du d\u00e9but du 21e si\u00e8cle. V\u00e9ritable visionnaire en mati\u00e8re de conception automobile, Jozef Kaban a occup\u00e9 le poste de chef du design ext\u00e9rieur chez Audi, puis celle de chef du design global chez des constructeurs de premier plan comme \u0160KODA, BMW, Rolls-Royce et Volkswagen.<\/p>\n\n\n\n<p>Jozef Kaban poss\u00e8de une capacit\u00e9 de planification et une connaissance produit hors pair. Ses designs intemporels ont rencontr\u00e9 un franc succ\u00e8s d\u2019estime et commercial gr\u00e2ce \u00e0 sa vision avant-gardiste et \u00e0 ses m\u00e9thodes de conception rapides, b\u00e9n\u00e9fiques pour MG Motor \u00e0 l&#8217;\u00e8re des nouvelles \u00e9nergies.<\/p>\n\n\n\n<p>La vision mondiale de Jozef Kaban contribuera \u00e0 l&#8217;expansion de MG Motor \u00e0 l\u2019international et stimulera l\u2019innovation du centre de design MG. Ses id\u00e9es et sa philosophie avant-gardiste apportent une nouvelle perspective qui acc\u00e9l\u00e9rera la croissance de MG Motor en tant que r\u00e9f\u00e9rence du design automobile mondial.<\/p>\n\n\n\n<p><em>&#8220;MG Motor est un constructeur automobile renomm\u00e9 \u00e0 l&#8217;\u00e9chelle mondiale et la premi\u00e8re marque Chinoise \u00e0 l\u2019export. Je suis tr\u00e8s enthousiaste \u00e0 l&#8217;id\u00e9e de travailler au Centre de design de MG et j&#8217;esp\u00e8re pouvoir contribuer \u00e0 une nouvelle \u00e8re design automobile sur cette terre d&#8217;orient fertile et contribuer au succ\u00e8s de ce constructeur historique !&#8221;<\/em> d\u00e9clare Jozef Kaban.<\/p>\n","protected":false},"excerpt":{"rendered":"<p>Courbevoie, le 24 avril 2024 &#8211; Le groupe SAIC est heureux d\u2019annoncer l\u2019arriv\u00e9e dans son giron du c\u00e9l\u00e8bre designer automobile [&hellip;]<\/p>\n","protected":false},"featured_media":3564268,"template":"","categories":[54,62],"tags":[],"acf":[],"yoast_head":"<!-- This site is optimized with the Yoast SEO plugin v19.8 - https:\/\/yoast.com\/wordpress\/plugins\/seo\/ -->\n<title>Le c\u00e9l\u00e8bre designer automobile Jozef Kaban rejoint le centre de design de MG Motor - MG Motor Europe<\/title>\n<meta name=\"robots\" content=\"index, follow, max-snippet:-1, max-image-preview:large, max-video-preview:-1\" \/>\n<link rel=\"canonical\" href=\"https:\/\/news.mgmotor.eu\/fr\/press\/le-celebre-designer-automobile-jozef-kaban-rejoint-le-centre-de-design-de-mg-motor\/\" \/>\n<meta property=\"og:locale\" content=\"fr_FR\" \/>\n<meta property=\"og:type\" content=\"article\" \/>\n<meta property=\"og:title\" content=\"Le c\u00e9l\u00e8bre designer automobile Jozef Kaban rejoint le centre de design de MG Motor - MG Motor Europe\" \/>\n<meta property=\"og:description\" content=\"Courbevoie, le 24 avril 2024 &#8211; Le groupe SAIC est heureux d\u2019annoncer l\u2019arriv\u00e9e dans son giron du c\u00e9l\u00e8bre designer automobile [&hellip;]\" \/>\n<meta property=\"og:url\" content=\"https:\/\/news.mgmotor.eu\/fr\/press\/le-celebre-designer-automobile-jozef-kaban-rejoint-le-centre-de-design-de-mg-motor\/\" \/>\n<meta property=\"og:site_name\" content=\"MG Motor Europe\" \/>\n<meta property=\"article:modified_time\" content=\"2024-04-24T14:36:51+00:00\" \/>\n<meta property=\"og:image\" content=\"https:\/\/news.mgmotor.eu\/wp-content\/uploads\/2024\/04\/Image_20240422121005.jpg\" \/>\n\t<meta property=\"og:image:width\" content=\"1280\" \/>\n\t<meta property=\"og:image:height\" content=\"720\" \/>\n\t<meta property=\"og:image:type\" content=\"image\/jpeg\" \/>\n<meta name=\"twitter:card\" content=\"summary_large_image\" \/>\n<meta name=\"twitter:label1\" content=\"Est. reading time\" \/>\n\t<meta name=\"twitter:data1\" content=\"3 minutes\" \/>\n<script type=\"application\/ld+json\" class=\"yoast-schema-graph\">{\"@context\":\"https:\/\/schema.org\",\"@graph\":[{\"@type\":\"WebPage\",\"@id\":\"https:\/\/news.mgmotor.eu\/fr\/press\/le-celebre-designer-automobile-jozef-kaban-rejoint-le-centre-de-design-de-mg-motor\/\",\"url\":\"https:\/\/news.mgmotor.eu\/fr\/press\/le-celebre-designer-automobile-jozef-kaban-rejoint-le-centre-de-design-de-mg-motor\/\",\"name\":\"Le c\u00e9l\u00e8bre designer automobile Jozef Kaban rejoint le centre de design de MG Motor - MG Motor Europe\",\"isPartOf\":{\"@id\":\"https:\/\/news.mgmotor.eu\/#website\"},\"datePublished\":\"2024-04-24T14:36:50+00:00\",\"dateModified\":\"2024-04-24T14:36:51+00:00\",\"breadcrumb\":{\"@id\":\"https:\/\/news.mgmotor.eu\/fr\/press\/le-celebre-designer-automobile-jozef-kaban-rejoint-le-centre-de-design-de-mg-motor\/#breadcrumb\"},\"inLanguage\":\"fr-FR\",\"potentialAction\":[{\"@type\":\"ReadAction\",\"target\":[\"https:\/\/news.mgmotor.eu\/fr\/press\/le-celebre-designer-automobile-jozef-kaban-rejoint-le-centre-de-design-de-mg-motor\/\"]}]},{\"@type\":\"BreadcrumbList\",\"@id\":\"https:\/\/news.mgmotor.eu\/fr\/press\/le-celebre-designer-automobile-jozef-kaban-rejoint-le-centre-de-design-de-mg-motor\/#breadcrumb\",\"itemListElement\":[{\"@type\":\"ListItem\",\"position\":1,\"name\":\"Home\",\"item\":\"https:\/\/news.mgmotor.eu\/fr\/\"},{\"@type\":\"ListItem\",\"position\":2,\"name\":\"Press Releases\",\"item\":\"https:\/\/news.mgmotor.eu\/fr\/press\/\"},{\"@type\":\"ListItem\",\"position\":3,\"name\":\"Le c\u00e9l\u00e8bre designer automobile Jozef Kaban rejoint le centre de design de MG Motor\"}]},{\"@type\":\"WebSite\",\"@id\":\"https:\/\/news.mgmotor.eu\/#website\",\"url\":\"https:\/\/news.mgmotor.eu\/\",\"name\":\"MG Motor Europe\",\"description\":\"\",\"potentialAction\":[{\"@type\":\"SearchAction\",\"target\":{\"@type\":\"EntryPoint\",\"urlTemplate\":\"https:\/\/news.mgmotor.eu\/?s={search_term_string}\"},\"query-input\":\"required name=search_term_string\"}],\"inLanguage\":\"fr-FR\"}]}<\/script>\n<!-- \/ Yoast SEO plugin. -->","yoast_head_json":{"title":"Le c\u00e9l\u00e8bre designer automobile Jozef Kaban rejoint le centre de design de MG Motor - MG Motor Europe","robots":{"index":"index","follow":"follow","max-snippet":"max-snippet:-1","max-image-preview":"max-image-preview:large","max-video-preview":"max-video-preview:-1"},"canonical":"https:\/\/news.mgmotor.eu\/fr\/press\/le-celebre-designer-automobile-jozef-kaban-rejoint-le-centre-de-design-de-mg-motor\/","og_locale":"fr_FR","og_type":"article","og_title":"Le c\u00e9l\u00e8bre designer automobile Jozef Kaban rejoint le centre de design de MG Motor - MG Motor Europe","og_description":"Courbevoie, le 24 avril 2024 &#8211; Le groupe SAIC est heureux d\u2019annoncer l\u2019arriv\u00e9e dans son giron du c\u00e9l\u00e8bre designer automobile [&hellip;]","og_url":"https:\/\/news.mgmotor.eu\/fr\/press\/le-celebre-designer-automobile-jozef-kaban-rejoint-le-centre-de-design-de-mg-motor\/","og_site_name":"MG Motor Europe","article_modified_time":"2024-04-24T14:36:51+00:00","og_image":[{"width":1280,"height":720,"url":"https:\/\/news.mgmotor.eu\/wp-content\/uploads\/2024\/04\/Image_20240422121005.jpg","type":"image\/jpeg"}],"twitter_card":"summary_large_image","twitter_misc":{"Est. reading time":"3 minutes"},"schema":{"@context":"https:\/\/schema.org","@graph":[{"@type":"WebPage","@id":"https:\/\/news.mgmotor.eu\/fr\/press\/le-celebre-designer-automobile-jozef-kaban-rejoint-le-centre-de-design-de-mg-motor\/","url":"https:\/\/news.mgmotor.eu\/fr\/press\/le-celebre-designer-automobile-jozef-kaban-rejoint-le-centre-de-design-de-mg-motor\/","name":"Le c\u00e9l\u00e8bre designer automobile Jozef Kaban rejoint le centre de design de MG Motor - MG Motor Europe","isPartOf":{"@id":"https:\/\/news.mgmotor.eu\/#website"},"datePublished":"2024-04-24T14:36:50+00:00","dateModified":"2024-04-24T14:36:51+00:00","breadcrumb":{"@id":"https:\/\/news.mgmotor.eu\/fr\/press\/le-celebre-designer-automobile-jozef-kaban-rejoint-le-centre-de-design-de-mg-motor\/#breadcrumb"},"inLanguage":"fr-FR","potentialAction":[{"@type":"ReadAction","target":["https:\/\/news.mgmotor.eu\/fr\/press\/le-celebre-designer-automobile-jozef-kaban-rejoint-le-centre-de-design-de-mg-motor\/"]}]},{"@type":"BreadcrumbList","@id":"https:\/\/news.mgmotor.eu\/fr\/press\/le-celebre-designer-automobile-jozef-kaban-rejoint-le-centre-de-design-de-mg-motor\/#breadcrumb","itemListElement":[{"@type":"ListItem","position":1,"name":"Home","item":"https:\/\/news.mgmotor.eu\/fr\/"},{"@type":"ListItem","position":2,"name":"Press Releases","item":"https:\/\/news.mgmotor.eu\/fr\/press\/"},{"@type":"ListItem","position":3,"name":"Le c\u00e9l\u00e8bre designer automobile Jozef Kaban rejoint le centre de design de MG Motor"}]},{"@type":"WebSite","@id":"https:\/\/news.mgmotor.eu\/#website","url":"https:\/\/news.mgmotor.eu\/","name":"MG Motor Europe","description":"","potentialAction":[{"@type":"SearchAction","target":{"@type":"EntryPoint","urlTemplate":"https:\/\/news.mgmotor.eu\/?s={search_term_string}"},"query-input":"required name=search_term_string"}],"inLanguage":"fr-FR"}]}},"_links":{"self":[{"href":"https:\/\/news.mgmotor.eu\/fr\/wp-json\/wp\/v2\/press\/3564267"}],"collection":[{"href":"https:\/\/news.mgmotor.eu\/fr\/wp-json\/wp\/v2\/press"}],"about":[{"href":"https:\/\/news.mgmotor.eu\/fr\/wp-json\/wp\/v2\/types\/press"}],"wp:featuredmedia":[{"embeddable":true,"href":"https:\/\/news.mgmotor.eu\/fr\/wp-json\/wp\/v2\/media\/3564268"}],"wp:attachment":[{"href":"https:\/\/news.mgmotor.eu\/fr\/wp-json\/wp\/v2\/media?parent=3564267"}],"wp:term":[{"taxonomy":"category","embeddable":true,"href":"https:\/\/news.mgmotor.eu\/fr\/wp-json\/wp\/v2\/categories?post=3564267"},{"taxonomy":"post_tag","embeddable":true,"href":"https:\/\/news.mgmotor.eu\/fr\/wp-json\/wp\/v2\/tags?post=3564267"}],"curies":[{"name":"wp","href":"https:\/\/api.w.org\/{rel}","templated":true}]}}