{"id":3562756,"date":"2024-03-28T14:49:46","date_gmt":"2024-03-28T13:49:46","guid":{"rendered":"https:\/\/news.mgmotor.eu\/?post_type=press&#038;p=3562756"},"modified":"2024-03-28T14:49:48","modified_gmt":"2024-03-28T13:49:48","slug":"ouverture-des-pre-reservations-de-la-nouvelle-mg3-hybrid","status":"publish","type":"press","link":"https:\/\/news.mgmotor.eu\/fr\/press\/ouverture-des-pre-reservations-de-la-nouvelle-mg3-hybrid\/","title":{"rendered":"Ouverture des pr\u00e9-r\u00e9servations de la nouvelle MG3 Hybrid+"},"content":{"rendered":"\n<ul>\n<li><strong>La nouvelle citadine polyvalente propose un \u00e9quipement technologique complet sur toute sa gamme<\/strong><\/li>\n\n\n\n<li><strong>La campagne de pr\u00e9-r\u00e9servation de la MG3 Hybrid+ est ouverte sur mgmotor.fr<\/strong><\/li>\n\n\n\n<li><strong>La nouvelle MG3 Hybrid+ d\u00e9butera \u00e0 moins de 20&nbsp;000\u20ac<\/strong><\/li>\n<\/ul>\n\n\n\n<p>Courbevoie, le 28 mars 2024 \u2013 <strong>La citadine polyvalente MG3 Hybrid+ arrivera chez tous les partenaires MG Motor en France au mois de juin 2024, mais la citadine polyvalente est d\u00e9j\u00e0 disponible \u00e0 la pr\u00e9-r\u00e9servation (limit\u00e9e \u00e0 1&nbsp;000 exemplaires en France) avec \u00e0 la cl\u00e9, l\u2019assurance d\u2019\u00eatre parmi les premiers \u00e0 rouler en MG3 Hybrid+ et de b\u00e9n\u00e9ficier d\u2019un pack de bienvenue et de la tranquillit\u00e9 de deux ans d\u2019entretien offerts.<\/strong><\/p>\n\n\n\n<p>Alors que le constructeur originaire d\u2019Oxford f\u00eate ses 100 ans, la MG3 est disponible en France pour la premi\u00e8re fois. Trois finitions seront disponibles au lancement, partageant toutes la m\u00eame chaine de traction in\u00e9dite appel\u00e9e \u00ab Hybrid+ \u00bb de 195 chevaux. La premi\u00e8re production full-hybrid de MG Motor s\u2019appuie sur une capacit\u00e9 de batterie plus importante et un moteur \u00e9lectrique plus puissant que la concurrence sur le segment B.<\/p>\n\n\n\n<p>Au-del\u00e0 d\u2019une grande efficience, cette technologie d\u2019\u00e9lectrification d\u00e9livre d\u2019excellentes performances. La cha\u00eene de traction Hybrid+ permet \u00e0 la MG3 de proposer les meilleures performances de tout le segment des citadines hybrides, avec un 0 \u00e0 100 km\/h achev\u00e9 en 8 secondes seulement. Les reprises sont encore plus impressionnantes avec un 80 \u00e0 120 km\/h effectu\u00e9 en 5 petites secondes.<\/p>\n\n\n\n<p>D\u00e9livrant 195 ch (143 kW) en combin\u00e9, le groupe motopropulseur de la MG3 reste tr\u00e8s sobre avec une consommation mixte WLTP \u00e0 4,4L\/100 km et des \u00e9missions de 100 g de CO<sub>2 <\/sub>par km. Ces performances sont atteintes gr\u00e2ce \u00e0 une grande batterie de 1,83 kWh, permettant une conduite \u00e9lectrique plus fr\u00e9quente, ce qui a un impact favorable sur la consommation.<\/p>\n\n\n\n<p>Trois niveaux de finition sont propos\u00e9s sur la MG3 \u2013 Standard, Comfort et Luxury. Chacune de ces finitions est con\u00e7ue pour offrir un haut niveau de technologie de s\u00e9rie. S\u2019ajoutent 7 coloris dont 6 optionnels.<\/p>\n\n\n\n<p>La navigation est int\u00e9gr\u00e9e de s\u00e9rie sur toute la gamme, tout comme la connectivit\u00e9 Apple CarPlay\/Android Auto ou encore l\u2019application connect\u00e9e pour smartphone MG iSMART, qui offre un niveau de connectivit\u00e9 et de fonctionnalit\u00e9 g\u00e9n\u00e9ralement associ\u00e9e aux mod\u00e8les des segments sup\u00e9rieurs.<\/p>\n\n\n\n<p>La MG3 embarque \u00e9galement toute la s\u00e9curit\u00e9 possible gr\u00e2ce \u00e0 MG Pilot. D\u00e8s le premier niveau de finition, la MG3 embarque 8 aides \u00e0 la conduite dont le maintien d\u2019urgence dans la voie (LKA) avec alerte de franchissement de ligne, le r\u00e9gulateur de vitesse adaptatif (ACC), l\u2019alerte de collision frontale (FCW) et l\u2019assistant de conduite intelligent (ICA).<\/p>\n\n\n\n<p>Comme toutes les productions MG Motor, la MG3 Hybrid+ b\u00e9n\u00e9ficie d\u2019une garantie 7 ans ou 150&nbsp;000 km (premier des deux termes \u00e9chu).<\/p>\n\n\n\n<p>Les autres \u00e9quipements inclus d\u00e8s la finition Standard sont la climatisation automatique, 4 ports USB, une cam\u00e9ra de recul avec radars de stationnement arri\u00e8re ou encore un compteur num\u00e9rique 7\u2019\u2019 et un \u00e9cran tactile 10,25\u2019\u2019.<\/p>\n\n\n\n<p><strong>Cette finition \u00ab&nbsp;Standard&nbsp;\u00bb sera affich\u00e9e \u00e0 moins de 20&nbsp;000 \u20ac TTC en France.<\/strong><\/p>\n\n\n\n<p>La finition Comfort y ajoute des jantes en alliage 16\u2019\u2019, les r\u00e9troviseurs chauffants, l\u2019essuie-glace arri\u00e8re, l\u2019ajout d\u2019une bouche de ventilation \u00e0 l\u2019arri\u00e8re et d\u2019un syst\u00e8me audio 6 HP.<\/p>\n\n\n\n<p>La finition Luxury compl\u00e8te la dotation de la finition Comfort par des phares 100% LED, la cam\u00e9ra 360\u00b0, des si\u00e8ges en cuir artificiel et chauffants, le volant chauffant en cuir microfibre, un capteur de pluie, l\u2019acc\u00e8s mains-libres ou encore les vitres et lunette arri\u00e8re surteint\u00e9es.<\/p>\n\n\n\n<p><strong>La finition Luxury sera disponible \u00e0 moins de 24&nbsp;000\u20ac.<\/strong><\/p>\n\n\n\n<p><strong>Les pr\u00e9-r\u00e9servations se feront sur Internet via un d\u00e9p\u00f4t de 500\u20ac qui sera retranch\u00e9 de l\u2019acompte lors de la commande d\u00e9finitive de la voiture.<\/strong><\/p>\n\n\n\n<p><a href=\"https:\/\/store.mgmotor.fr\/pages\/prereservation-mg3\">https:\/\/store.mgmotor.fr\/pages\/prereservation-mg3<\/a><\/p>\n\n\n\n<p>En plus d\u2019un \u00ab&nbsp;pack de bienvenue&nbsp;sp\u00e9cial 100 ans de MG \u00bb, et l\u2019assurance que leur commande sera trait\u00e9e en priorit\u00e9, les 1&nbsp;000 premiers clients qui pr\u00e9r\u00e9serverons leur MG3 Hybrid+ se verront offrir 2 ans d\u2019entretien (vidange et filtres) de leur voiture dans le r\u00e9seau MG Motor.<\/p>\n","protected":false},"excerpt":{"rendered":"<p>Courbevoie, le 28 mars 2024 \u2013 La citadine polyvalente MG3 Hybrid+ arrivera chez tous les partenaires MG Motor en France [&hellip;]<\/p>\n","protected":false},"featured_media":3562767,"template":"","categories":[54],"tags":[],"acf":[],"yoast_head":"<!-- This site is optimized with the Yoast SEO plugin v19.8 - https:\/\/yoast.com\/wordpress\/plugins\/seo\/ -->\n<title>Ouverture des pr\u00e9-r\u00e9servations de la nouvelle MG3 Hybrid+ - MG Motor Europe<\/title>\n<meta name=\"robots\" content=\"index, follow, max-snippet:-1, max-image-preview:large, max-video-preview:-1\" \/>\n<link rel=\"canonical\" href=\"https:\/\/news.mgmotor.eu\/fr\/press\/ouverture-des-pre-reservations-de-la-nouvelle-mg3-hybrid\/\" \/>\n<meta property=\"og:locale\" content=\"fr_FR\" \/>\n<meta property=\"og:type\" content=\"article\" \/>\n<meta property=\"og:title\" content=\"Ouverture des pr\u00e9-r\u00e9servations de la nouvelle MG3 Hybrid+ - MG Motor Europe\" \/>\n<meta property=\"og:description\" content=\"Courbevoie, le 28 mars 2024 \u2013 La citadine polyvalente MG3 Hybrid+ arrivera chez tous les partenaires MG Motor en France [&hellip;]\" \/>\n<meta property=\"og:url\" content=\"https:\/\/news.mgmotor.eu\/fr\/press\/ouverture-des-pre-reservations-de-la-nouvelle-mg3-hybrid\/\" \/>\n<meta property=\"og:site_name\" content=\"MG Motor Europe\" \/>\n<meta property=\"article:modified_time\" content=\"2024-03-28T13:49:48+00:00\" \/>\n<meta property=\"og:image\" content=\"https:\/\/news.mgmotor.eu\/wp-content\/uploads\/2024\/03\/MG3_3200x1650px.jpeg\" \/>\n\t<meta property=\"og:image:width\" content=\"3200\" \/>\n\t<meta property=\"og:image:height\" content=\"1650\" \/>\n\t<meta property=\"og:image:type\" content=\"image\/jpeg\" \/>\n<meta name=\"twitter:card\" content=\"summary_large_image\" \/>\n<meta name=\"twitter:label1\" content=\"Est. reading time\" \/>\n\t<meta name=\"twitter:data1\" content=\"4 minutes\" \/>\n<script type=\"application\/ld+json\" class=\"yoast-schema-graph\">{\"@context\":\"https:\/\/schema.org\",\"@graph\":[{\"@type\":\"WebPage\",\"@id\":\"https:\/\/news.mgmotor.eu\/fr\/press\/ouverture-des-pre-reservations-de-la-nouvelle-mg3-hybrid\/\",\"url\":\"https:\/\/news.mgmotor.eu\/fr\/press\/ouverture-des-pre-reservations-de-la-nouvelle-mg3-hybrid\/\",\"name\":\"Ouverture des pr\u00e9-r\u00e9servations de la nouvelle MG3 Hybrid+ - MG Motor Europe\",\"isPartOf\":{\"@id\":\"https:\/\/news.mgmotor.eu\/#website\"},\"datePublished\":\"2024-03-28T13:49:46+00:00\",\"dateModified\":\"2024-03-28T13:49:48+00:00\",\"breadcrumb\":{\"@id\":\"https:\/\/news.mgmotor.eu\/fr\/press\/ouverture-des-pre-reservations-de-la-nouvelle-mg3-hybrid\/#breadcrumb\"},\"inLanguage\":\"fr-FR\",\"potentialAction\":[{\"@type\":\"ReadAction\",\"target\":[\"https:\/\/news.mgmotor.eu\/fr\/press\/ouverture-des-pre-reservations-de-la-nouvelle-mg3-hybrid\/\"]}]},{\"@type\":\"BreadcrumbList\",\"@id\":\"https:\/\/news.mgmotor.eu\/fr\/press\/ouverture-des-pre-reservations-de-la-nouvelle-mg3-hybrid\/#breadcrumb\",\"itemListElement\":[{\"@type\":\"ListItem\",\"position\":1,\"name\":\"Home\",\"item\":\"https:\/\/news.mgmotor.eu\/fr\/\"},{\"@type\":\"ListItem\",\"position\":2,\"name\":\"Press Releases\",\"item\":\"https:\/\/news.mgmotor.eu\/fr\/press\/\"},{\"@type\":\"ListItem\",\"position\":3,\"name\":\"Ouverture des pr\u00e9-r\u00e9servations de la nouvelle MG3 Hybrid+\"}]},{\"@type\":\"WebSite\",\"@id\":\"https:\/\/news.mgmotor.eu\/#website\",\"url\":\"https:\/\/news.mgmotor.eu\/\",\"name\":\"MG Motor Europe\",\"description\":\"\",\"potentialAction\":[{\"@type\":\"SearchAction\",\"target\":{\"@type\":\"EntryPoint\",\"urlTemplate\":\"https:\/\/news.mgmotor.eu\/?s={search_term_string}\"},\"query-input\":\"required name=search_term_string\"}],\"inLanguage\":\"fr-FR\"}]}<\/script>\n<!-- \/ Yoast SEO plugin. -->","yoast_head_json":{"title":"Ouverture des pr\u00e9-r\u00e9servations de la nouvelle MG3 Hybrid+ - MG Motor Europe","robots":{"index":"index","follow":"follow","max-snippet":"max-snippet:-1","max-image-preview":"max-image-preview:large","max-video-preview":"max-video-preview:-1"},"canonical":"https:\/\/news.mgmotor.eu\/fr\/press\/ouverture-des-pre-reservations-de-la-nouvelle-mg3-hybrid\/","og_locale":"fr_FR","og_type":"article","og_title":"Ouverture des pr\u00e9-r\u00e9servations de la nouvelle MG3 Hybrid+ - MG Motor Europe","og_description":"Courbevoie, le 28 mars 2024 \u2013 La citadine polyvalente MG3 Hybrid+ arrivera chez tous les partenaires MG Motor en France [&hellip;]","og_url":"https:\/\/news.mgmotor.eu\/fr\/press\/ouverture-des-pre-reservations-de-la-nouvelle-mg3-hybrid\/","og_site_name":"MG Motor Europe","article_modified_time":"2024-03-28T13:49:48+00:00","og_image":[{"width":3200,"height":1650,"url":"https:\/\/news.mgmotor.eu\/wp-content\/uploads\/2024\/03\/MG3_3200x1650px.jpeg","type":"image\/jpeg"}],"twitter_card":"summary_large_image","twitter_misc":{"Est. reading time":"4 minutes"},"schema":{"@context":"https:\/\/schema.org","@graph":[{"@type":"WebPage","@id":"https:\/\/news.mgmotor.eu\/fr\/press\/ouverture-des-pre-reservations-de-la-nouvelle-mg3-hybrid\/","url":"https:\/\/news.mgmotor.eu\/fr\/press\/ouverture-des-pre-reservations-de-la-nouvelle-mg3-hybrid\/","name":"Ouverture des pr\u00e9-r\u00e9servations de la nouvelle MG3 Hybrid+ - MG Motor Europe","isPartOf":{"@id":"https:\/\/news.mgmotor.eu\/#website"},"datePublished":"2024-03-28T13:49:46+00:00","dateModified":"2024-03-28T13:49:48+00:00","breadcrumb":{"@id":"https:\/\/news.mgmotor.eu\/fr\/press\/ouverture-des-pre-reservations-de-la-nouvelle-mg3-hybrid\/#breadcrumb"},"inLanguage":"fr-FR","potentialAction":[{"@type":"ReadAction","target":["https:\/\/news.mgmotor.eu\/fr\/press\/ouverture-des-pre-reservations-de-la-nouvelle-mg3-hybrid\/"]}]},{"@type":"BreadcrumbList","@id":"https:\/\/news.mgmotor.eu\/fr\/press\/ouverture-des-pre-reservations-de-la-nouvelle-mg3-hybrid\/#breadcrumb","itemListElement":[{"@type":"ListItem","position":1,"name":"Home","item":"https:\/\/news.mgmotor.eu\/fr\/"},{"@type":"ListItem","position":2,"name":"Press Releases","item":"https:\/\/news.mgmotor.eu\/fr\/press\/"},{"@type":"ListItem","position":3,"name":"Ouverture des pr\u00e9-r\u00e9servations de la nouvelle MG3 Hybrid+"}]},{"@type":"WebSite","@id":"https:\/\/news.mgmotor.eu\/#website","url":"https:\/\/news.mgmotor.eu\/","name":"MG Motor Europe","description":"","potentialAction":[{"@type":"SearchAction","target":{"@type":"EntryPoint","urlTemplate":"https:\/\/news.mgmotor.eu\/?s={search_term_string}"},"query-input":"required name=search_term_string"}],"inLanguage":"fr-FR"}]}},"_links":{"self":[{"href":"https:\/\/news.mgmotor.eu\/fr\/wp-json\/wp\/v2\/press\/3562756"}],"collection":[{"href":"https:\/\/news.mgmotor.eu\/fr\/wp-json\/wp\/v2\/press"}],"about":[{"href":"https:\/\/news.mgmotor.eu\/fr\/wp-json\/wp\/v2\/types\/press"}],"wp:featuredmedia":[{"embeddable":true,"href":"https:\/\/news.mgmotor.eu\/fr\/wp-json\/wp\/v2\/media\/3562767"}],"wp:attachment":[{"href":"https:\/\/news.mgmotor.eu\/fr\/wp-json\/wp\/v2\/media?parent=3562756"}],"wp:term":[{"taxonomy":"category","embeddable":true,"href":"https:\/\/news.mgmotor.eu\/fr\/wp-json\/wp\/v2\/categories?post=3562756"},{"taxonomy":"post_tag","embeddable":true,"href":"https:\/\/news.mgmotor.eu\/fr\/wp-json\/wp\/v2\/tags?post=3562756"}],"curies":[{"name":"wp","href":"https:\/\/api.w.org\/{rel}","templated":true}]}}