{"id":3561962,"date":"2024-02-27T00:05:58","date_gmt":"2024-02-26T23:05:58","guid":{"rendered":"https:\/\/news.mgmotor.eu\/?post_type=press&#038;p=3561962"},"modified":"2024-02-27T00:05:59","modified_gmt":"2024-02-26T23:05:59","slug":"premiere-mondiale-de-la-mg3-hybrid-a-geneve","status":"publish","type":"press","link":"https:\/\/news.mgmotor.eu\/fr\/press\/premiere-mondiale-de-la-mg3-hybrid-a-geneve\/","title":{"rendered":"Premi\u00e8re mondiale de la MG3 Hybrid+ \u00e0 Gen\u00e8ve"},"content":{"rendered":"\n<ul>\n<li><strong>La MG3 inaugure la technologie Hybrid+<\/strong><\/li>\n\n\n\n<li><strong>La nouvelle citadine polyvalente propose un \u00e9quipement technologique complet sur toute sa gamme<\/strong><\/li>\n\n\n\n<li><strong>Con\u00e7ue avec la philosophie MG \u00ab Fun to drive \u00bb<\/strong><\/li>\n<\/ul>\n\n\n\n<p>Gen\u00e8ve, le 26 f\u00e9vrier 2024 \u2013 <strong>La nouvelle MG3 est une citadine polyvalente hybride \u00e9quip\u00e9e d\u2019une technologie de pointe. Gr\u00e2ce \u00e0 son groupe motopropulseur in\u00e9dit Hybrid+, elle offre un parfait \u00e9quilibre entre performance, efficience et raffinement.<\/strong><\/p>\n\n\n\n<p><strong>Une nouvelle technologie hybride nomm\u00e9e \u00ab&nbsp;Hybrid+&nbsp;\u00bb con\u00e7ue par MG Motor<\/strong><\/p>\n\n\n\n<p>Pour la premi\u00e8re fois, la MG3 sera disponible dans toute l\u2019Europe, auparavant la citadine du segment B \u00e9tait uniquement disponible au Royaume Uni. Trois finitions seront disponibles au lancement, partageant toutes la m\u00eame chaine de traction in\u00e9dite appel\u00e9e \u00ab Hybrid+ \u00bb. La premi\u00e8re production full-hybrid de MG Motor s\u2019appuie sur une capacit\u00e9 de batterie plus importante et un moteur \u00e9lectrique plus puissant que la concurrence sur le segment B.<\/p>\n\n\n\n<p>La citadine 5 portes est plus spacieuse que le mod\u00e8le qu\u2019elle remplace, tout en conservant des dimensions qui ont fait son succ\u00e8s outre-Manche. Avec son haut niveau d\u2019\u00e9quipement et une habitabilit\u00e9 hors pair, la MG3 Hybrid+ fait r\u00e9f\u00e9rence en mati\u00e8re de praticit\u00e9 et d\u2019efficience. Tout comme le reste de la gamme MG elle b\u00e9n\u00e9ficie d\u2019une garantie 7 ans \/ 150&nbsp;000 km.<\/p>\n\n\n\n<p>\u00ab&nbsp;La nouvelle MG3 a toutes les cartes en main pour venir jouer les trouble-f\u00eates dans le segment des citadines&nbsp;: elle concilie performance et efficience gr\u00e2ce \u00e0 sa nouvelle chaine de traction Hybrid+&nbsp;\u00bb d\u00e9clare Cl\u00e9ment Lef\u00e8vre, porte-parole de MG Motor France. \u00ab&nbsp;Raffin\u00e9e et dynamique, elle donne le sourire au volant. L\u2019\u00e9quipement de la MG3 est complet, avec \u00e0 la fois un int\u00e9rieur de qualit\u00e9 et des aides \u00e0 la conduite MG Pilot s\u00e9curisantes&nbsp;\u00bb<\/p>\n\n\n\n<p><strong>MG3 en quelques mots&nbsp;:<\/strong><\/p>\n\n\n\n<ul>\n<li>Une chaine de traction hybride innovante qui promet aux conducteurs \u00e9conomies, confort et performance<\/li>\n\n\n\n<li>Des acc\u00e9l\u00e9rations \u00e9lectrisantes jamais vues jusqu\u2019\u00e0 pr\u00e9sent sur le segment des citadines hybrides<\/li>\n\n\n\n<li>Une autonomie \u00e9lectrique plus importante gr\u00e2ce \u00e0 une capacit\u00e9 de batterie in\u00e9dite dans le segment<\/li>\n\n\n\n<li>Un syst\u00e8me hybride polyvalent qui inclus un g\u00e9n\u00e9rateur ind\u00e9pendant, permettant plusieurs modes de fonctionnement<\/li>\n\n\n\n<li>Une gamme simple qui offre aux clients plusieurs finitions toutes dor\u00e9es d\u2019un excellent rapport prix\/prestations<\/li>\n\n\n\n<li>Deux grands \u00e9crans dans l\u2019habitacle procurent un sentiment high tech \u00e0 bord<\/li>\n\n\n\n<li>MG iSMART et MG Pilot offrent \u00e0 la fois une connectivit\u00e9 et une s\u00e9curit\u00e9 active am\u00e9lior\u00e9e<\/li>\n\n\n\n<li>Une habitabilit\u00e9 en hausse, permettant de faire voyager confortablement les occupants et leurs bagages<\/li>\n<\/ul>\n\n\n\n<p><strong>La cha\u00eene de traction Hybrid+<\/strong><\/p>\n\n\n\n<p>La MG3 inaugure la cha\u00eene de traction Hybrid+, il s\u2019agit l\u00e0 de la premi\u00e8re MG hybride non rechargeable. Cinq \u00e9l\u00e9ments essentiels composent cette chaine de traction Hybrid+&nbsp;: moteur thermique, boite de vitesses, batterie, moteur \u00e9lectrique et g\u00e9n\u00e9rateur.<\/p>\n\n\n\n<p>Au-del\u00e0 d\u2019une grande efficience, cette technologie d\u2019\u00e9lectrification d\u00e9livre d\u2019excellentes performances. La cha\u00eene de traction Hybrid+ permet \u00e0 la MG3 de proposer les meilleures performances de tout le segment des citadines hybrides, avec un 0 \u00e0 100 km\/h achev\u00e9 en 8 secondes seulement. Les reprises sont encore plus impressionnantes avec un 80 \u00e0 120 km\/h effectu\u00e9 en 5 petites secondes.<\/p>\n\n\n\n<p>D\u00e9livrant 195 ch (143 kW) en combin\u00e9, le groupe motopropulseur de la MG3 reste tr\u00e8s sobre avec une consommation mixte WLTP \u00e0 4,4L\/100 km et des \u00e9missions de 100 g de CO<sub>2 <\/sub>par km*. Ces performances sont atteintes gr\u00e2ce \u00e0 une grande batterie de 1,83 kWh, permettant une conduite \u00e9lectrique plus fr\u00e9quente, ce qui a un impact important sur la consommation.<\/p>\n\n\n\n<p>La MG3 Hybrid+ embarque un nouveau moteur thermique 1,5L de 102 ch (75 kW), fonctionnant sous un cycle Atkinson, et un moteur \u00e9lectrique de 136 ch (100 kW). \u00c9galement \u00e0 bord, un g\u00e9n\u00e9rateur embarqu\u00e9 permet une large palette de modes de fonctionnement.<\/p>\n\n\n\n<p><strong>EV \u2013 <\/strong>Entrainement uniquement par le moteur \u00e9lectrique, d\u00e8s lors que le niveau de charge le permet<\/p>\n\n\n\n<p><strong>S\u00e9rie \u2013 <\/strong>Le moteur thermique active le g\u00e9n\u00e9rateur qui alimente le moteur \u00e9lectrique pour entrainer la voiture<\/p>\n\n\n\n<p><strong>S\u00e9rie et Charge \u2013 <\/strong>Fonctionnement s\u00e9rie, avec recharge de la batterie pendant les phases de faible et moyenne charge<\/p>\n\n\n\n<p><strong>Propulsion directe et Charge \u2013 <\/strong>Le moteur thermique entraine les roues, et charge la batterie dans le m\u00eame temps via le g\u00e9n\u00e9rateur<\/p>\n\n\n\n<p><strong>Parall\u00e8le \u2013 <\/strong>Les deux moteurs, \u00e9lectriques et thermique, entrainent la voiture de concert<\/p>\n\n\n\n<p>Le 4 cylindres 1,5 litres fonctionnant sous cycle Atkinson produit 102 chevaux (75 kW), et offre une efficacit\u00e9 thermique \u00e9lev\u00e9e&nbsp;: 41%. Associ\u00e9 au moteur \u00e9lectrique de 136 chevaux (100 kW), il forme le groupe motopropulseur Hybrid+ et d\u00e9livre des performances optimales sur toute sa plage d\u2019utilisation.<\/p>\n\n\n\n<p>Gr\u00e2ce au puissant groupe propulseur, la plupart des fortes sollicitations -\u00e0 l\u2019acc\u00e9l\u00e9ration par exemple- sont support\u00e9es par le moteur \u00e9lectrique, avec le concours du moteur thermique qui vient en support ou prend le relai \u00e0 haute vitesse.<\/p>\n\n\n\n<p>Le moteur thermique est coupl\u00e9 \u00e0 une boite automatique \u00e0 3 vitesses, qui permet une efficience optimale tout en offrant les meilleures sensations de conduite. Sur la route, la r\u00e9ponse \u00e0 l\u2019acc\u00e9l\u00e9rateur de la MG3 est instantan\u00e9e, tout en proposant des passages de rapports doux et sans \u00e0-coups.<\/p>\n\n\n\n<p>Le conducteur peut adapter le comportement de la MG3 en choisissant parmi 3 modes de conduite&nbsp;\u2013 Eco, Standard et Sport. Le mode Eco est optimis\u00e9 pour une efficience maximale, avec une sensibilit\u00e9 de l\u2019acc\u00e9l\u00e9rateur plus douce, le mode standard est un compromis entre efficience et performance parfaitement adapt\u00e9 \u00e0 la conduite au quotidien&nbsp;; tandis que le mode sport donne le maximum de puissance en combinant les deux propulsions afin d\u2019obtenir les meilleures performances du segment B hybride.<\/p>\n\n\n\n<p><strong>Comportement dynamique et raffin\u00e9<\/strong><\/p>\n\n\n\n<p>La MG3 propose un agr\u00e9ment de conduite dynamique, tout en conservant un grand niveau de confort gr\u00e2ce \u00e0 la collaboration entre les ing\u00e9nieurs de MG Motor Europ\u00e9ens et Chinois, qui ont conjointement mis au point le ch\u00e2ssis et les suspensions pour les diff\u00e9rents march\u00e9s.<\/p>\n\n\n\n<p>Avec ses proportions compactes et des r\u00e9glages privil\u00e9giant l\u2019agilit\u00e9, la MG3 perfectionne son comportement, tout en conservant le toucher de route amusant qui fait la r\u00e9putation de MG. L\u2019emploi de mat\u00e9riaux \u00e0 haute r\u00e9sistance sur le ch\u00e2ssis, et les \u00e9l\u00e9ments de suspension all\u00e9g\u00e9s permettent d\u2019obtenir un poids contenu et d\u2019am\u00e9liorer naturellement le grip de la MG3, la rendant \u00e0 la fois dynamique et confortable.<\/p>\n\n\n\n<p>En plus d\u2019offrir un compromis id\u00e9al entre confort et dynamisme, la MG3 peut rouler sur la seule \u00e9nergie \u00e9lectrique pendant de courtes p\u00e9riodes gr\u00e2ce \u00e0 sa nouvelle cha\u00eene de traction Hybrid+, au b\u00e9n\u00e9fice de l\u2019agr\u00e9ment et du silence \u00e0 bord. Les ing\u00e9nieurs MG ont port\u00e9 une attention toute particuli\u00e8re aux silent-blocs moteurs et aux suspensions, les dotant de mat\u00e9riaux att\u00e9nuant les sons. Par ailleurs la transmission est con\u00e7ue pour r\u00e9duire les bruits et les vibrations, offrant ainsi une douceur de fonctionnement digne des r\u00e9f\u00e9rences haut de gamme.<\/p>\n\n\n\n<p><strong>Equipements et technologies hors du commun<\/strong><\/p>\n\n\n\n<p>Trois niveaux de finition sont propos\u00e9s sur la MG3 \u2013 Standard, Comfort et Luxury. Chacune de ces finitions est con\u00e7ue pour offrir un haut niveau de technologie de s\u00e9rie.<\/p>\n\n\n\n<p>El\u00e9ment crucial pour les clients aujourd\u2019hui, l\u2019affichage en deux \u00e9crans. Le conducteur a sous les yeux un compteur num\u00e9rique de 7\u2019\u2019 pour les donn\u00e9es de conduite et l\u2019ordinateur de bord, ainsi qu\u2019un \u00e9cran tactile central flottant de 10,25\u2019\u2019. Les graphismes et la r\u00e9activit\u00e9 ont \u00e9t\u00e9 am\u00e9lior\u00e9s par les ing\u00e9nieurs MG, et des touches physiques conserv\u00e9es au centre de la console de bord pour en faciliter l\u2019utilisation et maximiser la s\u00e9curit\u00e9 lors de la conduite.<\/p>\n\n\n\n<p>La navigation est int\u00e9gr\u00e9e de s\u00e9rie sur toute la gamme, tout comme la connectivit\u00e9 Apple CarPlay\/Android Auto. MG iSMART offre un niveau de connectivit\u00e9 et de fonctionnalit\u00e9 g\u00e9n\u00e9ralement associ\u00e9e aux mod\u00e8les des segments sup\u00e9rieurs.<\/p>\n\n\n\n<p>Les autres \u00e9quipements inclus d\u00e8s la finition Standard sont la climatisation automatique, 4 ports USB, et une cam\u00e9ra de recul avec radars de stationnement arri\u00e8re. Les finitions sup\u00e9rieures y ajoutent une sellerie en cuir artificiel, l\u2019acc\u00e8s mains-libres, les si\u00e8ges avant et le volant chauffants, et la cam\u00e9ra 360\u00b0.<\/p>\n\n\n\n<p>La MG3 embarque \u00e9galement les derni\u00e8res technologies d\u2019assistance \u00e0 la conduite (ADAS). Le haut niveau de s\u00e9curit\u00e9 d\u00e9livr\u00e9 par la technologie MG Pilot inclut le maintien actif dans la voie (LKA) avec alerte de franchissement de ligne, le r\u00e9gulateur de vitesse adaptatif (ACC), l\u2019alerte de collision frontale (FCW) et l\u2019assistant de conduite en embouteillages (TJA).<\/p>\n\n\n\n<p><strong>Un nouveau langage stylistique dans l\u2019\u00e8re du temps<\/strong><\/p>\n\n\n\n<p>Les designers MG sont partis d\u2019une feuille blanche pour donner de nouvelles proportions \u00e0 la nouvelle citadine MG3, \u00e0 la fois plus longue et plus large que le mod\u00e8le qu\u2019elle remplace, lib\u00e9rant plus d\u2019espace pour ses occupants, tout en offrant le plus grand coffre de la cat\u00e9gorie des citadines hybrides.<\/p>\n\n\n\n<p>Dessin\u00e9e dans les bureaux de style de Shanghai, sous la houlette du Fran\u00e7ais Oleg Son, directeur du design MG Motor, la nouvelle MG3 arbore de nombreux \u00e9l\u00e9ments de style demand\u00e9 par nos clients, comme des jantes en alliage, des signatures lumineuses \u00e0 LED et une nouvelle palette de couleurs de carrosserie.<\/p>\n\n\n\n<p>Ce sont 7 teintes qui sont propos\u00e9es sur la nouvelle MG3 : Pebble Black, Dover White, Cosmic Silver, Pastel Yellow, Diamond Red, Hampstead Grey et Como Blue.<\/p>\n","protected":false},"excerpt":{"rendered":"<p>Gen\u00e8ve, le 26 f\u00e9vrier 2024 \u2013 La nouvelle MG3 est une citadine polyvalente hybride \u00e9quip\u00e9e d\u2019une technologie de pointe. Gr\u00e2ce [&hellip;]<\/p>\n","protected":false},"featured_media":3562023,"template":"","categories":[54],"tags":[],"acf":[],"yoast_head":"<!-- This site is optimized with the Yoast SEO plugin v19.8 - https:\/\/yoast.com\/wordpress\/plugins\/seo\/ -->\n<title>Premi\u00e8re mondiale de la MG3 Hybrid+ \u00e0 Gen\u00e8ve - MG Motor Europe<\/title>\n<meta name=\"robots\" content=\"index, follow, max-snippet:-1, max-image-preview:large, max-video-preview:-1\" \/>\n<link rel=\"canonical\" href=\"https:\/\/news.mgmotor.eu\/fr\/press\/premiere-mondiale-de-la-mg3-hybrid-a-geneve\/\" \/>\n<meta property=\"og:locale\" content=\"fr_FR\" \/>\n<meta property=\"og:type\" content=\"article\" \/>\n<meta property=\"og:title\" content=\"Premi\u00e8re mondiale de la MG3 Hybrid+ \u00e0 Gen\u00e8ve - MG Motor Europe\" \/>\n<meta property=\"og:description\" content=\"Gen\u00e8ve, le 26 f\u00e9vrier 2024 \u2013 La nouvelle MG3 est une citadine polyvalente hybride \u00e9quip\u00e9e d\u2019une technologie de pointe. Gr\u00e2ce [&hellip;]\" \/>\n<meta property=\"og:url\" content=\"https:\/\/news.mgmotor.eu\/fr\/press\/premiere-mondiale-de-la-mg3-hybrid-a-geneve\/\" \/>\n<meta property=\"og:site_name\" content=\"MG Motor Europe\" \/>\n<meta property=\"article:modified_time\" content=\"2024-02-26T23:05:59+00:00\" \/>\n<meta property=\"og:image\" content=\"https:\/\/news.mgmotor.eu\/wp-content\/uploads\/2024\/02\/MG3-001-1040x585.jpg\" \/>\n\t<meta property=\"og:image:width\" content=\"1040\" \/>\n\t<meta property=\"og:image:height\" content=\"585\" \/>\n\t<meta property=\"og:image:type\" content=\"image\/jpeg\" \/>\n<meta name=\"twitter:card\" content=\"summary_large_image\" \/>\n<meta name=\"twitter:label1\" content=\"Est. reading time\" \/>\n\t<meta name=\"twitter:data1\" content=\"8 minutes\" \/>\n<script type=\"application\/ld+json\" class=\"yoast-schema-graph\">{\"@context\":\"https:\/\/schema.org\",\"@graph\":[{\"@type\":\"WebPage\",\"@id\":\"https:\/\/news.mgmotor.eu\/fr\/press\/premiere-mondiale-de-la-mg3-hybrid-a-geneve\/\",\"url\":\"https:\/\/news.mgmotor.eu\/fr\/press\/premiere-mondiale-de-la-mg3-hybrid-a-geneve\/\",\"name\":\"Premi\u00e8re mondiale de la MG3 Hybrid+ \u00e0 Gen\u00e8ve - MG Motor Europe\",\"isPartOf\":{\"@id\":\"https:\/\/news.mgmotor.eu\/#website\"},\"datePublished\":\"2024-02-26T23:05:58+00:00\",\"dateModified\":\"2024-02-26T23:05:59+00:00\",\"breadcrumb\":{\"@id\":\"https:\/\/news.mgmotor.eu\/fr\/press\/premiere-mondiale-de-la-mg3-hybrid-a-geneve\/#breadcrumb\"},\"inLanguage\":\"fr-FR\",\"potentialAction\":[{\"@type\":\"ReadAction\",\"target\":[\"https:\/\/news.mgmotor.eu\/fr\/press\/premiere-mondiale-de-la-mg3-hybrid-a-geneve\/\"]}]},{\"@type\":\"BreadcrumbList\",\"@id\":\"https:\/\/news.mgmotor.eu\/fr\/press\/premiere-mondiale-de-la-mg3-hybrid-a-geneve\/#breadcrumb\",\"itemListElement\":[{\"@type\":\"ListItem\",\"position\":1,\"name\":\"Home\",\"item\":\"https:\/\/news.mgmotor.eu\/fr\/\"},{\"@type\":\"ListItem\",\"position\":2,\"name\":\"Press Releases\",\"item\":\"https:\/\/news.mgmotor.eu\/fr\/press\/\"},{\"@type\":\"ListItem\",\"position\":3,\"name\":\"Premi\u00e8re mondiale de la MG3 Hybrid+ \u00e0 Gen\u00e8ve\"}]},{\"@type\":\"WebSite\",\"@id\":\"https:\/\/news.mgmotor.eu\/#website\",\"url\":\"https:\/\/news.mgmotor.eu\/\",\"name\":\"MG Motor Europe\",\"description\":\"\",\"potentialAction\":[{\"@type\":\"SearchAction\",\"target\":{\"@type\":\"EntryPoint\",\"urlTemplate\":\"https:\/\/news.mgmotor.eu\/?s={search_term_string}\"},\"query-input\":\"required name=search_term_string\"}],\"inLanguage\":\"fr-FR\"}]}<\/script>\n<!-- \/ Yoast SEO plugin. -->","yoast_head_json":{"title":"Premi\u00e8re mondiale de la MG3 Hybrid+ \u00e0 Gen\u00e8ve - MG Motor Europe","robots":{"index":"index","follow":"follow","max-snippet":"max-snippet:-1","max-image-preview":"max-image-preview:large","max-video-preview":"max-video-preview:-1"},"canonical":"https:\/\/news.mgmotor.eu\/fr\/press\/premiere-mondiale-de-la-mg3-hybrid-a-geneve\/","og_locale":"fr_FR","og_type":"article","og_title":"Premi\u00e8re mondiale de la MG3 Hybrid+ \u00e0 Gen\u00e8ve - MG Motor Europe","og_description":"Gen\u00e8ve, le 26 f\u00e9vrier 2024 \u2013 La nouvelle MG3 est une citadine polyvalente hybride \u00e9quip\u00e9e d\u2019une technologie de pointe. Gr\u00e2ce [&hellip;]","og_url":"https:\/\/news.mgmotor.eu\/fr\/press\/premiere-mondiale-de-la-mg3-hybrid-a-geneve\/","og_site_name":"MG Motor Europe","article_modified_time":"2024-02-26T23:05:59+00:00","og_image":[{"width":1040,"height":585,"url":"https:\/\/news.mgmotor.eu\/wp-content\/uploads\/2024\/02\/MG3-001-1040x585.jpg","type":"image\/jpeg"}],"twitter_card":"summary_large_image","twitter_misc":{"Est. reading time":"8 minutes"},"schema":{"@context":"https:\/\/schema.org","@graph":[{"@type":"WebPage","@id":"https:\/\/news.mgmotor.eu\/fr\/press\/premiere-mondiale-de-la-mg3-hybrid-a-geneve\/","url":"https:\/\/news.mgmotor.eu\/fr\/press\/premiere-mondiale-de-la-mg3-hybrid-a-geneve\/","name":"Premi\u00e8re mondiale de la MG3 Hybrid+ \u00e0 Gen\u00e8ve - MG Motor Europe","isPartOf":{"@id":"https:\/\/news.mgmotor.eu\/#website"},"datePublished":"2024-02-26T23:05:58+00:00","dateModified":"2024-02-26T23:05:59+00:00","breadcrumb":{"@id":"https:\/\/news.mgmotor.eu\/fr\/press\/premiere-mondiale-de-la-mg3-hybrid-a-geneve\/#breadcrumb"},"inLanguage":"fr-FR","potentialAction":[{"@type":"ReadAction","target":["https:\/\/news.mgmotor.eu\/fr\/press\/premiere-mondiale-de-la-mg3-hybrid-a-geneve\/"]}]},{"@type":"BreadcrumbList","@id":"https:\/\/news.mgmotor.eu\/fr\/press\/premiere-mondiale-de-la-mg3-hybrid-a-geneve\/#breadcrumb","itemListElement":[{"@type":"ListItem","position":1,"name":"Home","item":"https:\/\/news.mgmotor.eu\/fr\/"},{"@type":"ListItem","position":2,"name":"Press Releases","item":"https:\/\/news.mgmotor.eu\/fr\/press\/"},{"@type":"ListItem","position":3,"name":"Premi\u00e8re mondiale de la MG3 Hybrid+ \u00e0 Gen\u00e8ve"}]},{"@type":"WebSite","@id":"https:\/\/news.mgmotor.eu\/#website","url":"https:\/\/news.mgmotor.eu\/","name":"MG Motor Europe","description":"","potentialAction":[{"@type":"SearchAction","target":{"@type":"EntryPoint","urlTemplate":"https:\/\/news.mgmotor.eu\/?s={search_term_string}"},"query-input":"required name=search_term_string"}],"inLanguage":"fr-FR"}]}},"_links":{"self":[{"href":"https:\/\/news.mgmotor.eu\/fr\/wp-json\/wp\/v2\/press\/3561962"}],"collection":[{"href":"https:\/\/news.mgmotor.eu\/fr\/wp-json\/wp\/v2\/press"}],"about":[{"href":"https:\/\/news.mgmotor.eu\/fr\/wp-json\/wp\/v2\/types\/press"}],"wp:featuredmedia":[{"embeddable":true,"href":"https:\/\/news.mgmotor.eu\/fr\/wp-json\/wp\/v2\/media\/3562023"}],"wp:attachment":[{"href":"https:\/\/news.mgmotor.eu\/fr\/wp-json\/wp\/v2\/media?parent=3561962"}],"wp:term":[{"taxonomy":"category","embeddable":true,"href":"https:\/\/news.mgmotor.eu\/fr\/wp-json\/wp\/v2\/categories?post=3561962"},{"taxonomy":"post_tag","embeddable":true,"href":"https:\/\/news.mgmotor.eu\/fr\/wp-json\/wp\/v2\/tags?post=3561962"}],"curies":[{"name":"wp","href":"https:\/\/api.w.org\/{rel}","templated":true}]}}