{"id":3561483,"date":"2024-02-21T16:08:26","date_gmt":"2024-02-21T15:08:26","guid":{"rendered":"https:\/\/news.mgmotor.eu\/?post_type=press&#038;p=3561483"},"modified":"2024-02-21T16:08:28","modified_gmt":"2024-02-21T15:08:28","slug":"a-loccasion-du-salon-de-geneve-mg-motor-presentera-im","status":"publish","type":"press","link":"https:\/\/news.mgmotor.eu\/fr\/press\/a-loccasion-du-salon-de-geneve-mg-motor-presentera-im\/","title":{"rendered":"A l&#8217;occasion du Salon de Gen\u00e8ve, MG Motor pr\u00e9sentera IM"},"content":{"rendered":"\n<ul>\n<li><strong>La gamme IM sera pr\u00e9sent\u00e9e \u00e0 Gen\u00e8ve aux c\u00f4t\u00e9s de la nouvelle MG3 Hybrid+<\/strong><\/li>\n\n\n\n<li><strong>IM&nbsp;signifie \u00ab&nbsp;Intelligent Mobility&nbsp;\u00bb<\/strong><\/li>\n\n\n\n<li><strong>IM produira des automobiles \u00e9lectriques \u00e0 la pointe de la technologie<\/strong><\/li>\n\n\n\n<li><strong>Premi\u00e8re mondiale pour la IM L6 \u00e0 l\u2019occasion du salon de Gen\u00e8ve<\/strong><\/li>\n<\/ul>\n\n\n\n<p>Courbevoie, le 21 f\u00e9vrier 2024 \u2013 <strong>Sur le stand MG du salon de Gen\u00e8ve, la nouvelle MG3 Hybrid+ ne sera pas la seule nouveaut\u00e9, puisque SAIC Motor pr\u00e9sentera IM pour la premi\u00e8re fois en Europe.<\/strong><\/p>\n\n\n\n<p>IM signifie \u00ab&nbsp;Intelligent Mobility&nbsp;\u00bb&nbsp;: Le nouveau constructeur 100 % \u00e9lectrique du groupe SAIC Motor produira des voitures innovantes, ultra technologiques promettant une exp\u00e9rience de conduite enthousiasmante.<\/p>\n\n\n\n<p>Le salon de Gen\u00e8ve 2024 marquera la premi\u00e8re mondiale de la IM L6, une berline 100% \u00e9lectrique haut de gamme innovante, \u00e9quip\u00e9e de technologies de pointe.<\/p>\n\n\n\n<p>IM d\u00e9butera ses activit\u00e9s en Europe en 2025 et proposera des berlines statutaires et de grands SUV haut de gamme. Ce qui d\u00e9finira avant tout les produits IM, c\u2019est la technologie de pointe embarqu\u00e9e, qu\u2019il s\u2019agisse d\u2019aides \u00e0 la conduite, de services connect\u00e9s et intelligents, ainsi que de motorisations et trains roulants au firmament du savoir-faire de SAIC Motor.<\/p>\n\n\n\n<p>La nouvelle berline 100% \u00e9lectrique IM L6 combine des performances \u00e0 couper le souffle&nbsp;; acc\u00e9l\u00e9rant de 0 \u00e0 100 km\/h en moins de 3 secondes, tout en offrant des autonomies de plus de 600 km et 800 km selon sa batterie. *<\/p>\n\n\n\n<p>La nouvelle MG3 Hybrid+ et la berline IM L6 seront r\u00e9v\u00e9l\u00e9es lors du salon de Gen\u00e8ve 2024, lundi 26 f\u00e9vrier \u00e0 10H30.<\/p>\n\n\n\n<p>Le stand MG Motor (n\u00b04251) est situ\u00e9 dans le Hall 4.<\/p>\n\n\n\n<p><em>* Autonomie pr\u00e9visionnel de la IM L6 berline bas\u00e9e sur le cycle WLTP&nbsp;: + de 800 km (batterie solide) et + de 600 km (batterie Lithium-ion).<\/em><\/p>\n","protected":false},"excerpt":{"rendered":"<p>Courbevoie, le 21 f\u00e9vrier 2024 \u2013 Sur le stand MG du salon de Gen\u00e8ve, la nouvelle MG3 Hybrid+ ne sera [&hellip;]<\/p>\n","protected":false},"featured_media":3561484,"template":"","categories":[61,54],"tags":[],"acf":[],"yoast_head":"<!-- This site is optimized with the Yoast SEO plugin v19.8 - https:\/\/yoast.com\/wordpress\/plugins\/seo\/ -->\n<title>A l&#039;occasion du Salon de Gen\u00e8ve, MG Motor pr\u00e9sentera IM - MG Motor Europe<\/title>\n<meta name=\"robots\" content=\"index, follow, max-snippet:-1, max-image-preview:large, max-video-preview:-1\" \/>\n<link rel=\"canonical\" href=\"https:\/\/news.mgmotor.eu\/fr\/press\/a-loccasion-du-salon-de-geneve-mg-motor-presentera-im\/\" \/>\n<meta property=\"og:locale\" content=\"fr_FR\" \/>\n<meta property=\"og:type\" content=\"article\" \/>\n<meta property=\"og:title\" content=\"A l&#039;occasion du Salon de Gen\u00e8ve, MG Motor pr\u00e9sentera IM - MG Motor Europe\" \/>\n<meta property=\"og:description\" content=\"Courbevoie, le 21 f\u00e9vrier 2024 \u2013 Sur le stand MG du salon de Gen\u00e8ve, la nouvelle MG3 Hybrid+ ne sera [&hellip;]\" \/>\n<meta property=\"og:url\" content=\"https:\/\/news.mgmotor.eu\/fr\/press\/a-loccasion-du-salon-de-geneve-mg-motor-presentera-im\/\" \/>\n<meta property=\"og:site_name\" content=\"MG Motor Europe\" \/>\n<meta property=\"article:modified_time\" content=\"2024-02-21T15:08:28+00:00\" \/>\n<meta name=\"twitter:card\" content=\"summary_large_image\" \/>\n<meta name=\"twitter:image\" content=\"https:\/\/news.mgmotor.eu\/wp-content\/uploads\/2024\/02\/IM-L7_1.jpg\" \/>\n<meta name=\"twitter:label1\" content=\"Est. reading time\" \/>\n\t<meta name=\"twitter:data1\" content=\"2 minutes\" \/>\n<script type=\"application\/ld+json\" class=\"yoast-schema-graph\">{\"@context\":\"https:\/\/schema.org\",\"@graph\":[{\"@type\":\"WebPage\",\"@id\":\"https:\/\/news.mgmotor.eu\/fr\/press\/a-loccasion-du-salon-de-geneve-mg-motor-presentera-im\/\",\"url\":\"https:\/\/news.mgmotor.eu\/fr\/press\/a-loccasion-du-salon-de-geneve-mg-motor-presentera-im\/\",\"name\":\"A l'occasion du Salon de Gen\u00e8ve, MG Motor pr\u00e9sentera IM - MG Motor Europe\",\"isPartOf\":{\"@id\":\"https:\/\/news.mgmotor.eu\/#website\"},\"datePublished\":\"2024-02-21T15:08:26+00:00\",\"dateModified\":\"2024-02-21T15:08:28+00:00\",\"breadcrumb\":{\"@id\":\"https:\/\/news.mgmotor.eu\/fr\/press\/a-loccasion-du-salon-de-geneve-mg-motor-presentera-im\/#breadcrumb\"},\"inLanguage\":\"fr-FR\",\"potentialAction\":[{\"@type\":\"ReadAction\",\"target\":[\"https:\/\/news.mgmotor.eu\/fr\/press\/a-loccasion-du-salon-de-geneve-mg-motor-presentera-im\/\"]}]},{\"@type\":\"BreadcrumbList\",\"@id\":\"https:\/\/news.mgmotor.eu\/fr\/press\/a-loccasion-du-salon-de-geneve-mg-motor-presentera-im\/#breadcrumb\",\"itemListElement\":[{\"@type\":\"ListItem\",\"position\":1,\"name\":\"Home\",\"item\":\"https:\/\/news.mgmotor.eu\/fr\/\"},{\"@type\":\"ListItem\",\"position\":2,\"name\":\"Press Releases\",\"item\":\"https:\/\/news.mgmotor.eu\/fr\/press\/\"},{\"@type\":\"ListItem\",\"position\":3,\"name\":\"A l&#8217;occasion du Salon de Gen\u00e8ve, MG Motor pr\u00e9sentera IM\"}]},{\"@type\":\"WebSite\",\"@id\":\"https:\/\/news.mgmotor.eu\/#website\",\"url\":\"https:\/\/news.mgmotor.eu\/\",\"name\":\"MG Motor Europe\",\"description\":\"\",\"potentialAction\":[{\"@type\":\"SearchAction\",\"target\":{\"@type\":\"EntryPoint\",\"urlTemplate\":\"https:\/\/news.mgmotor.eu\/?s={search_term_string}\"},\"query-input\":\"required name=search_term_string\"}],\"inLanguage\":\"fr-FR\"}]}<\/script>\n<!-- \/ Yoast SEO plugin. -->","yoast_head_json":{"title":"A l'occasion du Salon de Gen\u00e8ve, MG Motor pr\u00e9sentera IM - MG Motor Europe","robots":{"index":"index","follow":"follow","max-snippet":"max-snippet:-1","max-image-preview":"max-image-preview:large","max-video-preview":"max-video-preview:-1"},"canonical":"https:\/\/news.mgmotor.eu\/fr\/press\/a-loccasion-du-salon-de-geneve-mg-motor-presentera-im\/","og_locale":"fr_FR","og_type":"article","og_title":"A l'occasion du Salon de Gen\u00e8ve, MG Motor pr\u00e9sentera IM - MG Motor Europe","og_description":"Courbevoie, le 21 f\u00e9vrier 2024 \u2013 Sur le stand MG du salon de Gen\u00e8ve, la nouvelle MG3 Hybrid+ ne sera [&hellip;]","og_url":"https:\/\/news.mgmotor.eu\/fr\/press\/a-loccasion-du-salon-de-geneve-mg-motor-presentera-im\/","og_site_name":"MG Motor Europe","article_modified_time":"2024-02-21T15:08:28+00:00","twitter_card":"summary_large_image","twitter_image":"https:\/\/news.mgmotor.eu\/wp-content\/uploads\/2024\/02\/IM-L7_1.jpg","twitter_misc":{"Est. reading time":"2 minutes"},"schema":{"@context":"https:\/\/schema.org","@graph":[{"@type":"WebPage","@id":"https:\/\/news.mgmotor.eu\/fr\/press\/a-loccasion-du-salon-de-geneve-mg-motor-presentera-im\/","url":"https:\/\/news.mgmotor.eu\/fr\/press\/a-loccasion-du-salon-de-geneve-mg-motor-presentera-im\/","name":"A l'occasion du Salon de Gen\u00e8ve, MG Motor pr\u00e9sentera IM - MG Motor Europe","isPartOf":{"@id":"https:\/\/news.mgmotor.eu\/#website"},"datePublished":"2024-02-21T15:08:26+00:00","dateModified":"2024-02-21T15:08:28+00:00","breadcrumb":{"@id":"https:\/\/news.mgmotor.eu\/fr\/press\/a-loccasion-du-salon-de-geneve-mg-motor-presentera-im\/#breadcrumb"},"inLanguage":"fr-FR","potentialAction":[{"@type":"ReadAction","target":["https:\/\/news.mgmotor.eu\/fr\/press\/a-loccasion-du-salon-de-geneve-mg-motor-presentera-im\/"]}]},{"@type":"BreadcrumbList","@id":"https:\/\/news.mgmotor.eu\/fr\/press\/a-loccasion-du-salon-de-geneve-mg-motor-presentera-im\/#breadcrumb","itemListElement":[{"@type":"ListItem","position":1,"name":"Home","item":"https:\/\/news.mgmotor.eu\/fr\/"},{"@type":"ListItem","position":2,"name":"Press Releases","item":"https:\/\/news.mgmotor.eu\/fr\/press\/"},{"@type":"ListItem","position":3,"name":"A l&#8217;occasion du Salon de Gen\u00e8ve, MG Motor pr\u00e9sentera IM"}]},{"@type":"WebSite","@id":"https:\/\/news.mgmotor.eu\/#website","url":"https:\/\/news.mgmotor.eu\/","name":"MG Motor Europe","description":"","potentialAction":[{"@type":"SearchAction","target":{"@type":"EntryPoint","urlTemplate":"https:\/\/news.mgmotor.eu\/?s={search_term_string}"},"query-input":"required name=search_term_string"}],"inLanguage":"fr-FR"}]}},"_links":{"self":[{"href":"https:\/\/news.mgmotor.eu\/fr\/wp-json\/wp\/v2\/press\/3561483"}],"collection":[{"href":"https:\/\/news.mgmotor.eu\/fr\/wp-json\/wp\/v2\/press"}],"about":[{"href":"https:\/\/news.mgmotor.eu\/fr\/wp-json\/wp\/v2\/types\/press"}],"wp:featuredmedia":[{"embeddable":true,"href":"https:\/\/news.mgmotor.eu\/fr\/wp-json\/wp\/v2\/media\/3561484"}],"wp:attachment":[{"href":"https:\/\/news.mgmotor.eu\/fr\/wp-json\/wp\/v2\/media?parent=3561483"}],"wp:term":[{"taxonomy":"category","embeddable":true,"href":"https:\/\/news.mgmotor.eu\/fr\/wp-json\/wp\/v2\/categories?post=3561483"},{"taxonomy":"post_tag","embeddable":true,"href":"https:\/\/news.mgmotor.eu\/fr\/wp-json\/wp\/v2\/tags?post=3561483"}],"curies":[{"name":"wp","href":"https:\/\/api.w.org\/{rel}","templated":true}]}}