{"id":3560718,"date":"2024-01-26T11:57:51","date_gmt":"2024-01-26T10:57:51","guid":{"rendered":"https:\/\/news.mgmotor.eu\/?post_type=press&#038;p=3560718"},"modified":"2024-01-26T11:59:12","modified_gmt":"2024-01-26T10:59:12","slug":"mg-motor-et-arsenal-fc-unissent-leurs-forces","status":"publish","type":"press","link":"https:\/\/news.mgmotor.eu\/fr\/press\/mg-motor-et-arsenal-fc-unissent-leurs-forces\/","title":{"rendered":"MG Motor et Arsenal FC unissent leurs forces"},"content":{"rendered":"\n<ul>\n<li><strong>MG Motor et Arsenal FC concluent un partenariat pluriannuel<\/strong><\/li>\n\n\n\n<li><strong>Le constructeur Anglais devient le partenaire automobile officiel du club<\/strong><\/li>\n<\/ul>\n\n\n\n<p>Courbevoie, le 26 janvier 2024 \u2013 <strong>MG Motor et Arsenal sont heureux d\u2019annoncer aujourd\u2019hui un partenariat pluriannuel qui verra le constructeur Anglais devenir le partenaire officiel du club de Premier League.<\/strong><\/p>\n\n\n\n<p>A l\u2019occasion de son 100<sup>\u00e8me<\/sup> anniversaire, MG devient le premier soutien des \u00e9quipes f\u00e9minines et masculines du club de football d\u2019Arsenal. Les supporters des \u00ab&nbsp;Gunners&nbsp;\u00bb pourront d\u00e9sormais voir le logo MG \u00e0 l\u2019Emirates Stadium et \u00e0 Meadow Park.<\/p>\n\n\n\n<p>MG et Arsenal travailleront conjointement \u00e0 cr\u00e9er des contenus engageants pour les fans du club r\u00e9partis dans le monde entier.<\/p>\n\n\n\n<p>\u00ab&nbsp;Nous unir \u00e0 Arsenal en cette ann\u00e9e de c\u00e9l\u00e9bration de notre centenaire marque une \u00e9tape importante dans l\u2019histoire de MG. Nous ne nous contentons pas de supporter un club de renomm\u00e9e mondiale, nous souhaitons \u00eatre une force motrice dans le d\u00e9veloppement du football professionnel f\u00e9minin, tout en montrant notre amour pour le plus passionnant des sports.&nbsp;\u00bb d\u00e9clare Guy Pigounakis, directeur commercial de MG Motor UK.<\/p>\n\n\n\n<p>\u00ab&nbsp;Nous sommes ravis d\u2019accueillir MG dans la grande famille de nos partenaires. MG est un constructeur reconnu \u00e0 la fois pour son histoire, mais aussi pour son esprit visionnaire, en accord avec les ambitions de notre club. En cette ann\u00e9e de centenaire, nous sommes heureux que MG devienne l\u2019un de nos partenaires \u00e0 long terme, et nous pr\u00e9parons \u00e0 faire d\u00e9couvrir une gamme de voitures \u00e9lectriques innovante qui s\u2019inscrit dans une d\u00e9marche de d\u00e9veloppement durable.&nbsp;\u00bb d\u00e9clare Juliet Slot, Responsable des partenariats d\u2019Arsenal.<\/p>\n\n\n\n<p>En 2023, MG a vendu plus de 80&nbsp;000 voitures au Royaume Uni, et s\u2019\u00e9tablit clairement comme l\u2019un des leaders de la mobilit\u00e9 \u00e9lectrique.<\/p>\n\n\n\n<p>Lorsque d\u00e9butera la saison 2024-2025, le tr\u00e8s attendu roadster Cyberster viendra coiffer la gamme du constructeur Anglais de ses performances \u00e9lectrisantes.<\/p>\n","protected":false},"excerpt":{"rendered":"<p>Courbevoie, le 26 janvier 2024 \u2013 MG Motor et Arsenal sont heureux d\u2019annoncer aujourd\u2019hui un partenariat pluriannuel qui verra le [&hellip;]<\/p>\n","protected":false},"featured_media":3560719,"template":"","categories":[61],"tags":[],"acf":[],"yoast_head":"<!-- This site is optimized with the Yoast SEO plugin v19.8 - https:\/\/yoast.com\/wordpress\/plugins\/seo\/ -->\n<title>MG Motor et Arsenal FC unissent leurs forces - MG Motor Europe<\/title>\n<meta name=\"robots\" content=\"index, follow, max-snippet:-1, max-image-preview:large, max-video-preview:-1\" \/>\n<link rel=\"canonical\" href=\"https:\/\/news.mgmotor.eu\/fr\/press\/mg-motor-et-arsenal-fc-unissent-leurs-forces\/\" \/>\n<meta property=\"og:locale\" content=\"fr_FR\" \/>\n<meta property=\"og:type\" content=\"article\" \/>\n<meta property=\"og:title\" content=\"MG Motor et Arsenal FC unissent leurs forces - MG Motor Europe\" \/>\n<meta property=\"og:description\" content=\"Courbevoie, le 26 janvier 2024 \u2013 MG Motor et Arsenal sont heureux d\u2019annoncer aujourd\u2019hui un partenariat pluriannuel qui verra le [&hellip;]\" \/>\n<meta property=\"og:url\" content=\"https:\/\/news.mgmotor.eu\/fr\/press\/mg-motor-et-arsenal-fc-unissent-leurs-forces\/\" \/>\n<meta property=\"og:site_name\" content=\"MG Motor Europe\" \/>\n<meta property=\"article:modified_time\" content=\"2024-01-26T10:59:12+00:00\" \/>\n<meta property=\"og:image\" content=\"https:\/\/news.mgmotor.eu\/wp-content\/uploads\/2024\/01\/AFC_MG_KV_16-9.jpg\" \/>\n\t<meta property=\"og:image:width\" content=\"1920\" \/>\n\t<meta property=\"og:image:height\" content=\"1080\" \/>\n\t<meta property=\"og:image:type\" content=\"image\/jpeg\" \/>\n<meta name=\"twitter:card\" content=\"summary_large_image\" \/>\n<meta name=\"twitter:label1\" content=\"Est. reading time\" \/>\n\t<meta name=\"twitter:data1\" content=\"2 minutes\" \/>\n<script type=\"application\/ld+json\" class=\"yoast-schema-graph\">{\"@context\":\"https:\/\/schema.org\",\"@graph\":[{\"@type\":\"WebPage\",\"@id\":\"https:\/\/news.mgmotor.eu\/fr\/press\/mg-motor-et-arsenal-fc-unissent-leurs-forces\/\",\"url\":\"https:\/\/news.mgmotor.eu\/fr\/press\/mg-motor-et-arsenal-fc-unissent-leurs-forces\/\",\"name\":\"MG Motor et Arsenal FC unissent leurs forces - MG Motor Europe\",\"isPartOf\":{\"@id\":\"https:\/\/news.mgmotor.eu\/#website\"},\"datePublished\":\"2024-01-26T10:57:51+00:00\",\"dateModified\":\"2024-01-26T10:59:12+00:00\",\"breadcrumb\":{\"@id\":\"https:\/\/news.mgmotor.eu\/fr\/press\/mg-motor-et-arsenal-fc-unissent-leurs-forces\/#breadcrumb\"},\"inLanguage\":\"fr-FR\",\"potentialAction\":[{\"@type\":\"ReadAction\",\"target\":[\"https:\/\/news.mgmotor.eu\/fr\/press\/mg-motor-et-arsenal-fc-unissent-leurs-forces\/\"]}]},{\"@type\":\"BreadcrumbList\",\"@id\":\"https:\/\/news.mgmotor.eu\/fr\/press\/mg-motor-et-arsenal-fc-unissent-leurs-forces\/#breadcrumb\",\"itemListElement\":[{\"@type\":\"ListItem\",\"position\":1,\"name\":\"Home\",\"item\":\"https:\/\/news.mgmotor.eu\/fr\/\"},{\"@type\":\"ListItem\",\"position\":2,\"name\":\"Press Releases\",\"item\":\"https:\/\/news.mgmotor.eu\/fr\/press\/\"},{\"@type\":\"ListItem\",\"position\":3,\"name\":\"MG Motor et Arsenal FC unissent leurs forces\"}]},{\"@type\":\"WebSite\",\"@id\":\"https:\/\/news.mgmotor.eu\/#website\",\"url\":\"https:\/\/news.mgmotor.eu\/\",\"name\":\"MG Motor Europe\",\"description\":\"\",\"potentialAction\":[{\"@type\":\"SearchAction\",\"target\":{\"@type\":\"EntryPoint\",\"urlTemplate\":\"https:\/\/news.mgmotor.eu\/?s={search_term_string}\"},\"query-input\":\"required name=search_term_string\"}],\"inLanguage\":\"fr-FR\"}]}<\/script>\n<!-- \/ Yoast SEO plugin. -->","yoast_head_json":{"title":"MG Motor et Arsenal FC unissent leurs forces - MG Motor Europe","robots":{"index":"index","follow":"follow","max-snippet":"max-snippet:-1","max-image-preview":"max-image-preview:large","max-video-preview":"max-video-preview:-1"},"canonical":"https:\/\/news.mgmotor.eu\/fr\/press\/mg-motor-et-arsenal-fc-unissent-leurs-forces\/","og_locale":"fr_FR","og_type":"article","og_title":"MG Motor et Arsenal FC unissent leurs forces - MG Motor Europe","og_description":"Courbevoie, le 26 janvier 2024 \u2013 MG Motor et Arsenal sont heureux d\u2019annoncer aujourd\u2019hui un partenariat pluriannuel qui verra le [&hellip;]","og_url":"https:\/\/news.mgmotor.eu\/fr\/press\/mg-motor-et-arsenal-fc-unissent-leurs-forces\/","og_site_name":"MG Motor Europe","article_modified_time":"2024-01-26T10:59:12+00:00","og_image":[{"width":1920,"height":1080,"url":"https:\/\/news.mgmotor.eu\/wp-content\/uploads\/2024\/01\/AFC_MG_KV_16-9.jpg","type":"image\/jpeg"}],"twitter_card":"summary_large_image","twitter_misc":{"Est. reading time":"2 minutes"},"schema":{"@context":"https:\/\/schema.org","@graph":[{"@type":"WebPage","@id":"https:\/\/news.mgmotor.eu\/fr\/press\/mg-motor-et-arsenal-fc-unissent-leurs-forces\/","url":"https:\/\/news.mgmotor.eu\/fr\/press\/mg-motor-et-arsenal-fc-unissent-leurs-forces\/","name":"MG Motor et Arsenal FC unissent leurs forces - MG Motor Europe","isPartOf":{"@id":"https:\/\/news.mgmotor.eu\/#website"},"datePublished":"2024-01-26T10:57:51+00:00","dateModified":"2024-01-26T10:59:12+00:00","breadcrumb":{"@id":"https:\/\/news.mgmotor.eu\/fr\/press\/mg-motor-et-arsenal-fc-unissent-leurs-forces\/#breadcrumb"},"inLanguage":"fr-FR","potentialAction":[{"@type":"ReadAction","target":["https:\/\/news.mgmotor.eu\/fr\/press\/mg-motor-et-arsenal-fc-unissent-leurs-forces\/"]}]},{"@type":"BreadcrumbList","@id":"https:\/\/news.mgmotor.eu\/fr\/press\/mg-motor-et-arsenal-fc-unissent-leurs-forces\/#breadcrumb","itemListElement":[{"@type":"ListItem","position":1,"name":"Home","item":"https:\/\/news.mgmotor.eu\/fr\/"},{"@type":"ListItem","position":2,"name":"Press Releases","item":"https:\/\/news.mgmotor.eu\/fr\/press\/"},{"@type":"ListItem","position":3,"name":"MG Motor et Arsenal FC unissent leurs forces"}]},{"@type":"WebSite","@id":"https:\/\/news.mgmotor.eu\/#website","url":"https:\/\/news.mgmotor.eu\/","name":"MG Motor Europe","description":"","potentialAction":[{"@type":"SearchAction","target":{"@type":"EntryPoint","urlTemplate":"https:\/\/news.mgmotor.eu\/?s={search_term_string}"},"query-input":"required name=search_term_string"}],"inLanguage":"fr-FR"}]}},"_links":{"self":[{"href":"https:\/\/news.mgmotor.eu\/fr\/wp-json\/wp\/v2\/press\/3560718"}],"collection":[{"href":"https:\/\/news.mgmotor.eu\/fr\/wp-json\/wp\/v2\/press"}],"about":[{"href":"https:\/\/news.mgmotor.eu\/fr\/wp-json\/wp\/v2\/types\/press"}],"wp:featuredmedia":[{"embeddable":true,"href":"https:\/\/news.mgmotor.eu\/fr\/wp-json\/wp\/v2\/media\/3560719"}],"wp:attachment":[{"href":"https:\/\/news.mgmotor.eu\/fr\/wp-json\/wp\/v2\/media?parent=3560718"}],"wp:term":[{"taxonomy":"category","embeddable":true,"href":"https:\/\/news.mgmotor.eu\/fr\/wp-json\/wp\/v2\/categories?post=3560718"},{"taxonomy":"post_tag","embeddable":true,"href":"https:\/\/news.mgmotor.eu\/fr\/wp-json\/wp\/v2\/tags?post=3560718"}],"curies":[{"name":"wp","href":"https:\/\/api.w.org\/{rel}","templated":true}]}}