{"id":3554332,"date":"2023-08-30T09:19:09","date_gmt":"2023-08-30T07:19:09","guid":{"rendered":"https:\/\/news.mgmotor.eu\/?post_type=press&#038;p=3554332"},"modified":"2023-08-30T09:23:02","modified_gmt":"2023-08-30T07:23:02","slug":"mg-au-salon-de-munich-2023-premier-bain-de-foule-pour-le-mg-cyberster","status":"publish","type":"press","link":"https:\/\/news.mgmotor.eu\/fr\/press\/mg-au-salon-de-munich-2023-premier-bain-de-foule-pour-le-mg-cyberster\/","title":{"rendered":"MG au salon de Munich 2023 : premier bain de foule pour le MG Cyberster"},"content":{"rendered":"\n<ul>\n<li><strong>Le MG Cyberster est pr\u00e9sent\u00e9 pour la 1\u00e8re fois en Europe continentale<\/strong><\/li>\n\n\n\n<li><strong>Le roadster sera accompagn\u00e9 de la MG4 XPOWER de 435 chevaux ainsi que de la version Performance du Marvel R<\/strong><\/li>\n\n\n\n<li><strong>MG commence \u00e0 c\u00e9l\u00e9brer son centenaire<\/strong><\/li>\n<\/ul>\n\n\n\n<p>Courbevoie, le 30 ao\u00fbt 2023 \u2013 <strong>A l\u2019occasion de l\u2019IAA Mobility 2023 de Munich (du 5 au 10 septembre 2023), le constructeur MG pr\u00e9sentera pour la premi\u00e8re fois en Europe continentale son premier roadster \u00e9lectrique biplace, le MG Cyberster.<\/strong><\/p>\n\n\n\n<p>Le MG Cyberster sera la t\u00eate d&#8217;affiche de la pr\u00e9sence de MG Motor \u00e0 Munich. Le Roadster 100% \u00e9lectrique sera rejoint par la compacte haute performance MG4 XPOWER, derni\u00e8re-n\u00e9e de la gamme MG4. Cette renaissance de la griffe XPOWER en fait la MG de s\u00e9rie la plus puissante de tous les temps avec 435 chevaux. Le MG Marvel R, SUV au style affirm\u00e9, vient compl\u00e9ter la gamme MG pr\u00e9sent\u00e9e lors de l\u2019IAA de Munich.<\/p>\n\n\n\n<p>Ces trois mod\u00e8les, qui feront l\u2019actualit\u00e9 sur le stand MG situ\u00e9 dans le hall B2, d\u00e9montrent le savoir-faire de MG dans la conception et la production de v\u00e9hicules \u00e9lectriques performants, au style audacieux et dot\u00e9s de technologies de pointe en mati\u00e8re de conduite et d&#8217;infodivertissement.<\/p>\n\n\n\n<p>Mr Haojie GUO, PDG de MG Motor France, d\u00e9clare :<\/p>\n\n\n\n<p><em>&#8221; Nous sommes impatients d&#8217;accueillir un large public sur le stand MG, o\u00f9 nous exposerons trois de nos v\u00e9hicules 100% \u00e9lectriques les plus performants et les plus exaltants. Le salon IAA Mobility 2023 est un rendez-vous incontournable pour rencontrer les automobilistes afin de leur proposer un aper\u00e7u de l&#8217;avenir passionnant que nous pr\u00e9parons chez MG et qui comprend des voitures comme le Cyberster qui sera d\u00e9j\u00e0 dans nos showrooms l&#8217;ann\u00e9e prochaine.&#8221;<\/em><\/p>\n\n\n\n<p><strong>La MG Cyberster fait ses d\u00e9buts en Europe continentale<\/strong><\/p>\n\n\n\n<p>Le Cyberster, nouveau fleuron de la gamme, sera la t\u00eate d\u2019affiche du stand MG lors de cet \u00e9v\u00e9nement parmi les plus prestigieux au monde. Juste apr\u00e8s avoir donn\u00e9 un aper\u00e7u de ses performances exceptionnelles lors du Festival of Speed de Goodwood, le Cyberster sera expos\u00e9 pour la premi\u00e8re fois en Europe continentale. Alors que la firme d\u00e9bute les festivit\u00e9s de son centenaire, le Cyberster marque le retour tant attendu des roadsters sportifs dans la gamme MG. Le Cyberster associe l&#8217;h\u00e9ritage d\u2019une l\u00e9gendaire lign\u00e9e de d\u00e9couvrables \u00e0 une conception moderne mue par un groupe motopropulseur enti\u00e8rement \u00e9lectrique.<\/p>\n\n\n\n<p>Les visiteurs du salon pourront \u00e9galement d\u00e9couvrir la MG4 XPOWER. Lanc\u00e9e en juillet dernier, la MG4 XPOWER est le mod\u00e8le le plus performant de la berline compacte MG4 qui conna\u00eet un grand succ\u00e8s sur le march\u00e9 europ\u00e9en. Elle d\u00e9veloppe 435 ch (320 kW) et impressionne par ses performances, anim\u00e9e par ses deux moteurs et sa transmission int\u00e9grale.<\/p>\n\n\n\n<p>Le plus grand SUV de la gamme, le MG Marvel R, sera \u00e9galement pr\u00e9sent dans sa version la plus puissante. Avec ses trois moteurs et sa transmission int\u00e9grale, il promet \u00e9galement des performances de 1er plan.<\/p>\n\n\n\n<p>MG Motor est l&#8217;une des marques automobiles \u00e0 la croissance la plus rapide en Europe, avec plus de 100 000 ventes entre janvier et juin 2023.<\/p>\n","protected":false},"excerpt":{"rendered":"<p>Courbevoie, le 30 ao\u00fbt 2023 \u2013 A l\u2019occasion de l\u2019IAA Mobility 2023 de Munich (du 5 au 10 septembre 2023), [&hellip;]<\/p>\n","protected":false},"featured_media":3554058,"template":"","categories":[54],"tags":[],"acf":[],"yoast_head":"<!-- This site is optimized with the Yoast SEO plugin v19.8 - https:\/\/yoast.com\/wordpress\/plugins\/seo\/ -->\n<title>MG au salon de Munich 2023 : premier bain de foule pour le MG Cyberster - MG Motor Europe<\/title>\n<meta name=\"robots\" content=\"index, follow, max-snippet:-1, max-image-preview:large, max-video-preview:-1\" \/>\n<link rel=\"canonical\" href=\"https:\/\/news.mgmotor.eu\/fr\/press\/mg-au-salon-de-munich-2023-premier-bain-de-foule-pour-le-mg-cyberster\/\" \/>\n<meta property=\"og:locale\" content=\"fr_FR\" \/>\n<meta property=\"og:type\" content=\"article\" \/>\n<meta property=\"og:title\" content=\"MG au salon de Munich 2023 : premier bain de foule pour le MG Cyberster - MG Motor Europe\" \/>\n<meta property=\"og:description\" content=\"Courbevoie, le 30 ao\u00fbt 2023 \u2013 A l\u2019occasion de l\u2019IAA Mobility 2023 de Munich (du 5 au 10 septembre 2023), [&hellip;]\" \/>\n<meta property=\"og:url\" content=\"https:\/\/news.mgmotor.eu\/fr\/press\/mg-au-salon-de-munich-2023-premier-bain-de-foule-pour-le-mg-cyberster\/\" \/>\n<meta property=\"og:site_name\" content=\"MG Motor Europe\" \/>\n<meta property=\"article:modified_time\" content=\"2023-08-30T07:23:02+00:00\" \/>\n<meta property=\"og:image\" content=\"https:\/\/news.mgmotor.eu\/wp-content\/uploads\/2023\/08\/2023-08-13_mg-motor___iaa-mobility_004_\u00a9mg-motor.jpg\" \/>\n\t<meta property=\"og:image:width\" content=\"2048\" \/>\n\t<meta property=\"og:image:height\" content=\"1152\" \/>\n\t<meta property=\"og:image:type\" content=\"image\/jpeg\" \/>\n<meta name=\"twitter:card\" content=\"summary_large_image\" \/>\n<meta name=\"twitter:label1\" content=\"Est. reading time\" \/>\n\t<meta name=\"twitter:data1\" content=\"3 minutes\" \/>\n<script type=\"application\/ld+json\" class=\"yoast-schema-graph\">{\"@context\":\"https:\/\/schema.org\",\"@graph\":[{\"@type\":\"WebPage\",\"@id\":\"https:\/\/news.mgmotor.eu\/fr\/press\/mg-au-salon-de-munich-2023-premier-bain-de-foule-pour-le-mg-cyberster\/\",\"url\":\"https:\/\/news.mgmotor.eu\/fr\/press\/mg-au-salon-de-munich-2023-premier-bain-de-foule-pour-le-mg-cyberster\/\",\"name\":\"MG au salon de Munich 2023 : premier bain de foule pour le MG Cyberster - MG Motor Europe\",\"isPartOf\":{\"@id\":\"https:\/\/news.mgmotor.eu\/#website\"},\"datePublished\":\"2023-08-30T07:19:09+00:00\",\"dateModified\":\"2023-08-30T07:23:02+00:00\",\"breadcrumb\":{\"@id\":\"https:\/\/news.mgmotor.eu\/fr\/press\/mg-au-salon-de-munich-2023-premier-bain-de-foule-pour-le-mg-cyberster\/#breadcrumb\"},\"inLanguage\":\"fr-FR\",\"potentialAction\":[{\"@type\":\"ReadAction\",\"target\":[\"https:\/\/news.mgmotor.eu\/fr\/press\/mg-au-salon-de-munich-2023-premier-bain-de-foule-pour-le-mg-cyberster\/\"]}]},{\"@type\":\"BreadcrumbList\",\"@id\":\"https:\/\/news.mgmotor.eu\/fr\/press\/mg-au-salon-de-munich-2023-premier-bain-de-foule-pour-le-mg-cyberster\/#breadcrumb\",\"itemListElement\":[{\"@type\":\"ListItem\",\"position\":1,\"name\":\"Home\",\"item\":\"https:\/\/news.mgmotor.eu\/fr\/\"},{\"@type\":\"ListItem\",\"position\":2,\"name\":\"Press Releases\",\"item\":\"https:\/\/news.mgmotor.eu\/fr\/press\/\"},{\"@type\":\"ListItem\",\"position\":3,\"name\":\"MG au salon de Munich 2023 : premier bain de foule pour le MG Cyberster\"}]},{\"@type\":\"WebSite\",\"@id\":\"https:\/\/news.mgmotor.eu\/#website\",\"url\":\"https:\/\/news.mgmotor.eu\/\",\"name\":\"MG Motor Europe\",\"description\":\"\",\"potentialAction\":[{\"@type\":\"SearchAction\",\"target\":{\"@type\":\"EntryPoint\",\"urlTemplate\":\"https:\/\/news.mgmotor.eu\/?s={search_term_string}\"},\"query-input\":\"required name=search_term_string\"}],\"inLanguage\":\"fr-FR\"}]}<\/script>\n<!-- \/ Yoast SEO plugin. -->","yoast_head_json":{"title":"MG au salon de Munich 2023 : premier bain de foule pour le MG Cyberster - MG Motor Europe","robots":{"index":"index","follow":"follow","max-snippet":"max-snippet:-1","max-image-preview":"max-image-preview:large","max-video-preview":"max-video-preview:-1"},"canonical":"https:\/\/news.mgmotor.eu\/fr\/press\/mg-au-salon-de-munich-2023-premier-bain-de-foule-pour-le-mg-cyberster\/","og_locale":"fr_FR","og_type":"article","og_title":"MG au salon de Munich 2023 : premier bain de foule pour le MG Cyberster - MG Motor Europe","og_description":"Courbevoie, le 30 ao\u00fbt 2023 \u2013 A l\u2019occasion de l\u2019IAA Mobility 2023 de Munich (du 5 au 10 septembre 2023), [&hellip;]","og_url":"https:\/\/news.mgmotor.eu\/fr\/press\/mg-au-salon-de-munich-2023-premier-bain-de-foule-pour-le-mg-cyberster\/","og_site_name":"MG Motor Europe","article_modified_time":"2023-08-30T07:23:02+00:00","og_image":[{"width":2048,"height":1152,"url":"https:\/\/news.mgmotor.eu\/wp-content\/uploads\/2023\/08\/2023-08-13_mg-motor___iaa-mobility_004_\u00a9mg-motor.jpg","type":"image\/jpeg"}],"twitter_card":"summary_large_image","twitter_misc":{"Est. reading time":"3 minutes"},"schema":{"@context":"https:\/\/schema.org","@graph":[{"@type":"WebPage","@id":"https:\/\/news.mgmotor.eu\/fr\/press\/mg-au-salon-de-munich-2023-premier-bain-de-foule-pour-le-mg-cyberster\/","url":"https:\/\/news.mgmotor.eu\/fr\/press\/mg-au-salon-de-munich-2023-premier-bain-de-foule-pour-le-mg-cyberster\/","name":"MG au salon de Munich 2023 : premier bain de foule pour le MG Cyberster - MG Motor Europe","isPartOf":{"@id":"https:\/\/news.mgmotor.eu\/#website"},"datePublished":"2023-08-30T07:19:09+00:00","dateModified":"2023-08-30T07:23:02+00:00","breadcrumb":{"@id":"https:\/\/news.mgmotor.eu\/fr\/press\/mg-au-salon-de-munich-2023-premier-bain-de-foule-pour-le-mg-cyberster\/#breadcrumb"},"inLanguage":"fr-FR","potentialAction":[{"@type":"ReadAction","target":["https:\/\/news.mgmotor.eu\/fr\/press\/mg-au-salon-de-munich-2023-premier-bain-de-foule-pour-le-mg-cyberster\/"]}]},{"@type":"BreadcrumbList","@id":"https:\/\/news.mgmotor.eu\/fr\/press\/mg-au-salon-de-munich-2023-premier-bain-de-foule-pour-le-mg-cyberster\/#breadcrumb","itemListElement":[{"@type":"ListItem","position":1,"name":"Home","item":"https:\/\/news.mgmotor.eu\/fr\/"},{"@type":"ListItem","position":2,"name":"Press Releases","item":"https:\/\/news.mgmotor.eu\/fr\/press\/"},{"@type":"ListItem","position":3,"name":"MG au salon de Munich 2023 : premier bain de foule pour le MG Cyberster"}]},{"@type":"WebSite","@id":"https:\/\/news.mgmotor.eu\/#website","url":"https:\/\/news.mgmotor.eu\/","name":"MG Motor Europe","description":"","potentialAction":[{"@type":"SearchAction","target":{"@type":"EntryPoint","urlTemplate":"https:\/\/news.mgmotor.eu\/?s={search_term_string}"},"query-input":"required name=search_term_string"}],"inLanguage":"fr-FR"}]}},"_links":{"self":[{"href":"https:\/\/news.mgmotor.eu\/fr\/wp-json\/wp\/v2\/press\/3554332"}],"collection":[{"href":"https:\/\/news.mgmotor.eu\/fr\/wp-json\/wp\/v2\/press"}],"about":[{"href":"https:\/\/news.mgmotor.eu\/fr\/wp-json\/wp\/v2\/types\/press"}],"wp:featuredmedia":[{"embeddable":true,"href":"https:\/\/news.mgmotor.eu\/fr\/wp-json\/wp\/v2\/media\/3554058"}],"wp:attachment":[{"href":"https:\/\/news.mgmotor.eu\/fr\/wp-json\/wp\/v2\/media?parent=3554332"}],"wp:term":[{"taxonomy":"category","embeddable":true,"href":"https:\/\/news.mgmotor.eu\/fr\/wp-json\/wp\/v2\/categories?post=3554332"},{"taxonomy":"post_tag","embeddable":true,"href":"https:\/\/news.mgmotor.eu\/fr\/wp-json\/wp\/v2\/tags?post=3554332"}],"curies":[{"name":"wp","href":"https:\/\/api.w.org\/{rel}","templated":true}]}}