{"id":3545351,"date":"2023-07-14T10:25:00","date_gmt":"2023-07-14T08:25:00","guid":{"rendered":"https:\/\/news.mgmotor.eu\/?post_type=press&#038;p=3545351"},"modified":"2023-07-17T14:22:38","modified_gmt":"2023-07-17T12:22:38","slug":"mg-electrise-le-festival-of-speed-de-goodwood","status":"publish","type":"press","link":"https:\/\/news.mgmotor.eu\/fr\/press\/mg-electrise-le-festival-of-speed-de-goodwood\/","title":{"rendered":"MG \u00e9lectrise le Festival of Speed de Goodwood"},"content":{"rendered":"\n<ul>\n<li><strong>Trois premi\u00e8res mondiales pour MG Motor \u00e0 Goodwood<\/strong><\/li>\n\n\n\n<li><strong>Des MG 100% \u00e9lectriques et performantes se d\u00e9cha\u00eenent sur le c\u00e9l\u00e8bre \u00ab&nbsp;Hill climb&nbsp;\u00bb<\/strong><\/li>\n\n\n\n<li><strong>Cyberster, MG4 EV XPOWER et EX4 parmi les stars du paddock \u00ab&nbsp;First Glance&nbsp;\u00bb<\/strong><\/li>\n<\/ul>\n\n\n\n<p>Goodwood, le 14 juillet 2023 &#8211; <strong>MG effectue son grand retour au Festival of Speed de Goodwood aujourd&#8217;hui avec une d\u00e9monstration de performance \u00e9lectrique sous haute tension. MG pr\u00e9sente trois premi\u00e8res mondiales durant l\u2019\u00e9v\u00e8nement : la attendue premi\u00e8re apparition publique du roadster Cyberster, la toute nouvelle MG4 EV XPOWER et le concept MG EX4, con\u00e7ue par tr\u00e8s l&#8217;\u00e9quipe de design londonienne de MG pour cette f\u00eate de l\u2019automobile.<\/strong><\/p>\n\n\n\n<p>Le roadster MG Cyberster et la MG4 EV XPOWER &#8211; toutes deux capable d\u2019acc\u00e9l\u00e9rations fulgurantes &#8211; sont deux des attractions de la course de c\u00f4te de Goodwood.<\/p>\n\n\n\n<p>La MG4 XPOWER est la MG de s\u00e9rie la plus puissante de l\u2019histoire. Elle met \u00e0 profit son architecture innovante \u00e0 double moteur et distribue 435 ch et 600 Nm de couple aux quatre roues, pour s&#8217;\u00e9lancer de la ligne de d\u00e9part. Capable d&#8217;acc\u00e9l\u00e9rer de 0 \u00e0 100 km\/h en 3,8 secondes, la MG4 XPOWER partage l\u2019affiche avec le MG Cyberster qui a donn\u00e9 un aper\u00e7u de sa v\u00e9locit\u00e9 sur la c\u00e9l\u00e8bre course de c\u00f4te.<\/p>\n\n\n\n<p>Le Duc de Richmond a \u00e9galement eu droit \u00e0 une pr\u00e9sentation sp\u00e9ciale du cabriolet spectaculaire par le designer britannique Carl Gotham, dont l&#8217;\u00e9quipe londonienne a jou\u00e9 un r\u00f4le cl\u00e9 dans la cr\u00e9ation du premier roadster \u00e9lectrique du march\u00e9, tout en conservant le style intemporel des roadsters MG.<\/p>\n\n\n\n<p>MG a \u00e9galement d\u00e9voil\u00e9 une troisi\u00e8me voiture spectaculaire, le concept MG EX4, qui r\u00e9imagine audacieusement la MG Metro 6R4, l\u00e9gende des rallyes des ann\u00e9es 1980, mais qui, \u00e9voluant avec son temps, est d\u00e9sormais mue par le tr\u00e8s performant groupe motopropulseur \u00e9lectrique de la MG4 XPOWER.<\/p>\n\n\n\n<p>Con\u00e7ue par le studio de design avanc\u00e9 de Londres, la MG EX4 arbore une livr\u00e9e unique, sp\u00e9cialement dessin\u00e9e pour Goodwood et le 40e anniversaire de la l\u00e9gendaire MG Metro 6R4.<\/p>\n\n\n\n<p>Cl\u00e9ment Lef\u00e8vre, Responsable relations presse et publiques MG Motor France :<\/p>\n\n\n\n<p>&#8220;<em>L&#8217;atmosph\u00e8re du Festival of Speed de Goodwood est unique. C\u2019est l&#8217;endroit id\u00e9al pour pr\u00e9senter cette nouvelle g\u00e9n\u00e9ration de sportives MG \u00e9lectriques s\u00e9duisantes et d\u00e9di\u00e9es au plaisir. C\u2019est aussi le coup d\u2019envoi de nos c\u00e9l\u00e9brations du centenaire de MG Motor, qui s\u2019\u00e9tendront jusqu\u2019\u00e0 la fin de l\u2019ann\u00e9e prochaine<\/em>&#8220;.<\/p>\n","protected":false},"excerpt":{"rendered":"<p>Goodwood, le 14 juillet 2023 &#8211; MG effectue son grand retour au Festival of Speed de Goodwood aujourd&#8217;hui avec une [&hellip;]<\/p>\n","protected":false},"featured_media":3545363,"template":"","categories":[61,54],"tags":[],"acf":[],"yoast_head":"<!-- This site is optimized with the Yoast SEO plugin v19.8 - https:\/\/yoast.com\/wordpress\/plugins\/seo\/ -->\n<title>MG \u00e9lectrise le Festival of Speed de Goodwood - MG Motor Europe<\/title>\n<meta name=\"robots\" content=\"index, follow, max-snippet:-1, max-image-preview:large, max-video-preview:-1\" \/>\n<link rel=\"canonical\" href=\"https:\/\/news.mgmotor.eu\/fr\/press\/mg-electrise-le-festival-of-speed-de-goodwood\/\" \/>\n<meta property=\"og:locale\" content=\"fr_FR\" \/>\n<meta property=\"og:type\" content=\"article\" \/>\n<meta property=\"og:title\" content=\"MG \u00e9lectrise le Festival of Speed de Goodwood - MG Motor Europe\" \/>\n<meta property=\"og:description\" content=\"Goodwood, le 14 juillet 2023 &#8211; MG effectue son grand retour au Festival of Speed de Goodwood aujourd&#8217;hui avec une [&hellip;]\" \/>\n<meta property=\"og:url\" content=\"https:\/\/news.mgmotor.eu\/fr\/press\/mg-electrise-le-festival-of-speed-de-goodwood\/\" \/>\n<meta property=\"og:site_name\" content=\"MG Motor Europe\" \/>\n<meta property=\"article:modified_time\" content=\"2023-07-17T12:22:38+00:00\" \/>\n<meta property=\"og:image\" content=\"https:\/\/news.mgmotor.eu\/wp-content\/uploads\/2023\/07\/DSC00855-1.jpg\" \/>\n\t<meta property=\"og:image:width\" content=\"4240\" \/>\n\t<meta property=\"og:image:height\" content=\"2384\" \/>\n\t<meta property=\"og:image:type\" content=\"image\/jpeg\" \/>\n<meta name=\"twitter:card\" content=\"summary_large_image\" \/>\n<meta name=\"twitter:label1\" content=\"Est. reading time\" \/>\n\t<meta name=\"twitter:data1\" content=\"2 minutes\" \/>\n<script type=\"application\/ld+json\" class=\"yoast-schema-graph\">{\"@context\":\"https:\/\/schema.org\",\"@graph\":[{\"@type\":\"WebPage\",\"@id\":\"https:\/\/news.mgmotor.eu\/fr\/press\/mg-electrise-le-festival-of-speed-de-goodwood\/\",\"url\":\"https:\/\/news.mgmotor.eu\/fr\/press\/mg-electrise-le-festival-of-speed-de-goodwood\/\",\"name\":\"MG \u00e9lectrise le Festival of Speed de Goodwood - MG Motor Europe\",\"isPartOf\":{\"@id\":\"https:\/\/news.mgmotor.eu\/#website\"},\"datePublished\":\"2023-07-14T08:25:00+00:00\",\"dateModified\":\"2023-07-17T12:22:38+00:00\",\"breadcrumb\":{\"@id\":\"https:\/\/news.mgmotor.eu\/fr\/press\/mg-electrise-le-festival-of-speed-de-goodwood\/#breadcrumb\"},\"inLanguage\":\"fr-FR\",\"potentialAction\":[{\"@type\":\"ReadAction\",\"target\":[\"https:\/\/news.mgmotor.eu\/fr\/press\/mg-electrise-le-festival-of-speed-de-goodwood\/\"]}]},{\"@type\":\"BreadcrumbList\",\"@id\":\"https:\/\/news.mgmotor.eu\/fr\/press\/mg-electrise-le-festival-of-speed-de-goodwood\/#breadcrumb\",\"itemListElement\":[{\"@type\":\"ListItem\",\"position\":1,\"name\":\"Home\",\"item\":\"https:\/\/news.mgmotor.eu\/fr\/\"},{\"@type\":\"ListItem\",\"position\":2,\"name\":\"Press Releases\",\"item\":\"https:\/\/news.mgmotor.eu\/fr\/press\/\"},{\"@type\":\"ListItem\",\"position\":3,\"name\":\"MG \u00e9lectrise le Festival of Speed de Goodwood\"}]},{\"@type\":\"WebSite\",\"@id\":\"https:\/\/news.mgmotor.eu\/#website\",\"url\":\"https:\/\/news.mgmotor.eu\/\",\"name\":\"MG Motor Europe\",\"description\":\"\",\"potentialAction\":[{\"@type\":\"SearchAction\",\"target\":{\"@type\":\"EntryPoint\",\"urlTemplate\":\"https:\/\/news.mgmotor.eu\/?s={search_term_string}\"},\"query-input\":\"required name=search_term_string\"}],\"inLanguage\":\"fr-FR\"}]}<\/script>\n<!-- \/ Yoast SEO plugin. -->","yoast_head_json":{"title":"MG \u00e9lectrise le Festival of Speed de Goodwood - MG Motor Europe","robots":{"index":"index","follow":"follow","max-snippet":"max-snippet:-1","max-image-preview":"max-image-preview:large","max-video-preview":"max-video-preview:-1"},"canonical":"https:\/\/news.mgmotor.eu\/fr\/press\/mg-electrise-le-festival-of-speed-de-goodwood\/","og_locale":"fr_FR","og_type":"article","og_title":"MG \u00e9lectrise le Festival of Speed de Goodwood - MG Motor Europe","og_description":"Goodwood, le 14 juillet 2023 &#8211; MG effectue son grand retour au Festival of Speed de Goodwood aujourd&#8217;hui avec une [&hellip;]","og_url":"https:\/\/news.mgmotor.eu\/fr\/press\/mg-electrise-le-festival-of-speed-de-goodwood\/","og_site_name":"MG Motor Europe","article_modified_time":"2023-07-17T12:22:38+00:00","og_image":[{"width":4240,"height":2384,"url":"https:\/\/news.mgmotor.eu\/wp-content\/uploads\/2023\/07\/DSC00855-1.jpg","type":"image\/jpeg"}],"twitter_card":"summary_large_image","twitter_misc":{"Est. reading time":"2 minutes"},"schema":{"@context":"https:\/\/schema.org","@graph":[{"@type":"WebPage","@id":"https:\/\/news.mgmotor.eu\/fr\/press\/mg-electrise-le-festival-of-speed-de-goodwood\/","url":"https:\/\/news.mgmotor.eu\/fr\/press\/mg-electrise-le-festival-of-speed-de-goodwood\/","name":"MG \u00e9lectrise le Festival of Speed de Goodwood - MG Motor Europe","isPartOf":{"@id":"https:\/\/news.mgmotor.eu\/#website"},"datePublished":"2023-07-14T08:25:00+00:00","dateModified":"2023-07-17T12:22:38+00:00","breadcrumb":{"@id":"https:\/\/news.mgmotor.eu\/fr\/press\/mg-electrise-le-festival-of-speed-de-goodwood\/#breadcrumb"},"inLanguage":"fr-FR","potentialAction":[{"@type":"ReadAction","target":["https:\/\/news.mgmotor.eu\/fr\/press\/mg-electrise-le-festival-of-speed-de-goodwood\/"]}]},{"@type":"BreadcrumbList","@id":"https:\/\/news.mgmotor.eu\/fr\/press\/mg-electrise-le-festival-of-speed-de-goodwood\/#breadcrumb","itemListElement":[{"@type":"ListItem","position":1,"name":"Home","item":"https:\/\/news.mgmotor.eu\/fr\/"},{"@type":"ListItem","position":2,"name":"Press Releases","item":"https:\/\/news.mgmotor.eu\/fr\/press\/"},{"@type":"ListItem","position":3,"name":"MG \u00e9lectrise le Festival of Speed de Goodwood"}]},{"@type":"WebSite","@id":"https:\/\/news.mgmotor.eu\/#website","url":"https:\/\/news.mgmotor.eu\/","name":"MG Motor Europe","description":"","potentialAction":[{"@type":"SearchAction","target":{"@type":"EntryPoint","urlTemplate":"https:\/\/news.mgmotor.eu\/?s={search_term_string}"},"query-input":"required name=search_term_string"}],"inLanguage":"fr-FR"}]}},"_links":{"self":[{"href":"https:\/\/news.mgmotor.eu\/fr\/wp-json\/wp\/v2\/press\/3545351"}],"collection":[{"href":"https:\/\/news.mgmotor.eu\/fr\/wp-json\/wp\/v2\/press"}],"about":[{"href":"https:\/\/news.mgmotor.eu\/fr\/wp-json\/wp\/v2\/types\/press"}],"wp:featuredmedia":[{"embeddable":true,"href":"https:\/\/news.mgmotor.eu\/fr\/wp-json\/wp\/v2\/media\/3545363"}],"wp:attachment":[{"href":"https:\/\/news.mgmotor.eu\/fr\/wp-json\/wp\/v2\/media?parent=3545351"}],"wp:term":[{"taxonomy":"category","embeddable":true,"href":"https:\/\/news.mgmotor.eu\/fr\/wp-json\/wp\/v2\/categories?post=3545351"},{"taxonomy":"post_tag","embeddable":true,"href":"https:\/\/news.mgmotor.eu\/fr\/wp-json\/wp\/v2\/tags?post=3545351"}],"curies":[{"name":"wp","href":"https:\/\/api.w.org\/{rel}","templated":true}]}}