{"id":1489890,"date":"2022-05-02T14:07:18","date_gmt":"2022-05-02T12:07:18","guid":{"rendered":"https:\/\/news.mgmotor.eu\/?post_type=press&#038;p=1489890"},"modified":"2022-05-02T14:07:25","modified_gmt":"2022-05-02T12:07:25","slug":"mg-motor-dans-le-top-10-des-immatriculations-de-ve-en-france","status":"publish","type":"press","link":"https:\/\/news.mgmotor.eu\/fr\/press\/mg-motor-dans-le-top-10-des-immatriculations-de-ve-en-france\/","title":{"rendered":"MG Motor dans le Top 10 des immatriculations de VE en France"},"content":{"rendered":"\n<ul><li><strong>Plus de 1&nbsp;100 MG immatricul\u00e9es sur le mois d\u2019avril isol\u00e9, en progr\u00e8s de 670% par rapport \u00e0 avril 2021<\/strong><\/li><li><strong>MG fait son entr\u00e9e dans le top 10 des immatriculations de VE depuis le d\u00e9but d\u2019ann\u00e9e<\/strong><\/li><li><strong>MG d\u00e9passe 0,5% de part de march\u00e9 depuis le 1<sup>er<\/sup> janvier 2022<\/strong><\/li><\/ul>\n\n\n\n<p><em>Courbevoie, le lundi 2 mai 2022 \u2013<\/em><strong> Le mois d\u2019avril 2022 est un mois record pour MG, qui permet au constructeur d\u2019afficher une part de march\u00e9 de 0,5% depuis le d\u00e9but de l\u2019ann\u00e9e 2022, en ligne avec son objectif annonc\u00e9 de doubler ses volumes cette ann\u00e9e. Avec plus de 1&nbsp;100 immatriculations sur le seul mois d\u2019avril, MG se hisse dans le Top 10 des constructeurs de voitures 100% \u00e9lectriques.<\/strong><\/p>\n\n\n\n<p>MG Motor continue son d\u00e9veloppement sur le march\u00e9 Fran\u00e7ais, en proposant des voitures \u00e9quip\u00e9es de toutes les technologies de s\u00e9curit\u00e9 et de confort, \u00e0 un tarif permettant \u00e0 tous d\u2019acc\u00e9der \u00e0 une mobilit\u00e9 \u00e9lectrifi\u00e9e.<\/p>\n\n\n\n<p>Sur le mois d\u2019avril isol\u00e9, ce sont 1&nbsp;109 MG qui ont \u00e9t\u00e9 immatricul\u00e9es en France (DROM inclus), en progr\u00e8s de 670% par rapport au m\u00eame mois l\u2019an pass\u00e9. Au cumul depuis le d\u00e9but de l\u2019ann\u00e9e, MG d\u00e9passe 0,5% des immatriculations hexagonales, en ligne avec son objectif de doubler sa part de march\u00e9 en France en 2022.<\/p>\n\n\n\n<p>Les ventes cumul\u00e9es depuis le d\u00e9but de l\u2019ann\u00e9e atteignent 2 573 unit\u00e9s, pla\u00e7ant MG dans le Top 10 des constructeurs de v\u00e9hicules \u00e9lectriques.<\/p>\n\n\n\n<p>Julien Robert, directeur des ventes et du d\u00e9veloppement r\u00e9seau MG d\u00e9clare&nbsp;: <em>\u00ab&nbsp;Nous c\u00e9l\u00e9brons les deux ans de notre retour sur le march\u00e9 europ\u00e9en de la meilleure des mani\u00e8res. En d\u00e9pit des difficult\u00e9s de notre industrie et des r\u00e9percussions de la crise sanitaire qui impactent nos capacit\u00e9s de production et notre chaine logistique, MG est en ligne avec ses objectifs et poursuit sa croissance rapide sur le march\u00e9 Fran\u00e7ais. Notre ambition de doubler notre part de march\u00e9 cette ann\u00e9e se concr\u00e9tise plus t\u00f4t que pr\u00e9vu avec ce mois d\u2019avril record qui nous permet de stabiliser notre part de march\u00e9 au-dessus de 0,5% depuis le d\u00e9but de l\u2019ann\u00e9e 2022. La croissance de notre r\u00e9seau et les lancements de nouveaux mod\u00e8les sur les prochains mois&nbsp;nous permettront de conforter notre place parmi les 10 plus grands constructeurs de v\u00e9hicules \u00e9lectriques en France. \u00bb<\/em><\/p>\n\n\n\n<p><em>Donn\u00e9es&nbsp;: DataNEO, immatriculations France (M\u00e9tropoloe+DROM) 2022<\/em><\/p>\n","protected":false},"excerpt":{"rendered":"<p>Plus de 1&nbsp;100 MG immatricul\u00e9es sur le mois d\u2019avril isol\u00e9, en progr\u00e8s de 670% par rapport \u00e0 avril 2021 MG [&hellip;]<\/p>\n","protected":false},"featured_media":1489261,"template":"","categories":[62],"tags":[],"acf":[],"yoast_head":"<!-- This site is optimized with the Yoast SEO plugin v19.8 - https:\/\/yoast.com\/wordpress\/plugins\/seo\/ -->\n<title>MG Motor dans le Top 10 des immatriculations de VE en France - MG Motor Europe<\/title>\n<meta name=\"robots\" content=\"index, follow, max-snippet:-1, max-image-preview:large, max-video-preview:-1\" \/>\n<link rel=\"canonical\" href=\"https:\/\/news.mgmotor.eu\/fr\/press\/mg-motor-dans-le-top-10-des-immatriculations-de-ve-en-france\/\" \/>\n<meta property=\"og:locale\" content=\"fr_FR\" \/>\n<meta property=\"og:type\" content=\"article\" \/>\n<meta property=\"og:title\" content=\"MG Motor dans le Top 10 des immatriculations de VE en France - MG Motor Europe\" \/>\n<meta property=\"og:description\" content=\"Plus de 1&nbsp;100 MG immatricul\u00e9es sur le mois d\u2019avril isol\u00e9, en progr\u00e8s de 670% par rapport \u00e0 avril 2021 MG [&hellip;]\" \/>\n<meta property=\"og:url\" content=\"https:\/\/news.mgmotor.eu\/fr\/press\/mg-motor-dans-le-top-10-des-immatriculations-de-ve-en-france\/\" \/>\n<meta property=\"og:site_name\" content=\"MG Motor Europe\" \/>\n<meta property=\"article:modified_time\" content=\"2022-05-02T12:07:25+00:00\" \/>\n<meta property=\"og:image\" content=\"https:\/\/news.mgmotor.eu\/wp-content\/uploads\/2021\/10\/I71A8108-1040x585.jpg\" \/>\n\t<meta property=\"og:image:width\" content=\"1040\" \/>\n\t<meta property=\"og:image:height\" content=\"585\" \/>\n\t<meta property=\"og:image:type\" content=\"image\/jpeg\" \/>\n<meta name=\"twitter:card\" content=\"summary_large_image\" \/>\n<meta name=\"twitter:label1\" content=\"Est. reading time\" \/>\n\t<meta name=\"twitter:data1\" content=\"2 minutes\" \/>\n<script type=\"application\/ld+json\" class=\"yoast-schema-graph\">{\"@context\":\"https:\/\/schema.org\",\"@graph\":[{\"@type\":\"WebPage\",\"@id\":\"https:\/\/news.mgmotor.eu\/fr\/press\/mg-motor-dans-le-top-10-des-immatriculations-de-ve-en-france\/\",\"url\":\"https:\/\/news.mgmotor.eu\/fr\/press\/mg-motor-dans-le-top-10-des-immatriculations-de-ve-en-france\/\",\"name\":\"MG Motor dans le Top 10 des immatriculations de VE en France - MG Motor Europe\",\"isPartOf\":{\"@id\":\"https:\/\/news.mgmotor.eu\/#website\"},\"datePublished\":\"2022-05-02T12:07:18+00:00\",\"dateModified\":\"2022-05-02T12:07:25+00:00\",\"breadcrumb\":{\"@id\":\"https:\/\/news.mgmotor.eu\/fr\/press\/mg-motor-dans-le-top-10-des-immatriculations-de-ve-en-france\/#breadcrumb\"},\"inLanguage\":\"fr-FR\",\"potentialAction\":[{\"@type\":\"ReadAction\",\"target\":[\"https:\/\/news.mgmotor.eu\/fr\/press\/mg-motor-dans-le-top-10-des-immatriculations-de-ve-en-france\/\"]}]},{\"@type\":\"BreadcrumbList\",\"@id\":\"https:\/\/news.mgmotor.eu\/fr\/press\/mg-motor-dans-le-top-10-des-immatriculations-de-ve-en-france\/#breadcrumb\",\"itemListElement\":[{\"@type\":\"ListItem\",\"position\":1,\"name\":\"Home\",\"item\":\"https:\/\/news.mgmotor.eu\/fr\/\"},{\"@type\":\"ListItem\",\"position\":2,\"name\":\"Press Releases\",\"item\":\"https:\/\/news.mgmotor.eu\/fr\/press\/\"},{\"@type\":\"ListItem\",\"position\":3,\"name\":\"MG Motor dans le Top 10 des immatriculations de VE en France\"}]},{\"@type\":\"WebSite\",\"@id\":\"https:\/\/news.mgmotor.eu\/#website\",\"url\":\"https:\/\/news.mgmotor.eu\/\",\"name\":\"MG Motor Europe\",\"description\":\"\",\"potentialAction\":[{\"@type\":\"SearchAction\",\"target\":{\"@type\":\"EntryPoint\",\"urlTemplate\":\"https:\/\/news.mgmotor.eu\/?s={search_term_string}\"},\"query-input\":\"required name=search_term_string\"}],\"inLanguage\":\"fr-FR\"}]}<\/script>\n<!-- \/ Yoast SEO plugin. -->","yoast_head_json":{"title":"MG Motor dans le Top 10 des immatriculations de VE en France - MG Motor Europe","robots":{"index":"index","follow":"follow","max-snippet":"max-snippet:-1","max-image-preview":"max-image-preview:large","max-video-preview":"max-video-preview:-1"},"canonical":"https:\/\/news.mgmotor.eu\/fr\/press\/mg-motor-dans-le-top-10-des-immatriculations-de-ve-en-france\/","og_locale":"fr_FR","og_type":"article","og_title":"MG Motor dans le Top 10 des immatriculations de VE en France - MG Motor Europe","og_description":"Plus de 1&nbsp;100 MG immatricul\u00e9es sur le mois d\u2019avril isol\u00e9, en progr\u00e8s de 670% par rapport \u00e0 avril 2021 MG [&hellip;]","og_url":"https:\/\/news.mgmotor.eu\/fr\/press\/mg-motor-dans-le-top-10-des-immatriculations-de-ve-en-france\/","og_site_name":"MG Motor Europe","article_modified_time":"2022-05-02T12:07:25+00:00","og_image":[{"width":1040,"height":585,"url":"https:\/\/news.mgmotor.eu\/wp-content\/uploads\/2021\/10\/I71A8108-1040x585.jpg","type":"image\/jpeg"}],"twitter_card":"summary_large_image","twitter_misc":{"Est. reading time":"2 minutes"},"schema":{"@context":"https:\/\/schema.org","@graph":[{"@type":"WebPage","@id":"https:\/\/news.mgmotor.eu\/fr\/press\/mg-motor-dans-le-top-10-des-immatriculations-de-ve-en-france\/","url":"https:\/\/news.mgmotor.eu\/fr\/press\/mg-motor-dans-le-top-10-des-immatriculations-de-ve-en-france\/","name":"MG Motor dans le Top 10 des immatriculations de VE en France - MG Motor Europe","isPartOf":{"@id":"https:\/\/news.mgmotor.eu\/#website"},"datePublished":"2022-05-02T12:07:18+00:00","dateModified":"2022-05-02T12:07:25+00:00","breadcrumb":{"@id":"https:\/\/news.mgmotor.eu\/fr\/press\/mg-motor-dans-le-top-10-des-immatriculations-de-ve-en-france\/#breadcrumb"},"inLanguage":"fr-FR","potentialAction":[{"@type":"ReadAction","target":["https:\/\/news.mgmotor.eu\/fr\/press\/mg-motor-dans-le-top-10-des-immatriculations-de-ve-en-france\/"]}]},{"@type":"BreadcrumbList","@id":"https:\/\/news.mgmotor.eu\/fr\/press\/mg-motor-dans-le-top-10-des-immatriculations-de-ve-en-france\/#breadcrumb","itemListElement":[{"@type":"ListItem","position":1,"name":"Home","item":"https:\/\/news.mgmotor.eu\/fr\/"},{"@type":"ListItem","position":2,"name":"Press Releases","item":"https:\/\/news.mgmotor.eu\/fr\/press\/"},{"@type":"ListItem","position":3,"name":"MG Motor dans le Top 10 des immatriculations de VE en France"}]},{"@type":"WebSite","@id":"https:\/\/news.mgmotor.eu\/#website","url":"https:\/\/news.mgmotor.eu\/","name":"MG Motor Europe","description":"","potentialAction":[{"@type":"SearchAction","target":{"@type":"EntryPoint","urlTemplate":"https:\/\/news.mgmotor.eu\/?s={search_term_string}"},"query-input":"required name=search_term_string"}],"inLanguage":"fr-FR"}]}},"_links":{"self":[{"href":"https:\/\/news.mgmotor.eu\/fr\/wp-json\/wp\/v2\/press\/1489890"}],"collection":[{"href":"https:\/\/news.mgmotor.eu\/fr\/wp-json\/wp\/v2\/press"}],"about":[{"href":"https:\/\/news.mgmotor.eu\/fr\/wp-json\/wp\/v2\/types\/press"}],"wp:featuredmedia":[{"embeddable":true,"href":"https:\/\/news.mgmotor.eu\/fr\/wp-json\/wp\/v2\/media\/1489261"}],"wp:attachment":[{"href":"https:\/\/news.mgmotor.eu\/fr\/wp-json\/wp\/v2\/media?parent=1489890"}],"wp:term":[{"taxonomy":"category","embeddable":true,"href":"https:\/\/news.mgmotor.eu\/fr\/wp-json\/wp\/v2\/categories?post=1489890"},{"taxonomy":"post_tag","embeddable":true,"href":"https:\/\/news.mgmotor.eu\/fr\/wp-json\/wp\/v2\/tags?post=1489890"}],"curies":[{"name":"wp","href":"https:\/\/api.w.org\/{rel}","templated":true}]}}