{"id":13070,"date":"2021-10-19T11:56:38","date_gmt":"2021-10-19T09:56:38","guid":{"rendered":"https:\/\/news.mgmotor.eu\/?post_type=press&#038;p=13070"},"modified":"2021-10-19T12:13:57","modified_gmt":"2021-10-19T10:13:57","slug":"mg-motor-france-organise-avec-gaetan-roussel-le-premier-concert-alimente-par-la-batterie-du-mg-marvel-r","status":"publish","type":"press","link":"https:\/\/news.mgmotor.eu\/fr\/press\/mg-motor-france-organise-avec-gaetan-roussel-le-premier-concert-alimente-par-la-batterie-du-mg-marvel-r\/","title":{"rendered":"MG Motor France organise avec Ga\u00ebtan Roussel le premier concert aliment\u00e9 par la batterie du MG Marvel R"},"content":{"rendered":"\n<p><strong>&#8211; Ga\u00ebtan Roussel a effectu\u00e9 un concert de 40 min gr\u00e2ce aux batteries du MG Marvel R<\/strong><strong><\/strong><\/p>\n\n\n\n<p><strong>&#8211; Trois MG Marvel R ont aliment\u00e9 via la fonction V2L les instruments, amplificateurs et lumi\u00e8res du concert<\/strong><strong><\/strong><\/p>\n\n\n\n<p><strong>&#8211; Retrouvez la vid\u00e9o du concert&nbsp;: <\/strong><a href=\"https:\/\/youtu.be\/k4V2kLkOw6E\">https:\/\/youtu.be\/k4V2kLkOw6E<\/a><\/p>\n\n\n\n<p>Le MG Marvel R, dernier n\u00e9 de la gamme MG Motor, propose une fonction V2L (vehicle to load) qui permet d\u2019utiliser la batterie de la voiture, d\u2019une capacit\u00e9 de 70 kWh, comme source d\u2019\u00e9nergie pour alimenter tout objet \u00e9lectrique. Il suffit de connecter une multiprise \u00e0 la prise Type 2 qui sert habituellement \u00e0 charger le MG Marvel R. La voiture est capable de d\u00e9livrer 2&nbsp;500 W par ce biais.<\/p>\n\n\n\n<p>Cette capacit\u00e9 V2L offre des possibilit\u00e9s infinies d\u2019utilisation, permettant donc de brancher tout type de mat\u00e9riel \u00e9lectrique o\u00f9 que l\u2019on se trouve&nbsp;: recharger un v\u00e9lo, brancher un barbecue \u00e9lectrique, ou pourquoi pas du mat\u00e9riel de sonorisation.<\/p>\n\n\n\n<p>On peut donc imaginer jouer de la musique entre amis, et m\u00eame plus. Instruments de musique, \u00e9clairage\u2026 Il est d\u00e9sormais possible tenir un concert \u00e0 l\u2019aide de sa voiture.<\/p>\n\n\n\n<p>Partant de cette id\u00e9e, Ga\u00ebtan Roussel, chanteur de Louise Attaque, ainsi que ses musiciens se sont pr\u00eat\u00e9s au jeu du concert autonome. Avec le concours de l\u2019agence First Gen, les \u00e9quipes de MG Motor France ont install\u00e9 3 Marvel R aux Chaudronneries de Montreuil derri\u00e8re une sc\u00e8ne o\u00f9 lumi\u00e8res, guitares, microphones et enceintes sont tous aliment\u00e9s par la fonction V2L du SUV \u00e9lectrique.<\/p>\n\n\n\n<p>Une centaine de spectateurs invit\u00e9s par MG et Ga\u00ebtan Roussel ont donc pu profiter d\u2019un concert priv\u00e9 de plus de 40 minutes int\u00e9gralement aliment\u00e9 par des voitures, une premi\u00e8re en Europe.<\/p>\n\n\n\n<p>L\u2019\u00e9v\u00e8nement a eu lieu le 9 octobre et la vid\u00e9o du concert est d\u00e9sormais disponible sur le compte Youtube de MG Motor France.<\/p>\n\n\n\n<p>Retrouvez la vid\u00e9o du concert ici&nbsp;:<\/p>\n\n\n\n<figure class=\"wp-block-embed is-type-video is-provider-youtube wp-block-embed-youtube wp-embed-aspect-16-9 wp-has-aspect-ratio\"><div class=\"wp-block-embed__wrapper\">\n<iframe loading=\"lazy\" title=\"MG x Ga\u00ebtan Roussel : Le concert \u00e9lectrique\" width=\"500\" height=\"281\" src=\"https:\/\/www.youtube.com\/embed\/k4V2kLkOw6E?feature=oembed\" frameborder=\"0\" allow=\"accelerometer; autoplay; clipboard-write; encrypted-media; gyroscope; picture-in-picture\" allowfullscreen><\/iframe>\n<\/div><\/figure>\n\n\n\n<p>MG Motor propose sa fonction V2L sur le Marvel R et la nouvelle MG ZS EV sur le march\u00e9 Fran\u00e7ais.<\/p>\n","protected":false},"excerpt":{"rendered":"<p>&#8211; Ga\u00ebtan Roussel a effectu\u00e9 un concert de 40 min gr\u00e2ce aux batteries du MG Marvel R &#8211; Trois MG [&hellip;]<\/p>\n","protected":false},"featured_media":13351,"template":"","categories":[],"tags":[],"acf":[],"yoast_head":"<!-- This site is optimized with the Yoast SEO plugin v19.8 - https:\/\/yoast.com\/wordpress\/plugins\/seo\/ -->\n<title>MG Motor France organise avec Ga\u00ebtan Roussel le premier concert aliment\u00e9 par la batterie du MG Marvel R - MG Motor Europe<\/title>\n<meta name=\"robots\" content=\"index, follow, max-snippet:-1, max-image-preview:large, max-video-preview:-1\" \/>\n<link rel=\"canonical\" href=\"https:\/\/news.mgmotor.eu\/fr\/press\/mg-motor-france-organise-avec-gaetan-roussel-le-premier-concert-alimente-par-la-batterie-du-mg-marvel-r\/\" \/>\n<meta property=\"og:locale\" content=\"fr_FR\" \/>\n<meta property=\"og:type\" content=\"article\" \/>\n<meta property=\"og:title\" content=\"MG Motor France organise avec Ga\u00ebtan Roussel le premier concert aliment\u00e9 par la batterie du MG Marvel R - MG Motor Europe\" \/>\n<meta property=\"og:description\" content=\"&#8211; Ga\u00ebtan Roussel a effectu\u00e9 un concert de 40 min gr\u00e2ce aux batteries du MG Marvel R &#8211; Trois MG [&hellip;]\" \/>\n<meta property=\"og:url\" content=\"https:\/\/news.mgmotor.eu\/fr\/press\/mg-motor-france-organise-avec-gaetan-roussel-le-premier-concert-alimente-par-la-batterie-du-mg-marvel-r\/\" \/>\n<meta property=\"og:site_name\" content=\"MG Motor Europe\" \/>\n<meta property=\"article:modified_time\" content=\"2021-10-19T10:13:57+00:00\" \/>\n<meta property=\"og:image\" content=\"https:\/\/news.mgmotor.eu\/wp-content\/uploads\/2021\/10\/IMGL7892.jpg\" \/>\n\t<meta property=\"og:image:width\" content=\"1620\" \/>\n\t<meta property=\"og:image:height\" content=\"1080\" \/>\n\t<meta property=\"og:image:type\" content=\"image\/jpeg\" \/>\n<meta name=\"twitter:card\" content=\"summary_large_image\" \/>\n<meta name=\"twitter:label1\" content=\"Est. reading time\" \/>\n\t<meta name=\"twitter:data1\" content=\"2 minutes\" \/>\n<script type=\"application\/ld+json\" class=\"yoast-schema-graph\">{\"@context\":\"https:\/\/schema.org\",\"@graph\":[{\"@type\":\"WebPage\",\"@id\":\"https:\/\/news.mgmotor.eu\/fr\/press\/mg-motor-france-organise-avec-gaetan-roussel-le-premier-concert-alimente-par-la-batterie-du-mg-marvel-r\/\",\"url\":\"https:\/\/news.mgmotor.eu\/fr\/press\/mg-motor-france-organise-avec-gaetan-roussel-le-premier-concert-alimente-par-la-batterie-du-mg-marvel-r\/\",\"name\":\"MG Motor France organise avec Ga\u00ebtan Roussel le premier concert aliment\u00e9 par la batterie du MG Marvel R - MG Motor Europe\",\"isPartOf\":{\"@id\":\"https:\/\/news.mgmotor.eu\/#website\"},\"datePublished\":\"2021-10-19T09:56:38+00:00\",\"dateModified\":\"2021-10-19T10:13:57+00:00\",\"breadcrumb\":{\"@id\":\"https:\/\/news.mgmotor.eu\/fr\/press\/mg-motor-france-organise-avec-gaetan-roussel-le-premier-concert-alimente-par-la-batterie-du-mg-marvel-r\/#breadcrumb\"},\"inLanguage\":\"fr-FR\",\"potentialAction\":[{\"@type\":\"ReadAction\",\"target\":[\"https:\/\/news.mgmotor.eu\/fr\/press\/mg-motor-france-organise-avec-gaetan-roussel-le-premier-concert-alimente-par-la-batterie-du-mg-marvel-r\/\"]}]},{\"@type\":\"BreadcrumbList\",\"@id\":\"https:\/\/news.mgmotor.eu\/fr\/press\/mg-motor-france-organise-avec-gaetan-roussel-le-premier-concert-alimente-par-la-batterie-du-mg-marvel-r\/#breadcrumb\",\"itemListElement\":[{\"@type\":\"ListItem\",\"position\":1,\"name\":\"Home\",\"item\":\"https:\/\/news.mgmotor.eu\/fr\/\"},{\"@type\":\"ListItem\",\"position\":2,\"name\":\"Press Releases\",\"item\":\"https:\/\/news.mgmotor.eu\/fr\/press\/\"},{\"@type\":\"ListItem\",\"position\":3,\"name\":\"MG Motor France organise avec Ga\u00ebtan Roussel le premier concert aliment\u00e9 par la batterie du MG Marvel R\"}]},{\"@type\":\"WebSite\",\"@id\":\"https:\/\/news.mgmotor.eu\/#website\",\"url\":\"https:\/\/news.mgmotor.eu\/\",\"name\":\"MG Motor Europe\",\"description\":\"\",\"potentialAction\":[{\"@type\":\"SearchAction\",\"target\":{\"@type\":\"EntryPoint\",\"urlTemplate\":\"https:\/\/news.mgmotor.eu\/?s={search_term_string}\"},\"query-input\":\"required name=search_term_string\"}],\"inLanguage\":\"fr-FR\"}]}<\/script>\n<!-- \/ Yoast SEO plugin. -->","yoast_head_json":{"title":"MG Motor France organise avec Ga\u00ebtan Roussel le premier concert aliment\u00e9 par la batterie du MG Marvel R - MG Motor Europe","robots":{"index":"index","follow":"follow","max-snippet":"max-snippet:-1","max-image-preview":"max-image-preview:large","max-video-preview":"max-video-preview:-1"},"canonical":"https:\/\/news.mgmotor.eu\/fr\/press\/mg-motor-france-organise-avec-gaetan-roussel-le-premier-concert-alimente-par-la-batterie-du-mg-marvel-r\/","og_locale":"fr_FR","og_type":"article","og_title":"MG Motor France organise avec Ga\u00ebtan Roussel le premier concert aliment\u00e9 par la batterie du MG Marvel R - MG Motor Europe","og_description":"&#8211; Ga\u00ebtan Roussel a effectu\u00e9 un concert de 40 min gr\u00e2ce aux batteries du MG Marvel R &#8211; Trois MG [&hellip;]","og_url":"https:\/\/news.mgmotor.eu\/fr\/press\/mg-motor-france-organise-avec-gaetan-roussel-le-premier-concert-alimente-par-la-batterie-du-mg-marvel-r\/","og_site_name":"MG Motor Europe","article_modified_time":"2021-10-19T10:13:57+00:00","og_image":[{"width":1620,"height":1080,"url":"https:\/\/news.mgmotor.eu\/wp-content\/uploads\/2021\/10\/IMGL7892.jpg","type":"image\/jpeg"}],"twitter_card":"summary_large_image","twitter_misc":{"Est. reading time":"2 minutes"},"schema":{"@context":"https:\/\/schema.org","@graph":[{"@type":"WebPage","@id":"https:\/\/news.mgmotor.eu\/fr\/press\/mg-motor-france-organise-avec-gaetan-roussel-le-premier-concert-alimente-par-la-batterie-du-mg-marvel-r\/","url":"https:\/\/news.mgmotor.eu\/fr\/press\/mg-motor-france-organise-avec-gaetan-roussel-le-premier-concert-alimente-par-la-batterie-du-mg-marvel-r\/","name":"MG Motor France organise avec Ga\u00ebtan Roussel le premier concert aliment\u00e9 par la batterie du MG Marvel R - MG Motor Europe","isPartOf":{"@id":"https:\/\/news.mgmotor.eu\/#website"},"datePublished":"2021-10-19T09:56:38+00:00","dateModified":"2021-10-19T10:13:57+00:00","breadcrumb":{"@id":"https:\/\/news.mgmotor.eu\/fr\/press\/mg-motor-france-organise-avec-gaetan-roussel-le-premier-concert-alimente-par-la-batterie-du-mg-marvel-r\/#breadcrumb"},"inLanguage":"fr-FR","potentialAction":[{"@type":"ReadAction","target":["https:\/\/news.mgmotor.eu\/fr\/press\/mg-motor-france-organise-avec-gaetan-roussel-le-premier-concert-alimente-par-la-batterie-du-mg-marvel-r\/"]}]},{"@type":"BreadcrumbList","@id":"https:\/\/news.mgmotor.eu\/fr\/press\/mg-motor-france-organise-avec-gaetan-roussel-le-premier-concert-alimente-par-la-batterie-du-mg-marvel-r\/#breadcrumb","itemListElement":[{"@type":"ListItem","position":1,"name":"Home","item":"https:\/\/news.mgmotor.eu\/fr\/"},{"@type":"ListItem","position":2,"name":"Press Releases","item":"https:\/\/news.mgmotor.eu\/fr\/press\/"},{"@type":"ListItem","position":3,"name":"MG Motor France organise avec Ga\u00ebtan Roussel le premier concert aliment\u00e9 par la batterie du MG Marvel R"}]},{"@type":"WebSite","@id":"https:\/\/news.mgmotor.eu\/#website","url":"https:\/\/news.mgmotor.eu\/","name":"MG Motor Europe","description":"","potentialAction":[{"@type":"SearchAction","target":{"@type":"EntryPoint","urlTemplate":"https:\/\/news.mgmotor.eu\/?s={search_term_string}"},"query-input":"required name=search_term_string"}],"inLanguage":"fr-FR"}]}},"_links":{"self":[{"href":"https:\/\/news.mgmotor.eu\/fr\/wp-json\/wp\/v2\/press\/13070"}],"collection":[{"href":"https:\/\/news.mgmotor.eu\/fr\/wp-json\/wp\/v2\/press"}],"about":[{"href":"https:\/\/news.mgmotor.eu\/fr\/wp-json\/wp\/v2\/types\/press"}],"wp:featuredmedia":[{"embeddable":true,"href":"https:\/\/news.mgmotor.eu\/fr\/wp-json\/wp\/v2\/media\/13351"}],"wp:attachment":[{"href":"https:\/\/news.mgmotor.eu\/fr\/wp-json\/wp\/v2\/media?parent=13070"}],"wp:term":[{"taxonomy":"category","embeddable":true,"href":"https:\/\/news.mgmotor.eu\/fr\/wp-json\/wp\/v2\/categories?post=13070"},{"taxonomy":"post_tag","embeddable":true,"href":"https:\/\/news.mgmotor.eu\/fr\/wp-json\/wp\/v2\/tags?post=13070"}],"curies":[{"name":"wp","href":"https:\/\/api.w.org\/{rel}","templated":true}]}}