{"id":3603562,"date":"2025-12-10T17:00:47","date_gmt":"2025-12-10T16:00:47","guid":{"rendered":"https:\/\/news.mgmotor.eu\/?post_type=press&#038;p=3603562"},"modified":"2025-12-16T17:30:17","modified_gmt":"2025-12-16T16:30:17","slug":"mg-crece-en-europa-2","status":"publish","type":"press","link":"https:\/\/news.mgmotor.eu\/es\/press\/mg-crece-en-europa-2\/","title":{"rendered":"MG crece con fuerza en Europa: m\u00e1s de 300.000 unidades en lo que va de a\u00f1o y m\u00e1s de 40.000 en Espa\u00f1a"},"content":{"rendered":"\n<ul>\n<li><strong>MG ha alcanzado en diciembre las 300.000 matriculaciones en el acumulado del a\u00f1o en Europa, que representan un crecimiento de m\u00e1s del 25% en comparaci\u00f3n con el a\u00f1o pasado.&nbsp;<\/strong><\/li>\n\n\n\n<li><strong>Las ventas hist\u00f3ricas de MG en Francia y Espa\u00f1a han superado las 100.000 unidades, misma cifra que han conseguido los modelos el\u00e9ctricos de la marca en el Reino Unido.<\/strong><\/li>\n\n\n\n<li><strong>Estas cifras confirman el \u00e9xito de MG en Europa, con autom\u00f3viles dise\u00f1ados, configurados y puestos a punto para el p\u00fablico europeo; y una gama de modelos con todas las opciones de energ\u00eda, que se adapta a las necesidades reales de los usuarios<\/strong><\/li>\n\n\n\n<li><strong>El avanzado dise\u00f1o, tecnolog\u00eda y nivel de seguridad de los modelos de MG se unen a los valores propios de la marca (electrificaci\u00f3n y car\u00e1cter premium para todos), para conformar una propuesta de valor \u00fanica.<\/strong><\/li>\n<\/ul>\n\n\n\n<p><strong>Madrid, 10 de diciembre, 2025.<\/strong>&nbsp;MG cerr\u00f3 el mes de noviembre con unas ventas de 285.000 unidades en Europa y ya ha superado las 300.000 en el acumulado del a\u00f1o, que representan un crecimiento de m\u00e1s del 25% en comparaci\u00f3n con el a\u00f1o pasado.<\/p>\n\n\n\n<p>Las ventas de MG en Espa\u00f1a superaron las 40.000 unidades en noviembre (41.965 matriculaciones), que suponen un incremento del 53,5% respecto al mismo periodo del a\u00f1o anterior. En el mes de septiembre, MG conquist\u00f3 el hito de los 100.000 autom\u00f3viles matriculados en Espa\u00f1a, cuatro a\u00f1os y medio despu\u00e9s de su relanzamiento en nuestro pa\u00eds.<\/p>\n\n\n\n<p><strong>Numerosos hitos en varios mercados europeos<\/strong><\/p>\n\n\n\n<p>MG tambi\u00e9n est\u00e1 triunfando en otros mercados europeos. Francia lleg\u00f3 a las 100.000 unidades de acumulado hist\u00f3rico en el mes de octubre y ya suma m\u00e1s de 25.000 ventas en 2026, con un crecimiento el 57% respecto al a\u00f1o pasado. Italia ha superado las 40.000 matriculaciones en el acumulado del a\u00f1o, un 31% m\u00e1s que en el mismo periodo de 2024. En Polonia se han superado las 10.000 unidades, un 138% m\u00e1s que el a\u00f1o pasado.<\/p>\n\n\n\n<p>En el Reino Unido, MG ha superado las 75.000 unidades en el acumulado del a\u00f1o y en octubre sum\u00f3 un impresionante hito al alcanzar los 100.000 coches el\u00e9ctricos comercializados en ese pa\u00eds desde el lanzamiento, en 2019, del MG ZS EV.<\/p>\n\n\n\n<p><strong>SAIC Motor sigue creciendo<\/strong><\/p>\n\n\n\n<p>Las ventas acumuladas de veh\u00edculos de enero a noviembre de SAIC Motor alcanzaron los 4,108 millones de unidades, superando el total del a\u00f1o pasado y marcando un aumento interanual del 16,4%. Durante el per\u00edodo de 11 meses, las ventas de sus marcas propias totalizaron 2,666 millones de unidades, lo que refleja un aumento interanual del 25,7 %. Las ventas de veh\u00edculos de nueva energ\u00eda (NEV) registraron un total de 1,499 millones de unidades, un 38,8 % m\u00e1s interanual. En los mercados internacionales se vendieron 969.000 unidades, lo que representa un crecimiento interanual del 3,4%.<\/p>\n","protected":false},"excerpt":{"rendered":"<p>Madrid, 10 de diciembre, 2025.&nbsp;MG cerr\u00f3 el mes de noviembre con unas ventas de 285.000 unidades en Europa y ya [&hellip;]<\/p>\n","protected":false},"featured_media":3585012,"template":"","categories":[289],"tags":[],"acf":[],"yoast_head":"<!-- This site is optimized with the Yoast SEO plugin v19.8 - https:\/\/yoast.com\/wordpress\/plugins\/seo\/ -->\n<title>MG crece con fuerza en Europa: m\u00e1s de 300.000 unidades en lo que va de a\u00f1o y m\u00e1s de 40.000 en Espa\u00f1a - MG Motor Europe<\/title>\n<meta name=\"description\" content=\"MG ha alcanzado en diciembre las 300.000 matriculaciones en el acumulado del a\u00f1o en Europa, que representan un crecimiento de m\u00e1s del 25% en comparaci\u00f3n con el a\u00f1o pasado.\" \/>\n<meta name=\"robots\" content=\"index, follow, max-snippet:-1, max-image-preview:large, max-video-preview:-1\" \/>\n<link rel=\"canonical\" href=\"https:\/\/news.mgmotor.eu\/es\/press\/mg-crece-en-europa-2\/\" \/>\n<meta property=\"og:locale\" content=\"es_ES\" \/>\n<meta property=\"og:type\" content=\"article\" \/>\n<meta property=\"og:title\" content=\"MG crece con fuerza en Europa: m\u00e1s de 300.000 unidades en lo que va de a\u00f1o y m\u00e1s de 40.000 en Espa\u00f1a - MG Motor Europe\" \/>\n<meta property=\"og:description\" content=\"MG ha alcanzado en diciembre las 300.000 matriculaciones en el acumulado del a\u00f1o en Europa, que representan un crecimiento de m\u00e1s del 25% en comparaci\u00f3n con el a\u00f1o pasado.\" \/>\n<meta property=\"og:url\" content=\"https:\/\/news.mgmotor.eu\/es\/press\/mg-crece-en-europa-2\/\" \/>\n<meta property=\"og:site_name\" content=\"MG Motor Europe\" \/>\n<meta property=\"article:modified_time\" content=\"2025-12-16T16:30:17+00:00\" \/>\n<meta property=\"og:image\" content=\"https:\/\/news.mgmotor.eu\/wp-content\/uploads\/2025\/04\/MG-ZS-ICE-KEN_8438_MR-1040x585.png\" \/>\n\t<meta property=\"og:image:width\" content=\"1040\" \/>\n\t<meta property=\"og:image:height\" content=\"585\" \/>\n\t<meta property=\"og:image:type\" content=\"image\/png\" \/>\n<meta name=\"twitter:card\" content=\"summary_large_image\" \/>\n<meta name=\"twitter:label1\" content=\"Tiempo de lectura\" \/>\n\t<meta name=\"twitter:data1\" content=\"3 minutos\" \/>\n<script type=\"application\/ld+json\" class=\"yoast-schema-graph\">{\"@context\":\"https:\/\/schema.org\",\"@graph\":[{\"@type\":\"WebPage\",\"@id\":\"https:\/\/news.mgmotor.eu\/es\/press\/mg-crece-en-europa-2\/\",\"url\":\"https:\/\/news.mgmotor.eu\/es\/press\/mg-crece-en-europa-2\/\",\"name\":\"MG crece con fuerza en Europa: m\u00e1s de 300.000 unidades en lo que va de a\u00f1o y m\u00e1s de 40.000 en Espa\u00f1a - MG Motor Europe\",\"isPartOf\":{\"@id\":\"https:\/\/news.mgmotor.eu\/#website\"},\"datePublished\":\"2025-12-10T16:00:47+00:00\",\"dateModified\":\"2025-12-16T16:30:17+00:00\",\"description\":\"MG ha alcanzado en diciembre las 300.000 matriculaciones en el acumulado del a\u00f1o en Europa, que representan un crecimiento de m\u00e1s del 25% en comparaci\u00f3n con el a\u00f1o pasado.\",\"breadcrumb\":{\"@id\":\"https:\/\/news.mgmotor.eu\/es\/press\/mg-crece-en-europa-2\/#breadcrumb\"},\"inLanguage\":\"es\",\"potentialAction\":[{\"@type\":\"ReadAction\",\"target\":[\"https:\/\/news.mgmotor.eu\/es\/press\/mg-crece-en-europa-2\/\"]}]},{\"@type\":\"BreadcrumbList\",\"@id\":\"https:\/\/news.mgmotor.eu\/es\/press\/mg-crece-en-europa-2\/#breadcrumb\",\"itemListElement\":[{\"@type\":\"ListItem\",\"position\":1,\"name\":\"Home\",\"item\":\"https:\/\/news.mgmotor.eu\/es\/\"},{\"@type\":\"ListItem\",\"position\":2,\"name\":\"Press Releases\",\"item\":\"https:\/\/news.mgmotor.eu\/es\/press\/\"},{\"@type\":\"ListItem\",\"position\":3,\"name\":\"MG crece con fuerza en Europa: m\u00e1s de 300.000 unidades en lo que va de a\u00f1o y m\u00e1s de 40.000 en Espa\u00f1a\"}]},{\"@type\":\"WebSite\",\"@id\":\"https:\/\/news.mgmotor.eu\/#website\",\"url\":\"https:\/\/news.mgmotor.eu\/\",\"name\":\"MG Motor Europe\",\"description\":\"\",\"potentialAction\":[{\"@type\":\"SearchAction\",\"target\":{\"@type\":\"EntryPoint\",\"urlTemplate\":\"https:\/\/news.mgmotor.eu\/?s={search_term_string}\"},\"query-input\":\"required name=search_term_string\"}],\"inLanguage\":\"es\"}]}<\/script>\n<!-- \/ Yoast SEO plugin. -->","yoast_head_json":{"title":"MG crece con fuerza en Europa: m\u00e1s de 300.000 unidades en lo que va de a\u00f1o y m\u00e1s de 40.000 en Espa\u00f1a - MG Motor Europe","description":"MG ha alcanzado en diciembre las 300.000 matriculaciones en el acumulado del a\u00f1o en Europa, que representan un crecimiento de m\u00e1s del 25% en comparaci\u00f3n con el a\u00f1o pasado.","robots":{"index":"index","follow":"follow","max-snippet":"max-snippet:-1","max-image-preview":"max-image-preview:large","max-video-preview":"max-video-preview:-1"},"canonical":"https:\/\/news.mgmotor.eu\/es\/press\/mg-crece-en-europa-2\/","og_locale":"es_ES","og_type":"article","og_title":"MG crece con fuerza en Europa: m\u00e1s de 300.000 unidades en lo que va de a\u00f1o y m\u00e1s de 40.000 en Espa\u00f1a - MG Motor Europe","og_description":"MG ha alcanzado en diciembre las 300.000 matriculaciones en el acumulado del a\u00f1o en Europa, que representan un crecimiento de m\u00e1s del 25% en comparaci\u00f3n con el a\u00f1o pasado.","og_url":"https:\/\/news.mgmotor.eu\/es\/press\/mg-crece-en-europa-2\/","og_site_name":"MG Motor Europe","article_modified_time":"2025-12-16T16:30:17+00:00","og_image":[{"width":1040,"height":585,"url":"https:\/\/news.mgmotor.eu\/wp-content\/uploads\/2025\/04\/MG-ZS-ICE-KEN_8438_MR-1040x585.png","type":"image\/png"}],"twitter_card":"summary_large_image","twitter_misc":{"Tiempo de lectura":"3 minutos"},"schema":{"@context":"https:\/\/schema.org","@graph":[{"@type":"WebPage","@id":"https:\/\/news.mgmotor.eu\/es\/press\/mg-crece-en-europa-2\/","url":"https:\/\/news.mgmotor.eu\/es\/press\/mg-crece-en-europa-2\/","name":"MG crece con fuerza en Europa: m\u00e1s de 300.000 unidades en lo que va de a\u00f1o y m\u00e1s de 40.000 en Espa\u00f1a - MG Motor Europe","isPartOf":{"@id":"https:\/\/news.mgmotor.eu\/#website"},"datePublished":"2025-12-10T16:00:47+00:00","dateModified":"2025-12-16T16:30:17+00:00","description":"MG ha alcanzado en diciembre las 300.000 matriculaciones en el acumulado del a\u00f1o en Europa, que representan un crecimiento de m\u00e1s del 25% en comparaci\u00f3n con el a\u00f1o pasado.","breadcrumb":{"@id":"https:\/\/news.mgmotor.eu\/es\/press\/mg-crece-en-europa-2\/#breadcrumb"},"inLanguage":"es","potentialAction":[{"@type":"ReadAction","target":["https:\/\/news.mgmotor.eu\/es\/press\/mg-crece-en-europa-2\/"]}]},{"@type":"BreadcrumbList","@id":"https:\/\/news.mgmotor.eu\/es\/press\/mg-crece-en-europa-2\/#breadcrumb","itemListElement":[{"@type":"ListItem","position":1,"name":"Home","item":"https:\/\/news.mgmotor.eu\/es\/"},{"@type":"ListItem","position":2,"name":"Press Releases","item":"https:\/\/news.mgmotor.eu\/es\/press\/"},{"@type":"ListItem","position":3,"name":"MG crece con fuerza en Europa: m\u00e1s de 300.000 unidades en lo que va de a\u00f1o y m\u00e1s de 40.000 en Espa\u00f1a"}]},{"@type":"WebSite","@id":"https:\/\/news.mgmotor.eu\/#website","url":"https:\/\/news.mgmotor.eu\/","name":"MG Motor Europe","description":"","potentialAction":[{"@type":"SearchAction","target":{"@type":"EntryPoint","urlTemplate":"https:\/\/news.mgmotor.eu\/?s={search_term_string}"},"query-input":"required name=search_term_string"}],"inLanguage":"es"}]}},"_links":{"self":[{"href":"https:\/\/news.mgmotor.eu\/es\/wp-json\/wp\/v2\/press\/3603562"}],"collection":[{"href":"https:\/\/news.mgmotor.eu\/es\/wp-json\/wp\/v2\/press"}],"about":[{"href":"https:\/\/news.mgmotor.eu\/es\/wp-json\/wp\/v2\/types\/press"}],"wp:featuredmedia":[{"embeddable":true,"href":"https:\/\/news.mgmotor.eu\/es\/wp-json\/wp\/v2\/media\/3585012"}],"wp:attachment":[{"href":"https:\/\/news.mgmotor.eu\/es\/wp-json\/wp\/v2\/media?parent=3603562"}],"wp:term":[{"taxonomy":"category","embeddable":true,"href":"https:\/\/news.mgmotor.eu\/es\/wp-json\/wp\/v2\/categories?post=3603562"},{"taxonomy":"post_tag","embeddable":true,"href":"https:\/\/news.mgmotor.eu\/es\/wp-json\/wp\/v2\/tags?post=3603562"}],"curies":[{"name":"wp","href":"https:\/\/api.w.org\/{rel}","templated":true}]}}