{"id":3578214,"date":"2025-02-10T16:52:00","date_gmt":"2025-02-10T15:52:00","guid":{"rendered":"https:\/\/news.mgmotor.eu\/?post_type=press&#038;p=3578214"},"modified":"2025-03-24T16:58:06","modified_gmt":"2025-03-24T15:58:06","slug":"mg3-mas-accesible","status":"publish","type":"press","link":"https:\/\/news.mgmotor.eu\/es\/press\/mg3-mas-accesible\/","title":{"rendered":"MG3: ahora mucho m\u00e1s accesible, desde solo 13.990 \u20ac"},"content":{"rendered":"\r\n<ul>\r\n<li><strong>La gama MG3 se ampl\u00eda con una nueva versi\u00f3n de gasolina 1.5, que se convierte en uno de los modelos m\u00e1s accesibles del mercado espa\u00f1ol.<\/strong><\/li>\r\n<\/ul>\r\n\r\n\r\n\r\n<ul>\r\n<li><strong>Ideal para un p\u00fablico joven, y para todos aquellos que buscan una movilidad moderna y asequible, no hay otro modelo que ofrezca una propuesta similar de calidad, seguridad, espacio interior y equipamiento.<\/strong><\/li>\r\n<\/ul>\r\n\r\n\r\n\r\n<ul>\r\n<li><strong>El nuevo MG3 1.5 equipa, de serie, sistema MG PIiot con 10 sistemas ADAS, doble pantalla digital, navegador, c\u00e1mara trasera y conectividad avanzada. Adem\u00e1s, incluye seguro a todo riesgo por un a\u00f1o y 7 a\u00f1os de garant\u00eda.<\/strong><\/li>\r\n<\/ul>\r\n\r\n\r\n\r\n<p><strong>Madrid, 10 de febrero, 2025 \u2013<\/strong> MG ampl\u00eda su gama con la nueva versi\u00f3n de gasolina del MG3, que se convierte no solo en el modelo m\u00e1s econ\u00f3mico de la marca, sino en uno de los m\u00e1s accesibles de todo el mercado espa\u00f1ol. Como siempre en MG, este precio viene acompa\u00f1ado de una elevada calidad, seguridad, espacio interior y equipamiento. Ideal para un p\u00fablico joven, y para todos aquellos que buscan una movilidad moderna y asequible, no hay otro modelo que ofrezca esta propuesta de valor por un precio tan contenido.<\/p>\r\n\r\n\r\n\r\n<p>El nuevo MG3 1.5 equipa, de serie en cualquiera de sus dos acabados (Est\u00e1ndar y Confort), el sistema de seguridad MG PIiot con 10 asistentes de conducci\u00f3n, doble pantalla digital (7&#8243;+10,25&#8243;), navegador, c\u00e1mara trasera y conectividad Apple Car Play y Android Auto. Adem\u00e1s, incluye seguro a todo riesgo por un a\u00f1o y 7 a\u00f1os de garant\u00eda.<\/p>\r\n\r\n\r\n\r\n<p>Con esta nueva versi\u00f3n, la gama MG3 se consolida como referente del mercado en acercar a todos los p\u00fablicos la movilidad moderna, con una variante de entrada de combusti\u00f3n (MG3 1.5) y un h\u00edbrido con una sofisticada tecnolog\u00eda de electrificaci\u00f3n (MG3 Hybrid +).<\/p>\r\n\r\n\r\n\r\n<p><strong>Eficiente y emocionante<\/strong><\/p>\r\n\r\n\r\n\r\n<p>La nueva variante de gasolina del MG3 equipa un propulsor de \u00faltima generaci\u00f3n de 1.5 litros, con 114 CV (95 kW) de potencia y 148 Nm de par m\u00e1ximo. Asociado a una caja de cambios manual de cinco velocidades, ofrece un bajo consumo combinado de 6,1 l\/100 km (WLTP), con unas emisiones de 137 g\/km.<\/p>\r\n\r\n\r\n\r\n<p>La potencia, entrega de par y car\u00e1cter alegre de este motor se combinan a la perfecci\u00f3n con las \u00e1giles suspensiones, la precisa direcci\u00f3n y el peso ligero (1.237 kilos) del MG3. Gracias a ello, ofrece la emocionante experiencia de conducci\u00f3n t\u00edpica de la marca y un comportamiento seguro, tanto en ciudad como en carretera.<\/p>\r\n\r\n\r\n\r\n<p><strong>Espacio y tecnolog\u00eda<\/strong><\/p>\r\n\r\n\r\n\r\n<p>Otro de los aspectos diferenciales del nuevo MG3 es su interior, por amplitud, dise\u00f1o y calidad de acabados. Las generosas dimensiones exteriores de este modelo (4,1 metros de longitud y 2,57 de batalla) y su elaborado dise\u00f1o han permitido crear un habit\u00e1culo con una habitabilidad propia de segmentos superiores, que ofrece unas generosas cotas de anchura, altura y espacio para las piernas en todas sus plazas. El maletero, de 293 litros (893 l. con los asientos traseros abatidos), tambi\u00e9n se sit\u00faa a la cabeza de su segmento por su capacidad. Y hay 25 compartimentos de almacenamiento distribuidos por todo el habit\u00e1culo. Estas dimensiones convierten al MG3 en un coche perfectamente v\u00e1lido para viajar y para ser el primer coche de muchas familias espa\u00f1olas. \u00a0<\/p>\r\n\r\n\r\n\r\n<p>Lo mismo sucede con la calidad de acabado, los materiales empleados y el dise\u00f1o interior, basado en el concepto tecnolog\u00eda inteligente, que pone al usuario en el centro, tanto en facilidad de lectura como de uso, con dos grandes pantallas para la instrumentaci\u00f3n (7 pulgadas) y el sistema de infoentretenimiento (10,25 pulgadas).<\/p>\r\n\r\n\r\n\r\n<p><strong>Equipado al m\u00e1ximo<\/strong><\/p>\r\n\r\n\r\n\r\n<p>El MG3 dispone de una completa dotaci\u00f3n de seguridad, que incluye seis airbags (delanteros, laterales y de cortina) y el sistema MG Pilot de serie. Esta completa bater\u00eda de sistemas ADAS de asistencia a la conducci\u00f3n incluye Frenado de Emergencia Autom\u00e1tico (AEB), Advertencia de Colisi\u00f3n Frontal (FCW), Advertencia de salida de carril (LDK), Asistencia de Mantenimiento de Carril (LKA), Alerta de tr\u00e1fico trasero cruzado (RCTA), Control de Crucero Adaptativo con Stop &amp; Go (ACC), Asistente de Crucero Inteligente (ICA), Asistente de velocidad inteligente (ISA), Advertencia de distancia insegura (UDW) y detector de fatiga del conductor.<\/p>\r\n\r\n\r\n\r\n<p>Otros elementos destacados del equipamiento de serie son el navegador, c\u00e1mara trasera, sensores de aparcamiento traseros, conectividad avanzada, volante multifunci\u00f3n, retrovisores el\u00e9ctricos, toma de 12V, 4 puertos USD y sistema de sonido con 4 altavoces. La versi\u00f3n Comfort suma a este equipamiento arranque por bot\u00f3n, luces delanteras full-led, retrovisores el\u00e9ctricos calefactados, sistema de sonido con 6 altavoces y llantas de aluminio de 16 pulgadas con neum\u00e1ticos .195\/55R16<\/p>\r\n\r\n\r\n\r\n<p><strong>*Precio de lanzamiento con 3.500 \u20ac de descuento en la versi\u00f3n Standard en color Pastel Yellow. Resto de versiones: 2500 \u20ac de descuento. PVP acabado Standard: 17.490 \u20ac. PVP acabado Comfort: 18.990 \u20ac.<\/strong><\/p>\r\n","protected":false},"excerpt":{"rendered":"<p>Madrid, 10 de febrero, 2025 \u2013 MG ampl\u00eda su gama con la nueva versi\u00f3n de gasolina del MG3, que se [&hellip;]<\/p>\n","protected":false},"featured_media":3578285,"template":"","categories":[337],"tags":[],"acf":[],"yoast_head":"<!-- This site is optimized with the Yoast SEO plugin v19.8 - https:\/\/yoast.com\/wordpress\/plugins\/seo\/ -->\n<title>MG3: ahora mucho m\u00e1s accesible, desde solo 13.990 \u20ac - MG Motor Europe<\/title>\n<meta name=\"description\" content=\"MG ampl\u00eda su gama con la nueva versi\u00f3n de gasolina del MG3, que se convierte no solo en el modelo m\u00e1s econ\u00f3mico de la marca, sino en uno de los m\u00e1s accesibles de todo el mercado espa\u00f1ol.\" \/>\n<meta name=\"robots\" content=\"index, follow, max-snippet:-1, max-image-preview:large, max-video-preview:-1\" \/>\n<link rel=\"canonical\" href=\"https:\/\/news.mgmotor.eu\/es\/press\/mg3-mas-accesible\/\" \/>\n<meta property=\"og:locale\" content=\"es_ES\" \/>\n<meta property=\"og:type\" content=\"article\" \/>\n<meta property=\"og:title\" content=\"MG3: ahora mucho m\u00e1s accesible, desde solo 13.990 \u20ac - MG Motor Europe\" \/>\n<meta property=\"og:description\" content=\"MG ampl\u00eda su gama con la nueva versi\u00f3n de gasolina del MG3, que se convierte no solo en el modelo m\u00e1s econ\u00f3mico de la marca, sino en uno de los m\u00e1s accesibles de todo el mercado espa\u00f1ol.\" \/>\n<meta property=\"og:url\" content=\"https:\/\/news.mgmotor.eu\/es\/press\/mg3-mas-accesible\/\" \/>\n<meta property=\"og:site_name\" content=\"MG Motor Europe\" \/>\n<meta property=\"article:modified_time\" content=\"2025-03-24T15:58:06+00:00\" \/>\n<meta property=\"og:image\" content=\"https:\/\/news.mgmotor.eu\/wp-content\/uploads\/2025\/03\/MG3_Hybrid_Ikon_2_Hero1_11-1040x585.jpg\" \/>\n\t<meta property=\"og:image:width\" content=\"1040\" \/>\n\t<meta property=\"og:image:height\" content=\"585\" \/>\n\t<meta property=\"og:image:type\" content=\"image\/jpeg\" \/>\n<meta name=\"twitter:card\" content=\"summary_large_image\" \/>\n<meta name=\"twitter:label1\" content=\"Tiempo de lectura\" \/>\n\t<meta name=\"twitter:data1\" content=\"4 minutos\" \/>\n<script type=\"application\/ld+json\" class=\"yoast-schema-graph\">{\"@context\":\"https:\/\/schema.org\",\"@graph\":[{\"@type\":\"WebPage\",\"@id\":\"https:\/\/news.mgmotor.eu\/es\/press\/mg3-mas-accesible\/\",\"url\":\"https:\/\/news.mgmotor.eu\/es\/press\/mg3-mas-accesible\/\",\"name\":\"MG3: ahora mucho m\u00e1s accesible, desde solo 13.990 \u20ac - MG Motor Europe\",\"isPartOf\":{\"@id\":\"https:\/\/news.mgmotor.eu\/#website\"},\"datePublished\":\"2025-02-10T15:52:00+00:00\",\"dateModified\":\"2025-03-24T15:58:06+00:00\",\"description\":\"MG ampl\u00eda su gama con la nueva versi\u00f3n de gasolina del MG3, que se convierte no solo en el modelo m\u00e1s econ\u00f3mico de la marca, sino en uno de los m\u00e1s accesibles de todo el mercado espa\u00f1ol.\",\"breadcrumb\":{\"@id\":\"https:\/\/news.mgmotor.eu\/es\/press\/mg3-mas-accesible\/#breadcrumb\"},\"inLanguage\":\"es\",\"potentialAction\":[{\"@type\":\"ReadAction\",\"target\":[\"https:\/\/news.mgmotor.eu\/es\/press\/mg3-mas-accesible\/\"]}]},{\"@type\":\"BreadcrumbList\",\"@id\":\"https:\/\/news.mgmotor.eu\/es\/press\/mg3-mas-accesible\/#breadcrumb\",\"itemListElement\":[{\"@type\":\"ListItem\",\"position\":1,\"name\":\"Home\",\"item\":\"https:\/\/news.mgmotor.eu\/es\/\"},{\"@type\":\"ListItem\",\"position\":2,\"name\":\"Press Releases\",\"item\":\"https:\/\/news.mgmotor.eu\/es\/press\/\"},{\"@type\":\"ListItem\",\"position\":3,\"name\":\"MG3: ahora mucho m\u00e1s accesible, desde solo 13.990 \u20ac\"}]},{\"@type\":\"WebSite\",\"@id\":\"https:\/\/news.mgmotor.eu\/#website\",\"url\":\"https:\/\/news.mgmotor.eu\/\",\"name\":\"MG Motor Europe\",\"description\":\"\",\"potentialAction\":[{\"@type\":\"SearchAction\",\"target\":{\"@type\":\"EntryPoint\",\"urlTemplate\":\"https:\/\/news.mgmotor.eu\/?s={search_term_string}\"},\"query-input\":\"required name=search_term_string\"}],\"inLanguage\":\"es\"}]}<\/script>\n<!-- \/ Yoast SEO plugin. -->","yoast_head_json":{"title":"MG3: ahora mucho m\u00e1s accesible, desde solo 13.990 \u20ac - MG Motor Europe","description":"MG ampl\u00eda su gama con la nueva versi\u00f3n de gasolina del MG3, que se convierte no solo en el modelo m\u00e1s econ\u00f3mico de la marca, sino en uno de los m\u00e1s accesibles de todo el mercado espa\u00f1ol.","robots":{"index":"index","follow":"follow","max-snippet":"max-snippet:-1","max-image-preview":"max-image-preview:large","max-video-preview":"max-video-preview:-1"},"canonical":"https:\/\/news.mgmotor.eu\/es\/press\/mg3-mas-accesible\/","og_locale":"es_ES","og_type":"article","og_title":"MG3: ahora mucho m\u00e1s accesible, desde solo 13.990 \u20ac - MG Motor Europe","og_description":"MG ampl\u00eda su gama con la nueva versi\u00f3n de gasolina del MG3, que se convierte no solo en el modelo m\u00e1s econ\u00f3mico de la marca, sino en uno de los m\u00e1s accesibles de todo el mercado espa\u00f1ol.","og_url":"https:\/\/news.mgmotor.eu\/es\/press\/mg3-mas-accesible\/","og_site_name":"MG Motor Europe","article_modified_time":"2025-03-24T15:58:06+00:00","og_image":[{"width":1040,"height":585,"url":"https:\/\/news.mgmotor.eu\/wp-content\/uploads\/2025\/03\/MG3_Hybrid_Ikon_2_Hero1_11-1040x585.jpg","type":"image\/jpeg"}],"twitter_card":"summary_large_image","twitter_misc":{"Tiempo de lectura":"4 minutos"},"schema":{"@context":"https:\/\/schema.org","@graph":[{"@type":"WebPage","@id":"https:\/\/news.mgmotor.eu\/es\/press\/mg3-mas-accesible\/","url":"https:\/\/news.mgmotor.eu\/es\/press\/mg3-mas-accesible\/","name":"MG3: ahora mucho m\u00e1s accesible, desde solo 13.990 \u20ac - MG Motor Europe","isPartOf":{"@id":"https:\/\/news.mgmotor.eu\/#website"},"datePublished":"2025-02-10T15:52:00+00:00","dateModified":"2025-03-24T15:58:06+00:00","description":"MG ampl\u00eda su gama con la nueva versi\u00f3n de gasolina del MG3, que se convierte no solo en el modelo m\u00e1s econ\u00f3mico de la marca, sino en uno de los m\u00e1s accesibles de todo el mercado espa\u00f1ol.","breadcrumb":{"@id":"https:\/\/news.mgmotor.eu\/es\/press\/mg3-mas-accesible\/#breadcrumb"},"inLanguage":"es","potentialAction":[{"@type":"ReadAction","target":["https:\/\/news.mgmotor.eu\/es\/press\/mg3-mas-accesible\/"]}]},{"@type":"BreadcrumbList","@id":"https:\/\/news.mgmotor.eu\/es\/press\/mg3-mas-accesible\/#breadcrumb","itemListElement":[{"@type":"ListItem","position":1,"name":"Home","item":"https:\/\/news.mgmotor.eu\/es\/"},{"@type":"ListItem","position":2,"name":"Press Releases","item":"https:\/\/news.mgmotor.eu\/es\/press\/"},{"@type":"ListItem","position":3,"name":"MG3: ahora mucho m\u00e1s accesible, desde solo 13.990 \u20ac"}]},{"@type":"WebSite","@id":"https:\/\/news.mgmotor.eu\/#website","url":"https:\/\/news.mgmotor.eu\/","name":"MG Motor Europe","description":"","potentialAction":[{"@type":"SearchAction","target":{"@type":"EntryPoint","urlTemplate":"https:\/\/news.mgmotor.eu\/?s={search_term_string}"},"query-input":"required name=search_term_string"}],"inLanguage":"es"}]}},"_links":{"self":[{"href":"https:\/\/news.mgmotor.eu\/es\/wp-json\/wp\/v2\/press\/3578214"}],"collection":[{"href":"https:\/\/news.mgmotor.eu\/es\/wp-json\/wp\/v2\/press"}],"about":[{"href":"https:\/\/news.mgmotor.eu\/es\/wp-json\/wp\/v2\/types\/press"}],"wp:featuredmedia":[{"embeddable":true,"href":"https:\/\/news.mgmotor.eu\/es\/wp-json\/wp\/v2\/media\/3578285"}],"wp:attachment":[{"href":"https:\/\/news.mgmotor.eu\/es\/wp-json\/wp\/v2\/media?parent=3578214"}],"wp:term":[{"taxonomy":"category","embeddable":true,"href":"https:\/\/news.mgmotor.eu\/es\/wp-json\/wp\/v2\/categories?post=3578214"},{"taxonomy":"post_tag","embeddable":true,"href":"https:\/\/news.mgmotor.eu\/es\/wp-json\/wp\/v2\/tags?post=3578214"}],"curies":[{"name":"wp","href":"https:\/\/api.w.org\/{rel}","templated":true}]}}