{"id":3571754,"date":"2024-10-18T09:58:00","date_gmt":"2024-10-18T07:58:00","guid":{"rendered":"https:\/\/news.mgmotor.eu\/?post_type=press&#038;p=3571754"},"modified":"2024-10-28T09:59:22","modified_gmt":"2024-10-28T08:59:22","slug":"primeras-imagenes-mg-es5","status":"publish","type":"press","link":"https:\/\/news.mgmotor.eu\/es\/press\/primeras-imagenes-mg-es5\/","title":{"rendered":"Primeras im\u00e1genes del nuevo MG ES5 el\u00e9ctrico"},"content":{"rendered":"\n<ul>\n<li><strong>El nuevo SUV 100% el\u00e9ctrico las tendencias de MG, con un dise\u00f1o atractivo y el aire de familia de las \u00faltimas creaciones de la marca.<\/strong><\/li>\n<\/ul>\n\n\n\n<ul>\n<li><strong>Fiel al car\u00e1cter de MG, promete una experiencia de conducci\u00f3n \u00fanica gracias a su motor y propulsi\u00f3n trasera, que se combinan con una evolucionada suspensi\u00f3n de cinco brazos.<\/strong><\/li>\n<\/ul>\n\n\n\n<ul>\n<li><strong>Este modelo se convierte en el sexto integrante de la completa gama de modelos el\u00e9ctricos de MG, compuesta por los ZS EV, MG4, MG5, Marvel R y Cyberster, que cubren los principales segmentos del mercado.<\/strong><\/li>\n<\/ul>\n\n\n\n<p>Madrid, 18 de octubre, 2024 \u2013 MG ha desvelado las primeras im\u00e1genes oficiales de su nuevo SUV 100% el\u00e9ctrico. El nuevo MG ES5 sigue las tendencias de MG, con un dise\u00f1o atractivo, proporcionado y con el aire de familia de las \u00faltimas creaciones de la marca. En el frontal destaca el conjunto de iluminaci\u00f3n dividido y las entradas de aire laterales. La l\u00ednea de hombros del coche se extiende suavemente desde los faros hasta la parte trasera, generando un poderoso volumen junto a las ruedas traseras. Las \u00f3pticas traseras se extienden a lo largo de toda la zaga, que muestra mucha personalidad. Las dimensiones del nuevo modelo son 4.476 mm de longitud, 1.849 mm de anchura, 1.621 mm de altura y 2.730 mm de batalla.<\/p>\n\n\n\n<p>El nuevo SUV el\u00e9ctrico de MG adopta la plataforma el\u00e9ctrica pura MSP (Modular Scalable Platform) de SAIC Motor, l\u00edder en el mundo, que ofrece un elevado rendimiento en materia de seguridad, fiabilidad, rendimiento y espacio. Una caracter\u00edstica clave del nuevo MG ES5 es su configuraci\u00f3n de motor y propulsi\u00f3n trasera, \u00fanica en su segmento. El motor trasero entrega un par m\u00e1ximo de 250 Nm y permite al MG ES5 acelerar de 0 a 100 km\/h en 8 segundos. Junto a la suspensi\u00f3n trasera de cinco brazos, esta configuraci\u00f3n genera una experiencia de conducci\u00f3n \u00fanica y con un car\u00e1cter deportivo, adem\u00e1s de mejorar la maniobrabilidad y reducir el \u00e1ngulo de giro.<\/p>\n\n\n\n<p>Otra de las ventajas de la plataforma MSP es que aloja el paquete de bater\u00edas m\u00e1s fino del mundo, de s\u00f3lo 110 mm, lo que baja en centro de gravedad del coche y mejora su comportamiento din\u00e1mico. Hay tres opciones de pack de bater\u00edas disponibles, con una autonom\u00eda el\u00e9ctrica pura que alcanza los 425, 515 y 525 kil\u00f3metros, respectivamente, en homologaci\u00f3n CLTC, a la espera de los datos de homologaci\u00f3n WLTP. Adem\u00e1s, este paquete de bater\u00edas ayuda a mejorar la habitabilidad interior del nuevo MG5, que ofrece una superficie m\u00e1xima \u00fatil en el interior del coche de hasta 4,24 metros cuadrados.<\/p>\n\n\n\n<p>Para Jos\u00e9 Antonio Galve, Senior Product Manager &amp; PR de MG Espa\u00f1a: \u201c<em>el nuevo ES5 refleja la esencia de MG: dise\u00f1o atractivo, conducci\u00f3n emocionante, car\u00e1cter SUV y la tecnolog\u00eda de electrificaci\u00f3n m\u00e1s avanzada. Estamos seguros de que, al igual que los \u00faltimos lanzamientos de la marca, va a establecer nuevas referencias en su segmento y va a poner al alcance de un amplio p\u00fablico un producto sobresaliente\u201d.&nbsp;<\/em><\/p>\n","protected":false},"excerpt":{"rendered":"<p>Madrid, 18 de octubre, 2024 \u2013 MG ha desvelado las primeras im\u00e1genes oficiales de su nuevo SUV 100% el\u00e9ctrico. El [&hellip;]<\/p>\n","protected":false},"featured_media":3571755,"template":"","categories":[337],"tags":[],"acf":[],"yoast_head":"<!-- This site is optimized with the Yoast SEO plugin v19.8 - https:\/\/yoast.com\/wordpress\/plugins\/seo\/ -->\n<title>Primeras im\u00e1genes del nuevo MG ES5 el\u00e9ctrico - MG Motor Europe<\/title>\n<meta name=\"description\" content=\"MG ha desvelado las primeras im\u00e1genes oficiales de su nuevo SUV 100% el\u00e9ctrico. El nuevo MG ES5 sigue las tendencias de MG, con un dise\u00f1o atractivo, proporcionado y con el aire de familia de las \u00faltimas creaciones de la marca.\" \/>\n<meta name=\"robots\" content=\"index, follow, max-snippet:-1, max-image-preview:large, max-video-preview:-1\" \/>\n<link rel=\"canonical\" href=\"https:\/\/news.mgmotor.eu\/es\/press\/primeras-imagenes-mg-es5\/\" \/>\n<meta property=\"og:locale\" content=\"es_ES\" \/>\n<meta property=\"og:type\" content=\"article\" \/>\n<meta property=\"og:title\" content=\"Primeras im\u00e1genes del nuevo MG ES5 el\u00e9ctrico - MG Motor Europe\" \/>\n<meta property=\"og:description\" content=\"MG ha desvelado las primeras im\u00e1genes oficiales de su nuevo SUV 100% el\u00e9ctrico. El nuevo MG ES5 sigue las tendencias de MG, con un dise\u00f1o atractivo, proporcionado y con el aire de familia de las \u00faltimas creaciones de la marca.\" \/>\n<meta property=\"og:url\" content=\"https:\/\/news.mgmotor.eu\/es\/press\/primeras-imagenes-mg-es5\/\" \/>\n<meta property=\"og:site_name\" content=\"MG Motor Europe\" \/>\n<meta property=\"article:modified_time\" content=\"2024-10-28T08:59:22+00:00\" \/>\n<meta property=\"og:image\" content=\"https:\/\/news.mgmotor.eu\/wp-content\/uploads\/2024\/10\/MG-ES5-1-1040x585.jpg\" \/>\n\t<meta property=\"og:image:width\" content=\"1040\" \/>\n\t<meta property=\"og:image:height\" content=\"585\" \/>\n\t<meta property=\"og:image:type\" content=\"image\/jpeg\" \/>\n<meta name=\"twitter:card\" content=\"summary_large_image\" \/>\n<meta name=\"twitter:label1\" content=\"Tiempo de lectura\" \/>\n\t<meta name=\"twitter:data1\" content=\"3 minutos\" \/>\n<script type=\"application\/ld+json\" class=\"yoast-schema-graph\">{\"@context\":\"https:\/\/schema.org\",\"@graph\":[{\"@type\":\"WebPage\",\"@id\":\"https:\/\/news.mgmotor.eu\/es\/press\/primeras-imagenes-mg-es5\/\",\"url\":\"https:\/\/news.mgmotor.eu\/es\/press\/primeras-imagenes-mg-es5\/\",\"name\":\"Primeras im\u00e1genes del nuevo MG ES5 el\u00e9ctrico - MG Motor Europe\",\"isPartOf\":{\"@id\":\"https:\/\/news.mgmotor.eu\/#website\"},\"datePublished\":\"2024-10-18T07:58:00+00:00\",\"dateModified\":\"2024-10-28T08:59:22+00:00\",\"description\":\"MG ha desvelado las primeras im\u00e1genes oficiales de su nuevo SUV 100% el\u00e9ctrico. El nuevo MG ES5 sigue las tendencias de MG, con un dise\u00f1o atractivo, proporcionado y con el aire de familia de las \u00faltimas creaciones de la marca.\",\"breadcrumb\":{\"@id\":\"https:\/\/news.mgmotor.eu\/es\/press\/primeras-imagenes-mg-es5\/#breadcrumb\"},\"inLanguage\":\"es\",\"potentialAction\":[{\"@type\":\"ReadAction\",\"target\":[\"https:\/\/news.mgmotor.eu\/es\/press\/primeras-imagenes-mg-es5\/\"]}]},{\"@type\":\"BreadcrumbList\",\"@id\":\"https:\/\/news.mgmotor.eu\/es\/press\/primeras-imagenes-mg-es5\/#breadcrumb\",\"itemListElement\":[{\"@type\":\"ListItem\",\"position\":1,\"name\":\"Home\",\"item\":\"https:\/\/news.mgmotor.eu\/es\/\"},{\"@type\":\"ListItem\",\"position\":2,\"name\":\"Press Releases\",\"item\":\"https:\/\/news.mgmotor.eu\/es\/press\/\"},{\"@type\":\"ListItem\",\"position\":3,\"name\":\"Primeras im\u00e1genes del nuevo MG ES5 el\u00e9ctrico\"}]},{\"@type\":\"WebSite\",\"@id\":\"https:\/\/news.mgmotor.eu\/#website\",\"url\":\"https:\/\/news.mgmotor.eu\/\",\"name\":\"MG Motor Europe\",\"description\":\"\",\"potentialAction\":[{\"@type\":\"SearchAction\",\"target\":{\"@type\":\"EntryPoint\",\"urlTemplate\":\"https:\/\/news.mgmotor.eu\/?s={search_term_string}\"},\"query-input\":\"required name=search_term_string\"}],\"inLanguage\":\"es\"}]}<\/script>\n<!-- \/ Yoast SEO plugin. -->","yoast_head_json":{"title":"Primeras im\u00e1genes del nuevo MG ES5 el\u00e9ctrico - MG Motor Europe","description":"MG ha desvelado las primeras im\u00e1genes oficiales de su nuevo SUV 100% el\u00e9ctrico. El nuevo MG ES5 sigue las tendencias de MG, con un dise\u00f1o atractivo, proporcionado y con el aire de familia de las \u00faltimas creaciones de la marca.","robots":{"index":"index","follow":"follow","max-snippet":"max-snippet:-1","max-image-preview":"max-image-preview:large","max-video-preview":"max-video-preview:-1"},"canonical":"https:\/\/news.mgmotor.eu\/es\/press\/primeras-imagenes-mg-es5\/","og_locale":"es_ES","og_type":"article","og_title":"Primeras im\u00e1genes del nuevo MG ES5 el\u00e9ctrico - MG Motor Europe","og_description":"MG ha desvelado las primeras im\u00e1genes oficiales de su nuevo SUV 100% el\u00e9ctrico. El nuevo MG ES5 sigue las tendencias de MG, con un dise\u00f1o atractivo, proporcionado y con el aire de familia de las \u00faltimas creaciones de la marca.","og_url":"https:\/\/news.mgmotor.eu\/es\/press\/primeras-imagenes-mg-es5\/","og_site_name":"MG Motor Europe","article_modified_time":"2024-10-28T08:59:22+00:00","og_image":[{"width":1040,"height":585,"url":"https:\/\/news.mgmotor.eu\/wp-content\/uploads\/2024\/10\/MG-ES5-1-1040x585.jpg","type":"image\/jpeg"}],"twitter_card":"summary_large_image","twitter_misc":{"Tiempo de lectura":"3 minutos"},"schema":{"@context":"https:\/\/schema.org","@graph":[{"@type":"WebPage","@id":"https:\/\/news.mgmotor.eu\/es\/press\/primeras-imagenes-mg-es5\/","url":"https:\/\/news.mgmotor.eu\/es\/press\/primeras-imagenes-mg-es5\/","name":"Primeras im\u00e1genes del nuevo MG ES5 el\u00e9ctrico - MG Motor Europe","isPartOf":{"@id":"https:\/\/news.mgmotor.eu\/#website"},"datePublished":"2024-10-18T07:58:00+00:00","dateModified":"2024-10-28T08:59:22+00:00","description":"MG ha desvelado las primeras im\u00e1genes oficiales de su nuevo SUV 100% el\u00e9ctrico. El nuevo MG ES5 sigue las tendencias de MG, con un dise\u00f1o atractivo, proporcionado y con el aire de familia de las \u00faltimas creaciones de la marca.","breadcrumb":{"@id":"https:\/\/news.mgmotor.eu\/es\/press\/primeras-imagenes-mg-es5\/#breadcrumb"},"inLanguage":"es","potentialAction":[{"@type":"ReadAction","target":["https:\/\/news.mgmotor.eu\/es\/press\/primeras-imagenes-mg-es5\/"]}]},{"@type":"BreadcrumbList","@id":"https:\/\/news.mgmotor.eu\/es\/press\/primeras-imagenes-mg-es5\/#breadcrumb","itemListElement":[{"@type":"ListItem","position":1,"name":"Home","item":"https:\/\/news.mgmotor.eu\/es\/"},{"@type":"ListItem","position":2,"name":"Press Releases","item":"https:\/\/news.mgmotor.eu\/es\/press\/"},{"@type":"ListItem","position":3,"name":"Primeras im\u00e1genes del nuevo MG ES5 el\u00e9ctrico"}]},{"@type":"WebSite","@id":"https:\/\/news.mgmotor.eu\/#website","url":"https:\/\/news.mgmotor.eu\/","name":"MG Motor Europe","description":"","potentialAction":[{"@type":"SearchAction","target":{"@type":"EntryPoint","urlTemplate":"https:\/\/news.mgmotor.eu\/?s={search_term_string}"},"query-input":"required name=search_term_string"}],"inLanguage":"es"}]}},"_links":{"self":[{"href":"https:\/\/news.mgmotor.eu\/es\/wp-json\/wp\/v2\/press\/3571754"}],"collection":[{"href":"https:\/\/news.mgmotor.eu\/es\/wp-json\/wp\/v2\/press"}],"about":[{"href":"https:\/\/news.mgmotor.eu\/es\/wp-json\/wp\/v2\/types\/press"}],"wp:featuredmedia":[{"embeddable":true,"href":"https:\/\/news.mgmotor.eu\/es\/wp-json\/wp\/v2\/media\/3571755"}],"wp:attachment":[{"href":"https:\/\/news.mgmotor.eu\/es\/wp-json\/wp\/v2\/media?parent=3571754"}],"wp:term":[{"taxonomy":"category","embeddable":true,"href":"https:\/\/news.mgmotor.eu\/es\/wp-json\/wp\/v2\/categories?post=3571754"},{"taxonomy":"post_tag","embeddable":true,"href":"https:\/\/news.mgmotor.eu\/es\/wp-json\/wp\/v2\/tags?post=3571754"}],"curies":[{"name":"wp","href":"https:\/\/api.w.org\/{rel}","templated":true}]}}