{"id":3564969,"date":"2024-06-18T13:01:18","date_gmt":"2024-06-18T11:01:18","guid":{"rendered":"https:\/\/news.mgmotor.eu\/?post_type=press&#038;p=3564969"},"modified":"2024-06-18T13:01:19","modified_gmt":"2024-06-18T11:01:19","slug":"declaracion-mg-motor-europe","status":"publish","type":"press","link":"https:\/\/news.mgmotor.eu\/es\/press\/declaracion-mg-motor-europe\/","title":{"rendered":"Declaraci\u00f3n de MG Motor Europe sobre la comunicaci\u00f3n previa de la CE de los derechos compensatorios provisionales que se impondr\u00e1n a los BEV chinos"},"content":{"rendered":"\n<p><strong>13 de junio, 2024.<\/strong> En respuesta al anuncio de la Comisi\u00f3n Europea (CE) de su intenci\u00f3n de imponer un derecho compensatorio provisional sobre las importaciones de veh\u00edculos el\u00e9ctricos de bater\u00eda (BEV) originarios de China, MG Motor Europe ha expresado su profunda decepci\u00f3n por el arancel adicional de hasta el 38,1%.<\/p>\n\n\n\n<p>MG se opone a la medida comercial proteccionista y cree que supondr\u00e1 una importante barrera para el mercado, expresando su profunda preocupaci\u00f3n por el impacto que los aranceles tendr\u00e1n inevitablemente en los estimados clientes. El elevado arancel tambi\u00e9n tendr\u00e1 un importante impacto negativo en la cadena de suministro, la innovaci\u00f3n y la cooperaci\u00f3n en el mercado.<\/p>\n\n\n\n<p>El crecimiento continuado de las ventas de MG y sus mejores resultados en la UE se sustentan en una amplia gama de modelos de primera clase, caracter\u00edsticas tecnol\u00f3gicas innovadoras, seguridad y fiabilidad, y los altos niveles de servicio ofrecidos por los concesionarios europeos asociados a MG. S\u00f3lo en la \u00faltima d\u00e9cada, SAIC ha invertido casi 20.000 millones de euros en investigaci\u00f3n y desarrollo, con m\u00e1s de 26.000 patentes registradas, para desarrollar una cadena de suministro din\u00e1mica y madura.<\/p>\n\n\n\n<p>Como uno de los principales proveedores de veh\u00edculos el\u00e9ctricos de la UE, estos avances desempe\u00f1an un papel fundamental a la hora de poner la movilidad el\u00e9ctrica al alcance de todos e impulsar la transici\u00f3n al transporte sostenible, que es un elemento clave para facilitar las transformaciones ecol\u00f3gicas destinadas a combatir el cambio clim\u00e1tico global.<\/p>\n\n\n\n<p>Para hacer frente a las posibles implicaciones del derecho impuesto, MG pide a la Comisi\u00f3n Europea que considere cuidadosamente su decisi\u00f3n y entable un di\u00e1logo constructivo con sus socios de la industria automovil\u00edstica mundial, incluida China, para encontrar conjuntamente soluciones que promuevan la competencia leal y el desarrollo sostenible.<\/p>\n\n\n\n<p>MG se mantiene firme en su compromiso de ofrecer productos de movilidad el\u00e9ctrica accesibles e impulsar as\u00ed la transici\u00f3n hacia un transporte sostenible.<\/p>\n\n\n\n<p>Por \u00faltimo, MG desea expresar su m\u00e1s sincero agradecimiento a todos sus clientes, socios y medios de comunicaci\u00f3n por su apoyo y confianza.&nbsp;<\/p>\n","protected":false},"excerpt":{"rendered":"<p>13 de junio, 2024. En respuesta al anuncio de la Comisi\u00f3n Europea (CE) de su intenci\u00f3n de imponer un derecho [&hellip;]<\/p>\n","protected":false},"featured_media":3564605,"template":"","categories":[289],"tags":[],"acf":[],"yoast_head":"<!-- This site is optimized with the Yoast SEO plugin v19.8 - https:\/\/yoast.com\/wordpress\/plugins\/seo\/ -->\n<title>Declaraci\u00f3n de MG Motor Europe sobre la comunicaci\u00f3n previa de la CE de los derechos compensatorios provisionales que se impondr\u00e1n a los BEV chinos - MG Motor Europe<\/title>\n<meta name=\"description\" content=\"MG se opone a la medida comercial proteccionista y cree que supondr\u00e1 una importante barrera para el mercado, expresando su profunda preocupaci\u00f3n por el impacto que los aranceles tendr\u00e1n inevitablemente en los estimados clientes\" \/>\n<meta name=\"robots\" content=\"index, follow, max-snippet:-1, max-image-preview:large, max-video-preview:-1\" \/>\n<link rel=\"canonical\" href=\"https:\/\/news.mgmotor.eu\/es\/press\/declaracion-mg-motor-europe\/\" \/>\n<meta property=\"og:locale\" content=\"es_ES\" \/>\n<meta property=\"og:type\" content=\"article\" \/>\n<meta property=\"og:title\" content=\"Declaraci\u00f3n de MG Motor Europe sobre la comunicaci\u00f3n previa de la CE de los derechos compensatorios provisionales que se impondr\u00e1n a los BEV chinos - MG Motor Europe\" \/>\n<meta property=\"og:description\" content=\"MG se opone a la medida comercial proteccionista y cree que supondr\u00e1 una importante barrera para el mercado, expresando su profunda preocupaci\u00f3n por el impacto que los aranceles tendr\u00e1n inevitablemente en los estimados clientes\" \/>\n<meta property=\"og:url\" content=\"https:\/\/news.mgmotor.eu\/es\/press\/declaracion-mg-motor-europe\/\" \/>\n<meta property=\"og:site_name\" content=\"MG Motor Europe\" \/>\n<meta property=\"article:modified_time\" content=\"2024-06-18T11:01:19+00:00\" \/>\n<meta property=\"og:image\" content=\"https:\/\/news.mgmotor.eu\/wp-content\/uploads\/2024\/04\/mg-logo-white-black-background.jpg\" \/>\n\t<meta property=\"og:image:width\" content=\"4000\" \/>\n\t<meta property=\"og:image:height\" content=\"4000\" \/>\n\t<meta property=\"og:image:type\" content=\"image\/jpeg\" \/>\n<meta name=\"twitter:card\" content=\"summary_large_image\" \/>\n<meta name=\"twitter:label1\" content=\"Tiempo de lectura\" \/>\n\t<meta name=\"twitter:data1\" content=\"2 minutos\" \/>\n<script type=\"application\/ld+json\" class=\"yoast-schema-graph\">{\"@context\":\"https:\/\/schema.org\",\"@graph\":[{\"@type\":\"WebPage\",\"@id\":\"https:\/\/news.mgmotor.eu\/es\/press\/declaracion-mg-motor-europe\/\",\"url\":\"https:\/\/news.mgmotor.eu\/es\/press\/declaracion-mg-motor-europe\/\",\"name\":\"Declaraci\u00f3n de MG Motor Europe sobre la comunicaci\u00f3n previa de la CE de los derechos compensatorios provisionales que se impondr\u00e1n a los BEV chinos - MG Motor Europe\",\"isPartOf\":{\"@id\":\"https:\/\/news.mgmotor.eu\/#website\"},\"datePublished\":\"2024-06-18T11:01:18+00:00\",\"dateModified\":\"2024-06-18T11:01:19+00:00\",\"description\":\"MG se opone a la medida comercial proteccionista y cree que supondr\u00e1 una importante barrera para el mercado, expresando su profunda preocupaci\u00f3n por el impacto que los aranceles tendr\u00e1n inevitablemente en los estimados clientes\",\"breadcrumb\":{\"@id\":\"https:\/\/news.mgmotor.eu\/es\/press\/declaracion-mg-motor-europe\/#breadcrumb\"},\"inLanguage\":\"es\",\"potentialAction\":[{\"@type\":\"ReadAction\",\"target\":[\"https:\/\/news.mgmotor.eu\/es\/press\/declaracion-mg-motor-europe\/\"]}]},{\"@type\":\"BreadcrumbList\",\"@id\":\"https:\/\/news.mgmotor.eu\/es\/press\/declaracion-mg-motor-europe\/#breadcrumb\",\"itemListElement\":[{\"@type\":\"ListItem\",\"position\":1,\"name\":\"Home\",\"item\":\"https:\/\/news.mgmotor.eu\/es\/\"},{\"@type\":\"ListItem\",\"position\":2,\"name\":\"Press Releases\",\"item\":\"https:\/\/news.mgmotor.eu\/es\/press\/\"},{\"@type\":\"ListItem\",\"position\":3,\"name\":\"Declaraci\u00f3n de MG Motor Europe sobre la comunicaci\u00f3n previa de la CE de los derechos compensatorios provisionales que se impondr\u00e1n a los BEV chinos\"}]},{\"@type\":\"WebSite\",\"@id\":\"https:\/\/news.mgmotor.eu\/#website\",\"url\":\"https:\/\/news.mgmotor.eu\/\",\"name\":\"MG Motor Europe\",\"description\":\"\",\"potentialAction\":[{\"@type\":\"SearchAction\",\"target\":{\"@type\":\"EntryPoint\",\"urlTemplate\":\"https:\/\/news.mgmotor.eu\/?s={search_term_string}\"},\"query-input\":\"required name=search_term_string\"}],\"inLanguage\":\"es\"}]}<\/script>\n<!-- \/ Yoast SEO plugin. -->","yoast_head_json":{"title":"Declaraci\u00f3n de MG Motor Europe sobre la comunicaci\u00f3n previa de la CE de los derechos compensatorios provisionales que se impondr\u00e1n a los BEV chinos - MG Motor Europe","description":"MG se opone a la medida comercial proteccionista y cree que supondr\u00e1 una importante barrera para el mercado, expresando su profunda preocupaci\u00f3n por el impacto que los aranceles tendr\u00e1n inevitablemente en los estimados clientes","robots":{"index":"index","follow":"follow","max-snippet":"max-snippet:-1","max-image-preview":"max-image-preview:large","max-video-preview":"max-video-preview:-1"},"canonical":"https:\/\/news.mgmotor.eu\/es\/press\/declaracion-mg-motor-europe\/","og_locale":"es_ES","og_type":"article","og_title":"Declaraci\u00f3n de MG Motor Europe sobre la comunicaci\u00f3n previa de la CE de los derechos compensatorios provisionales que se impondr\u00e1n a los BEV chinos - MG Motor Europe","og_description":"MG se opone a la medida comercial proteccionista y cree que supondr\u00e1 una importante barrera para el mercado, expresando su profunda preocupaci\u00f3n por el impacto que los aranceles tendr\u00e1n inevitablemente en los estimados clientes","og_url":"https:\/\/news.mgmotor.eu\/es\/press\/declaracion-mg-motor-europe\/","og_site_name":"MG Motor Europe","article_modified_time":"2024-06-18T11:01:19+00:00","og_image":[{"width":4000,"height":4000,"url":"https:\/\/news.mgmotor.eu\/wp-content\/uploads\/2024\/04\/mg-logo-white-black-background.jpg","type":"image\/jpeg"}],"twitter_card":"summary_large_image","twitter_misc":{"Tiempo de lectura":"2 minutos"},"schema":{"@context":"https:\/\/schema.org","@graph":[{"@type":"WebPage","@id":"https:\/\/news.mgmotor.eu\/es\/press\/declaracion-mg-motor-europe\/","url":"https:\/\/news.mgmotor.eu\/es\/press\/declaracion-mg-motor-europe\/","name":"Declaraci\u00f3n de MG Motor Europe sobre la comunicaci\u00f3n previa de la CE de los derechos compensatorios provisionales que se impondr\u00e1n a los BEV chinos - MG Motor Europe","isPartOf":{"@id":"https:\/\/news.mgmotor.eu\/#website"},"datePublished":"2024-06-18T11:01:18+00:00","dateModified":"2024-06-18T11:01:19+00:00","description":"MG se opone a la medida comercial proteccionista y cree que supondr\u00e1 una importante barrera para el mercado, expresando su profunda preocupaci\u00f3n por el impacto que los aranceles tendr\u00e1n inevitablemente en los estimados clientes","breadcrumb":{"@id":"https:\/\/news.mgmotor.eu\/es\/press\/declaracion-mg-motor-europe\/#breadcrumb"},"inLanguage":"es","potentialAction":[{"@type":"ReadAction","target":["https:\/\/news.mgmotor.eu\/es\/press\/declaracion-mg-motor-europe\/"]}]},{"@type":"BreadcrumbList","@id":"https:\/\/news.mgmotor.eu\/es\/press\/declaracion-mg-motor-europe\/#breadcrumb","itemListElement":[{"@type":"ListItem","position":1,"name":"Home","item":"https:\/\/news.mgmotor.eu\/es\/"},{"@type":"ListItem","position":2,"name":"Press Releases","item":"https:\/\/news.mgmotor.eu\/es\/press\/"},{"@type":"ListItem","position":3,"name":"Declaraci\u00f3n de MG Motor Europe sobre la comunicaci\u00f3n previa de la CE de los derechos compensatorios provisionales que se impondr\u00e1n a los BEV chinos"}]},{"@type":"WebSite","@id":"https:\/\/news.mgmotor.eu\/#website","url":"https:\/\/news.mgmotor.eu\/","name":"MG Motor Europe","description":"","potentialAction":[{"@type":"SearchAction","target":{"@type":"EntryPoint","urlTemplate":"https:\/\/news.mgmotor.eu\/?s={search_term_string}"},"query-input":"required name=search_term_string"}],"inLanguage":"es"}]}},"_links":{"self":[{"href":"https:\/\/news.mgmotor.eu\/es\/wp-json\/wp\/v2\/press\/3564969"}],"collection":[{"href":"https:\/\/news.mgmotor.eu\/es\/wp-json\/wp\/v2\/press"}],"about":[{"href":"https:\/\/news.mgmotor.eu\/es\/wp-json\/wp\/v2\/types\/press"}],"wp:featuredmedia":[{"embeddable":true,"href":"https:\/\/news.mgmotor.eu\/es\/wp-json\/wp\/v2\/media\/3564605"}],"wp:attachment":[{"href":"https:\/\/news.mgmotor.eu\/es\/wp-json\/wp\/v2\/media?parent=3564969"}],"wp:term":[{"taxonomy":"category","embeddable":true,"href":"https:\/\/news.mgmotor.eu\/es\/wp-json\/wp\/v2\/categories?post=3564969"},{"taxonomy":"post_tag","embeddable":true,"href":"https:\/\/news.mgmotor.eu\/es\/wp-json\/wp\/v2\/tags?post=3564969"}],"curies":[{"name":"wp","href":"https:\/\/api.w.org\/{rel}","templated":true}]}}