{"id":3564722,"date":"2024-05-20T12:52:45","date_gmt":"2024-05-20T10:52:45","guid":{"rendered":"https:\/\/news.mgmotor.eu\/?post_type=press&#038;p=3564722"},"modified":"2024-05-20T12:52:46","modified_gmt":"2024-05-20T10:52:46","slug":"presentacion-mg3-hybrid-en-espana","status":"publish","type":"press","link":"https:\/\/news.mgmotor.eu\/es\/press\/presentacion-mg3-hybrid-en-espana\/","title":{"rendered":"22 de mayo 2024, 10:00 am: MG har\u00e1 por fin asequible la hibridaci\u00f3n en Espa\u00f1a con el nuevo MG3 Hybrid+"},"content":{"rendered":"\n<ul>\n<li><strong>MG presentar\u00e1 el nuevo MG3 Hybrid+ en el Madrid Car Experience, que se celebra del 22 al 26 de mayo en IFEMA, desvelando la estructura final de gama, precios y promociones de lanzamiento<\/strong><\/li>\n<\/ul>\n\n\n\n<ul>\n<li><strong>Tambi\u00e9n se presentar\u00e1n en Espa\u00f1a dos espectaculares novedades: el tecnol\u00f3gico SUV de lujo IM LS6 y el roadster MG Cyberster.<\/strong><\/li>\n<\/ul>\n\n\n\n<ul>\n<li><strong>Los asistentes al sal\u00f3n tambi\u00e9n podr\u00e1n ver y tocar toda la gama MG que se comercializa en Espa\u00f1a en el amplio stand de la marca.<\/strong><\/li>\n<\/ul>\n\n\n\n<ul>\n<li><strong>MG tendr\u00e1 en la zona de boxes de Madrid Car Experiencetoda la gama t\u00e9rmica, el\u00e9ctrica e h\u00edbrida enchufable para poder probar.<\/strong><\/li>\n<\/ul>\n\n\n\n<p><strong>16 de mayo, 2024<\/strong>.&nbsp; MG va a ser una de las grandes protagonistas del Madrid Car Experience -que se celebra del 22 al 26 de mayo en IFEMA- con tres novedades que van a marcar la referencia en sus respectivos segmentos.<\/p>\n\n\n\n<p>El 22 de mayo, a las 10:00 am, la marca presentar\u00e1 en Espa\u00f1a el MG3 Hybrid +, el modelo que hace asequible la hibridaci\u00f3n en nuestro mercado. En la rueda de prensa de presentaci\u00f3n del modelo -que tendr\u00e1 lugar en el amplio stand de la marca, con m\u00e1s de 1.000 m2 situado en el Pabell\u00f3n 3 &#8211; se desvelar\u00e1 la estructura final de precios de toda la gama MG3 Hybrid+, informaci\u00f3n actualizada de producto, los detalles de la promoci\u00f3n especial de lanzamiento en Espa\u00f1a de este nuevo modelo y sus ultracompetivas cuotas, tanto de renting como de financiaci\u00f3n tradicional.<\/p>\n\n\n\n<p>Adem\u00e1s de sumarse a la misi\u00f3n de MG de llevar la electrificaci\u00f3n a todos los p\u00fablicos y segmentos, con precios asequibles; el nuevo MG3 Hybrid + cumple con otro de los atributos caracter\u00edsticos de la marca: ofrecer la tecnolog\u00eda de electrificaci\u00f3n m\u00e1s avanzada y pr\u00e1ctica para sus conductores. Su tecnolog\u00eda HEV marca nuevas referencias en su segmento gracias a su bater\u00eda de alta capacidad (1,83 kWh), a la potencia de su motor el\u00e9ctrico ((80 kW \/ 109 CV), y a su amplia gama de modos de funcionamiento gracias al generador independiente. Esta combinaci\u00f3n de factores le permite ofrecer las mejores prestaciones, autonom\u00eda en modo el\u00e9ctrico y versatilidad de modos de funcionamiento de su segmento.<\/p>\n\n\n\n<p><strong>Se presentan en Espa\u00f1a los IM LS6 y MG Cyberster<\/strong><\/p>\n\n\n\n<p>Todos los que se acerquen al stand de MG podr\u00e1n ver, por primera vez en Espa\u00f1a, dos de los modelos que m\u00e1s atenci\u00f3n han acaparado en los \u00faltimos meses. Por un lado, el IM LS6, el vanguardista SUV de la nueva marca premium hermana de MG. Con su chasis de aluminio, potencias entre 231 y 579 kW, una espectacular dotaci\u00f3n tecnol\u00f3gica y funcionalidades avanzadas de conducci\u00f3n, este modelo marca un nuevo camino entre los SUV el\u00e9ctricos de lujo.<\/p>\n\n\n\n<p>El MG Cyberster ser\u00e1 la otra deslumbrante novedad de la marca. Este espectacular roadster llega a Madrid tras hacer historia ganando los tres premios de dise\u00f1o m\u00e1s prestigiosos del mundo (Red Dot Award de dise\u00f1o de producto, Good Design Award de dise\u00f1o de autom\u00f3vil e IF Design de experiencia de usuario). Con su doble motor el\u00e9ctrico y tracci\u00f3n a las cuatro ruedas, es el coche de producci\u00f3n m\u00e1s potente y de mayor aceleraci\u00f3n en toda la historia de la marca; con una potencia m\u00e1xima de 400 kW (544 CV) un par m\u00e1ximo de 725 NM y una aceleraci\u00f3n de 0 a 100 km\/h en 3,2 segundos. El Cyberster monomotor ofrece una potencia de 340 CV (250 kW) con un par m\u00e1ximo confirmado de 475 Nm&nbsp; y un 0 a 100 km\/h de s\u00f3lo 5,2 segundos.<\/p>\n","protected":false},"excerpt":{"rendered":"<p>16 de mayo, 2024.&nbsp; MG va a ser una de las grandes protagonistas del Madrid Car Experience -que se celebra [&hellip;]<\/p>\n","protected":false},"featured_media":3564723,"template":"","categories":[337],"tags":[],"acf":[],"yoast_head":"<!-- This site is optimized with the Yoast SEO plugin v19.8 - https:\/\/yoast.com\/wordpress\/plugins\/seo\/ -->\n<title>22 de mayo 2024, 10:00 am: MG har\u00e1 por fin asequible la hibridaci\u00f3n en Espa\u00f1a con el nuevo MG3 Hybrid+ - MG Motor Europe<\/title>\n<meta name=\"description\" content=\"MG presentar\u00e1 el nuevo MG3 Hybrid+ en el Madrid Car Experience, que se celebra del 22 al 26 de mayo en IFEMA\" \/>\n<meta name=\"robots\" content=\"index, follow, max-snippet:-1, max-image-preview:large, max-video-preview:-1\" \/>\n<link rel=\"canonical\" href=\"https:\/\/news.mgmotor.eu\/es\/press\/presentacion-mg3-hybrid-en-espana\/\" \/>\n<meta property=\"og:locale\" content=\"es_ES\" \/>\n<meta property=\"og:type\" content=\"article\" \/>\n<meta property=\"og:title\" content=\"22 de mayo 2024, 10:00 am: MG har\u00e1 por fin asequible la hibridaci\u00f3n en Espa\u00f1a con el nuevo MG3 Hybrid+ - MG Motor Europe\" \/>\n<meta property=\"og:description\" content=\"MG presentar\u00e1 el nuevo MG3 Hybrid+ en el Madrid Car Experience, que se celebra del 22 al 26 de mayo en IFEMA\" \/>\n<meta property=\"og:url\" content=\"https:\/\/news.mgmotor.eu\/es\/press\/presentacion-mg3-hybrid-en-espana\/\" \/>\n<meta property=\"og:site_name\" content=\"MG Motor Europe\" \/>\n<meta property=\"article:modified_time\" content=\"2024-05-20T10:52:46+00:00\" \/>\n<meta property=\"og:image\" content=\"https:\/\/news.mgmotor.eu\/wp-content\/uploads\/2024\/05\/Como-Blue.jpg\" \/>\n\t<meta property=\"og:image:width\" content=\"3000\" \/>\n\t<meta property=\"og:image:height\" content=\"1804\" \/>\n\t<meta property=\"og:image:type\" content=\"image\/jpeg\" \/>\n<meta name=\"twitter:card\" content=\"summary_large_image\" \/>\n<meta name=\"twitter:label1\" content=\"Tiempo de lectura\" \/>\n\t<meta name=\"twitter:data1\" content=\"3 minutos\" \/>\n<script type=\"application\/ld+json\" class=\"yoast-schema-graph\">{\"@context\":\"https:\/\/schema.org\",\"@graph\":[{\"@type\":\"WebPage\",\"@id\":\"https:\/\/news.mgmotor.eu\/es\/press\/presentacion-mg3-hybrid-en-espana\/\",\"url\":\"https:\/\/news.mgmotor.eu\/es\/press\/presentacion-mg3-hybrid-en-espana\/\",\"name\":\"22 de mayo 2024, 10:00 am: MG har\u00e1 por fin asequible la hibridaci\u00f3n en Espa\u00f1a con el nuevo MG3 Hybrid+ - MG Motor Europe\",\"isPartOf\":{\"@id\":\"https:\/\/news.mgmotor.eu\/#website\"},\"datePublished\":\"2024-05-20T10:52:45+00:00\",\"dateModified\":\"2024-05-20T10:52:46+00:00\",\"description\":\"MG presentar\u00e1 el nuevo MG3 Hybrid+ en el Madrid Car Experience, que se celebra del 22 al 26 de mayo en IFEMA\",\"breadcrumb\":{\"@id\":\"https:\/\/news.mgmotor.eu\/es\/press\/presentacion-mg3-hybrid-en-espana\/#breadcrumb\"},\"inLanguage\":\"es\",\"potentialAction\":[{\"@type\":\"ReadAction\",\"target\":[\"https:\/\/news.mgmotor.eu\/es\/press\/presentacion-mg3-hybrid-en-espana\/\"]}]},{\"@type\":\"BreadcrumbList\",\"@id\":\"https:\/\/news.mgmotor.eu\/es\/press\/presentacion-mg3-hybrid-en-espana\/#breadcrumb\",\"itemListElement\":[{\"@type\":\"ListItem\",\"position\":1,\"name\":\"Home\",\"item\":\"https:\/\/news.mgmotor.eu\/es\/\"},{\"@type\":\"ListItem\",\"position\":2,\"name\":\"Press Releases\",\"item\":\"https:\/\/news.mgmotor.eu\/es\/press\/\"},{\"@type\":\"ListItem\",\"position\":3,\"name\":\"22 de mayo 2024, 10:00 am: MG har\u00e1 por fin asequible la hibridaci\u00f3n en Espa\u00f1a con el nuevo MG3 Hybrid+\"}]},{\"@type\":\"WebSite\",\"@id\":\"https:\/\/news.mgmotor.eu\/#website\",\"url\":\"https:\/\/news.mgmotor.eu\/\",\"name\":\"MG Motor Europe\",\"description\":\"\",\"potentialAction\":[{\"@type\":\"SearchAction\",\"target\":{\"@type\":\"EntryPoint\",\"urlTemplate\":\"https:\/\/news.mgmotor.eu\/?s={search_term_string}\"},\"query-input\":\"required name=search_term_string\"}],\"inLanguage\":\"es\"}]}<\/script>\n<!-- \/ Yoast SEO plugin. -->","yoast_head_json":{"title":"22 de mayo 2024, 10:00 am: MG har\u00e1 por fin asequible la hibridaci\u00f3n en Espa\u00f1a con el nuevo MG3 Hybrid+ - MG Motor Europe","description":"MG presentar\u00e1 el nuevo MG3 Hybrid+ en el Madrid Car Experience, que se celebra del 22 al 26 de mayo en IFEMA","robots":{"index":"index","follow":"follow","max-snippet":"max-snippet:-1","max-image-preview":"max-image-preview:large","max-video-preview":"max-video-preview:-1"},"canonical":"https:\/\/news.mgmotor.eu\/es\/press\/presentacion-mg3-hybrid-en-espana\/","og_locale":"es_ES","og_type":"article","og_title":"22 de mayo 2024, 10:00 am: MG har\u00e1 por fin asequible la hibridaci\u00f3n en Espa\u00f1a con el nuevo MG3 Hybrid+ - MG Motor Europe","og_description":"MG presentar\u00e1 el nuevo MG3 Hybrid+ en el Madrid Car Experience, que se celebra del 22 al 26 de mayo en IFEMA","og_url":"https:\/\/news.mgmotor.eu\/es\/press\/presentacion-mg3-hybrid-en-espana\/","og_site_name":"MG Motor Europe","article_modified_time":"2024-05-20T10:52:46+00:00","og_image":[{"width":3000,"height":1804,"url":"https:\/\/news.mgmotor.eu\/wp-content\/uploads\/2024\/05\/Como-Blue.jpg","type":"image\/jpeg"}],"twitter_card":"summary_large_image","twitter_misc":{"Tiempo de lectura":"3 minutos"},"schema":{"@context":"https:\/\/schema.org","@graph":[{"@type":"WebPage","@id":"https:\/\/news.mgmotor.eu\/es\/press\/presentacion-mg3-hybrid-en-espana\/","url":"https:\/\/news.mgmotor.eu\/es\/press\/presentacion-mg3-hybrid-en-espana\/","name":"22 de mayo 2024, 10:00 am: MG har\u00e1 por fin asequible la hibridaci\u00f3n en Espa\u00f1a con el nuevo MG3 Hybrid+ - MG Motor Europe","isPartOf":{"@id":"https:\/\/news.mgmotor.eu\/#website"},"datePublished":"2024-05-20T10:52:45+00:00","dateModified":"2024-05-20T10:52:46+00:00","description":"MG presentar\u00e1 el nuevo MG3 Hybrid+ en el Madrid Car Experience, que se celebra del 22 al 26 de mayo en IFEMA","breadcrumb":{"@id":"https:\/\/news.mgmotor.eu\/es\/press\/presentacion-mg3-hybrid-en-espana\/#breadcrumb"},"inLanguage":"es","potentialAction":[{"@type":"ReadAction","target":["https:\/\/news.mgmotor.eu\/es\/press\/presentacion-mg3-hybrid-en-espana\/"]}]},{"@type":"BreadcrumbList","@id":"https:\/\/news.mgmotor.eu\/es\/press\/presentacion-mg3-hybrid-en-espana\/#breadcrumb","itemListElement":[{"@type":"ListItem","position":1,"name":"Home","item":"https:\/\/news.mgmotor.eu\/es\/"},{"@type":"ListItem","position":2,"name":"Press Releases","item":"https:\/\/news.mgmotor.eu\/es\/press\/"},{"@type":"ListItem","position":3,"name":"22 de mayo 2024, 10:00 am: MG har\u00e1 por fin asequible la hibridaci\u00f3n en Espa\u00f1a con el nuevo MG3 Hybrid+"}]},{"@type":"WebSite","@id":"https:\/\/news.mgmotor.eu\/#website","url":"https:\/\/news.mgmotor.eu\/","name":"MG Motor Europe","description":"","potentialAction":[{"@type":"SearchAction","target":{"@type":"EntryPoint","urlTemplate":"https:\/\/news.mgmotor.eu\/?s={search_term_string}"},"query-input":"required name=search_term_string"}],"inLanguage":"es"}]}},"_links":{"self":[{"href":"https:\/\/news.mgmotor.eu\/es\/wp-json\/wp\/v2\/press\/3564722"}],"collection":[{"href":"https:\/\/news.mgmotor.eu\/es\/wp-json\/wp\/v2\/press"}],"about":[{"href":"https:\/\/news.mgmotor.eu\/es\/wp-json\/wp\/v2\/types\/press"}],"wp:featuredmedia":[{"embeddable":true,"href":"https:\/\/news.mgmotor.eu\/es\/wp-json\/wp\/v2\/media\/3564723"}],"wp:attachment":[{"href":"https:\/\/news.mgmotor.eu\/es\/wp-json\/wp\/v2\/media?parent=3564722"}],"wp:term":[{"taxonomy":"category","embeddable":true,"href":"https:\/\/news.mgmotor.eu\/es\/wp-json\/wp\/v2\/categories?post=3564722"},{"taxonomy":"post_tag","embeddable":true,"href":"https:\/\/news.mgmotor.eu\/es\/wp-json\/wp\/v2\/tags?post=3564722"}],"curies":[{"name":"wp","href":"https:\/\/api.w.org\/{rel}","templated":true}]}}