{"id":3561165,"date":"2024-02-13T16:16:35","date_gmt":"2024-02-13T15:16:35","guid":{"rendered":"https:\/\/news.mgmotor.eu\/?post_type=press&#038;p=3561165"},"modified":"2024-03-18T13:33:04","modified_gmt":"2024-03-18T12:33:04","slug":"descuentos-mg-100-aniversario","status":"publish","type":"press","link":"https:\/\/news.mgmotor.eu\/es\/press\/descuentos-mg-100-aniversario\/","title":{"rendered":"Megaofensiva de descuentos de MG por su 100 aniversario"},"content":{"rendered":"\n<ul>\n<li><strong>MG lanza una nueva campa\u00f1a de descuentos adicionales de 2.000 \u20ac en toda su gama el\u00e9ctrica (MG4, ZS EV, MG5 y MARVEL R) por el 100 aniversario de la marca.<\/strong><\/li>\n<\/ul>\n\n\n\n<ul>\n<li><strong>Ahora, llegando a un 46% de descuento sobre su precio de tarifa, la gama MG4 arranca desde solo 16.480 \u20ac*, poniendo la movilidad el\u00e9ctrica m\u00e1s avanzada y un completo equipamiento de serie al alcance de la mayor\u00eda de los conductores.<\/strong><\/li>\n<\/ul>\n\n\n\n<ul>\n<li><strong>Gracias a estos descuentos y por primera vez en Espa\u00f1a, un autom\u00f3vil el\u00e9ctrico del segmento C es m\u00e1s accesible que un h\u00edbrido del segmento B.<\/strong><\/li>\n<\/ul>\n\n\n\n<ul>\n<li><strong>El MG4 es el autom\u00f3vil con el menos coste total de propiedad (precio, m\u00e1s energ\u00eda, mantenimiento, seguros e impuestos) del segmento C.<\/strong><\/li>\n<\/ul>\n\n\n\n<p>Madrid, 12 de FEBRERO, 2024 \u2013 MG da otro paso m\u00e1s en su firme prop\u00f3sito de acercar la movilidad el\u00e9ctrica y premium a todos los hogares espa\u00f1oles, con una campa\u00f1a de descuentos que hacen a\u00fan m\u00e1s accesibles los modelos el\u00e9ctricos de su gama. Fiel a su lema \u201cElectric for everyone\u201d, los 2.000 euros adicionales de descuentos con motivo del 100 aniversario de la marca, colocan a los MG4, ZS EV, MG5 y MARVEL R en una posici\u00f3n envidiable en sus respectivos segmentos. El MG HS de gasolina tambi\u00e9n recibe 1.000 euros adicionales para celebrar el centenario de MG, que fue fundada en 1924 y, cien a\u00f1os despu\u00e9s, est\u00e1 viviendo el mejor momento de su historia.&nbsp;<\/p>\n\n\n\n<figure class=\"wp-block-table\"><table><tbody><tr><td><strong>Modelo<\/strong><\/td><td><strong>PVP sin descuentos<\/strong><\/td><td><strong>PVP con descuentos<\/strong><\/td><td><strong>Descuento&nbsp; %<\/strong><\/td><\/tr><tr><td><strong>MG4 Electric<\/strong><\/td><td>30.690 \u20ac<\/td><td>16.480 \u20ac<\/td><td>-46%<\/td><\/tr><tr><td><strong>ZS EV<\/strong><\/td><td>33.690 \u20ac<\/td><td>20.480 \u20ac<\/td><td>-39%<\/td><\/tr><tr><td><strong>HS Gasolina<\/strong><\/td><td>27.440 \u20ac<\/td><td>22.440 \u20ac<\/td><td>-18%<\/td><\/tr><tr><td><strong>MG5 Electric<\/strong><\/td><td>35.490 \u20ac<\/td><td>23.280 \u20ac<\/td><td>-34%<\/td><\/tr><tr><td><strong>Marvel R Electric<\/strong><\/td><td>43.190 \u20ac<\/td><td>30.980 \u20ac<\/td><td>-28%<\/td><\/tr><\/tbody><\/table><\/figure>\n\n\n\n<p><strong>MG4: \u00bfalguien da m\u00e1s?<\/strong><\/p>\n\n\n\n<p>El MG4 se ha convertido, por derecho propio, en el protagonista del p\u00fablico de la movilidad el\u00e9ctrica en Espa\u00f1a. En 2023 fue el modelo el\u00e9ctrico generalista m\u00e1s vendido del pa\u00eds y logr\u00f3 m\u00e1s del 20% de cuota de mercado entre los particulares. Con un atractivo dise\u00f1o, un precio rompedor, una conducci\u00f3n emocionante, y elevadas dosis de tecnolog\u00eda, equipamiento y seguridad (cinco estrellas EuroNCAP), ning\u00fan modelo el\u00e9ctrico ofrece m\u00e1s.<\/p>\n\n\n\n<p>El MG4 permite disfrutar de la movilidad el\u00e9ctrica gracias una autonom\u00eda (hasta 520 kil\u00f3metros en ciclo combinado y 711 km en ciclo urbano) y potencia de carga (hasta 144 kW, que permiten recargar del 10 al 80% de la bater\u00eda en 26 minutos), l\u00edderes en su categor\u00eda.<\/p>\n\n\n\n<p>Adem\u00e1s, la gama MG4 ofrece una amplia variedad de opciones para adaptarse a las necesidades de los conductores, con versiones Standard, Confort, Luxury, Extended Range y XPOWER, que ofrecen tres capacidades de bater\u00eda (51, 64, 77 y kWh) y&nbsp; tracci\u00f3n 4&#215;2 y 4X4.<\/p>\n\n\n\n<p><strong>MG, la primera marca con el\u00e9ctricos para todos los p\u00fablicos<\/strong><\/p>\n\n\n\n<p>MG est\u00e1 liderando el proceso de electrificaci\u00f3n de la industria del autom\u00f3vil, al ser la primera marca que ha conseguido ofrecer autom\u00f3viles el\u00e9ctricos de la m\u00e1xima calidad al mismo precio que sus equivalentes h\u00edbridos o de combusti\u00f3n. MG poner al alcance de los consumidores modelos con un elevado nivel de prestaciones, autonom\u00eda y velocidad de carga, un completo equipamiento tecnol\u00f3gico de serie y las m\u00e1ximas puntuaciones en seguridad, por unas tarifas nunca antes vistas.<\/p>\n\n\n\n<p>Estos precios, unidos al bajo coste de uso de un coche el\u00e9ctrico -por el inferior coste de la electricidad respecto al combustible, y su menor mantenimiento e impuestos- convierten a los autom\u00f3viles el\u00e9ctricos de MG en los modelos con el coste total de propiedad m\u00e1s bajo del mercado en sus respectivos segmentos.<\/p>\n\n\n\n<p>MG es una impulsora real de la movilidad sostenible a trav\u00e9s de la electrificaci\u00f3n, pues ha conseguido eliminar las principales barreras que alejaban a los coches el\u00e9ctricos del p\u00fablico: el precio, la autonom\u00eda y la velocidad de recarga. Adem\u00e1s, se pone del lado de los clientes que dan el salto a la electrificaci\u00f3n y les apoya con medidas efectivas, como anticiparles el total de los descuentos del Plan Moves III (para que no sufrieran el gran retraso del pago de esas ayudas); ofrecerles, sin coste, un seguro a todo riesgo; y darles seguridad con una amplia y profesional red de servicio en Espa\u00f1a, con cerca de 100 puntos integrales que cubren todo el territorio nacional.<\/p>\n\n\n\n<p><strong>Sobre MG<\/strong><\/p>\n\n\n\n<p>Fundada en 1924, MG Motor Europe cuenta con un legado de casi un siglo. Nuestras ra\u00edces est\u00e1n profundamente ancladas en nuestra primera aventura, el MG 14\/28 Super Sports, una obra maestra creada por el ic\u00f3nico Cecil Kimber. Impregnados de innovaci\u00f3n e impulsados por un compromiso con el futuro, nuestro enfoque se ha electrificado hacia una movilidad sostenible y accesible para todos.<\/p>\n\n\n\n<p>Hoy, nuestros valores se reflejan en el MG4 EV, un premiado utilitario que subraya nuestro compromiso de ofrecer veh\u00edculos el\u00e9ctricos con visi\u00f3n de futuro, tecnol\u00f3gicamente avanzados y emocionantes.<\/p>\n\n\n\n<p>El objetivo de MG Motor es simple, pero profundo: democratizar la movilidad. Nuestra variada gama, que incluye veh\u00edculos de gasolina, el\u00e9ctricos e h\u00edbridos, ofrece vers\u00e1tiles utilitarios, funcionales familiares y espaciosos SUV, todos ellos rebosantes de tecnolog\u00eda punta. Cada veh\u00edculo MG es un testimonio de dise\u00f1o de primera clase y est\u00e1 reforzado por nuestra generosa garant\u00eda de fabricante de 7 a\u00f1os\/150.000 kil\u00f3metros.<\/p>\n\n\n\n<p>Descubra m\u00e1s sobre MG Motor Europe, nuestra gama y nuestra amplia red de concesionarios, visitando <a href=\"https:\/\/www.mgmotor.eu\/\">nuestro sitio web<\/a>.<\/p>\n","protected":false},"excerpt":{"rendered":"<p>Madrid, 12 de FEBRERO, 2024 \u2013 MG da otro paso m\u00e1s en su firme prop\u00f3sito de acercar la movilidad el\u00e9ctrica [&hellip;]<\/p>\n","protected":false},"featured_media":3551814,"template":"","categories":[337],"tags":[],"acf":[],"yoast_head":"<!-- This site is optimized with the Yoast SEO plugin v19.8 - https:\/\/yoast.com\/wordpress\/plugins\/seo\/ -->\n<title>Megaofensiva de descuentos de MG por su 100 aniversario - MG Motor Europe<\/title>\n<meta name=\"description\" content=\"MG lanza una nueva campa\u00f1a de descuentos adicionales de 2.000 \u20ac en toda su gama el\u00e9ctrica por el 100 aniversario de la marca.\" \/>\n<meta name=\"robots\" content=\"index, follow, max-snippet:-1, max-image-preview:large, max-video-preview:-1\" \/>\n<link rel=\"canonical\" href=\"https:\/\/news.mgmotor.eu\/es\/press\/descuentos-mg-100-aniversario\/\" \/>\n<meta property=\"og:locale\" content=\"es_ES\" \/>\n<meta property=\"og:type\" content=\"article\" \/>\n<meta property=\"og:title\" content=\"Megaofensiva de descuentos de MG por su 100 aniversario - MG Motor Europe\" \/>\n<meta property=\"og:description\" content=\"MG lanza una nueva campa\u00f1a de descuentos adicionales de 2.000 \u20ac en toda su gama el\u00e9ctrica por el 100 aniversario de la marca.\" \/>\n<meta property=\"og:url\" content=\"https:\/\/news.mgmotor.eu\/es\/press\/descuentos-mg-100-aniversario\/\" \/>\n<meta property=\"og:site_name\" content=\"MG Motor Europe\" \/>\n<meta property=\"article:modified_time\" content=\"2024-03-18T12:33:04+00:00\" \/>\n<meta property=\"og:image\" content=\"https:\/\/news.mgmotor.eu\/wp-content\/uploads\/2023\/07\/2022-09-13_mg-motor___mg4-launch-europe_0002-copia.jpg\" \/>\n\t<meta property=\"og:image:width\" content=\"2048\" \/>\n\t<meta property=\"og:image:height\" content=\"1152\" \/>\n\t<meta property=\"og:image:type\" content=\"image\/jpeg\" \/>\n<meta name=\"twitter:card\" content=\"summary_large_image\" \/>\n<meta name=\"twitter:label1\" content=\"Tiempo de lectura\" \/>\n\t<meta name=\"twitter:data1\" content=\"4 minutos\" \/>\n<script type=\"application\/ld+json\" class=\"yoast-schema-graph\">{\"@context\":\"https:\/\/schema.org\",\"@graph\":[{\"@type\":\"WebPage\",\"@id\":\"https:\/\/news.mgmotor.eu\/es\/press\/descuentos-mg-100-aniversario\/\",\"url\":\"https:\/\/news.mgmotor.eu\/es\/press\/descuentos-mg-100-aniversario\/\",\"name\":\"Megaofensiva de descuentos de MG por su 100 aniversario - MG Motor Europe\",\"isPartOf\":{\"@id\":\"https:\/\/news.mgmotor.eu\/#website\"},\"datePublished\":\"2024-02-13T15:16:35+00:00\",\"dateModified\":\"2024-03-18T12:33:04+00:00\",\"description\":\"MG lanza una nueva campa\u00f1a de descuentos adicionales de 2.000 \u20ac en toda su gama el\u00e9ctrica por el 100 aniversario de la marca.\",\"breadcrumb\":{\"@id\":\"https:\/\/news.mgmotor.eu\/es\/press\/descuentos-mg-100-aniversario\/#breadcrumb\"},\"inLanguage\":\"es\",\"potentialAction\":[{\"@type\":\"ReadAction\",\"target\":[\"https:\/\/news.mgmotor.eu\/es\/press\/descuentos-mg-100-aniversario\/\"]}]},{\"@type\":\"BreadcrumbList\",\"@id\":\"https:\/\/news.mgmotor.eu\/es\/press\/descuentos-mg-100-aniversario\/#breadcrumb\",\"itemListElement\":[{\"@type\":\"ListItem\",\"position\":1,\"name\":\"Home\",\"item\":\"https:\/\/news.mgmotor.eu\/es\/\"},{\"@type\":\"ListItem\",\"position\":2,\"name\":\"Press Releases\",\"item\":\"https:\/\/news.mgmotor.eu\/es\/press\/\"},{\"@type\":\"ListItem\",\"position\":3,\"name\":\"Megaofensiva de descuentos de MG por su 100 aniversario\"}]},{\"@type\":\"WebSite\",\"@id\":\"https:\/\/news.mgmotor.eu\/#website\",\"url\":\"https:\/\/news.mgmotor.eu\/\",\"name\":\"MG Motor Europe\",\"description\":\"\",\"potentialAction\":[{\"@type\":\"SearchAction\",\"target\":{\"@type\":\"EntryPoint\",\"urlTemplate\":\"https:\/\/news.mgmotor.eu\/?s={search_term_string}\"},\"query-input\":\"required name=search_term_string\"}],\"inLanguage\":\"es\"}]}<\/script>\n<!-- \/ Yoast SEO plugin. -->","yoast_head_json":{"title":"Megaofensiva de descuentos de MG por su 100 aniversario - MG Motor Europe","description":"MG lanza una nueva campa\u00f1a de descuentos adicionales de 2.000 \u20ac en toda su gama el\u00e9ctrica por el 100 aniversario de la marca.","robots":{"index":"index","follow":"follow","max-snippet":"max-snippet:-1","max-image-preview":"max-image-preview:large","max-video-preview":"max-video-preview:-1"},"canonical":"https:\/\/news.mgmotor.eu\/es\/press\/descuentos-mg-100-aniversario\/","og_locale":"es_ES","og_type":"article","og_title":"Megaofensiva de descuentos de MG por su 100 aniversario - MG Motor Europe","og_description":"MG lanza una nueva campa\u00f1a de descuentos adicionales de 2.000 \u20ac en toda su gama el\u00e9ctrica por el 100 aniversario de la marca.","og_url":"https:\/\/news.mgmotor.eu\/es\/press\/descuentos-mg-100-aniversario\/","og_site_name":"MG Motor Europe","article_modified_time":"2024-03-18T12:33:04+00:00","og_image":[{"width":2048,"height":1152,"url":"https:\/\/news.mgmotor.eu\/wp-content\/uploads\/2023\/07\/2022-09-13_mg-motor___mg4-launch-europe_0002-copia.jpg","type":"image\/jpeg"}],"twitter_card":"summary_large_image","twitter_misc":{"Tiempo de lectura":"4 minutos"},"schema":{"@context":"https:\/\/schema.org","@graph":[{"@type":"WebPage","@id":"https:\/\/news.mgmotor.eu\/es\/press\/descuentos-mg-100-aniversario\/","url":"https:\/\/news.mgmotor.eu\/es\/press\/descuentos-mg-100-aniversario\/","name":"Megaofensiva de descuentos de MG por su 100 aniversario - MG Motor Europe","isPartOf":{"@id":"https:\/\/news.mgmotor.eu\/#website"},"datePublished":"2024-02-13T15:16:35+00:00","dateModified":"2024-03-18T12:33:04+00:00","description":"MG lanza una nueva campa\u00f1a de descuentos adicionales de 2.000 \u20ac en toda su gama el\u00e9ctrica por el 100 aniversario de la marca.","breadcrumb":{"@id":"https:\/\/news.mgmotor.eu\/es\/press\/descuentos-mg-100-aniversario\/#breadcrumb"},"inLanguage":"es","potentialAction":[{"@type":"ReadAction","target":["https:\/\/news.mgmotor.eu\/es\/press\/descuentos-mg-100-aniversario\/"]}]},{"@type":"BreadcrumbList","@id":"https:\/\/news.mgmotor.eu\/es\/press\/descuentos-mg-100-aniversario\/#breadcrumb","itemListElement":[{"@type":"ListItem","position":1,"name":"Home","item":"https:\/\/news.mgmotor.eu\/es\/"},{"@type":"ListItem","position":2,"name":"Press Releases","item":"https:\/\/news.mgmotor.eu\/es\/press\/"},{"@type":"ListItem","position":3,"name":"Megaofensiva de descuentos de MG por su 100 aniversario"}]},{"@type":"WebSite","@id":"https:\/\/news.mgmotor.eu\/#website","url":"https:\/\/news.mgmotor.eu\/","name":"MG Motor Europe","description":"","potentialAction":[{"@type":"SearchAction","target":{"@type":"EntryPoint","urlTemplate":"https:\/\/news.mgmotor.eu\/?s={search_term_string}"},"query-input":"required name=search_term_string"}],"inLanguage":"es"}]}},"_links":{"self":[{"href":"https:\/\/news.mgmotor.eu\/es\/wp-json\/wp\/v2\/press\/3561165"}],"collection":[{"href":"https:\/\/news.mgmotor.eu\/es\/wp-json\/wp\/v2\/press"}],"about":[{"href":"https:\/\/news.mgmotor.eu\/es\/wp-json\/wp\/v2\/types\/press"}],"wp:featuredmedia":[{"embeddable":true,"href":"https:\/\/news.mgmotor.eu\/es\/wp-json\/wp\/v2\/media\/3551814"}],"wp:attachment":[{"href":"https:\/\/news.mgmotor.eu\/es\/wp-json\/wp\/v2\/media?parent=3561165"}],"wp:term":[{"taxonomy":"category","embeddable":true,"href":"https:\/\/news.mgmotor.eu\/es\/wp-json\/wp\/v2\/categories?post=3561165"},{"taxonomy":"post_tag","embeddable":true,"href":"https:\/\/news.mgmotor.eu\/es\/wp-json\/wp\/v2\/tags?post=3561165"}],"curies":[{"name":"wp","href":"https:\/\/api.w.org\/{rel}","templated":true}]}}