{"id":3541217,"date":"2023-03-02T16:50:18","date_gmt":"2023-03-02T15:50:18","guid":{"rendered":"https:\/\/news.mgmotor.eu\/?post_type=press&#038;p=3541217"},"modified":"2024-03-18T13:46:50","modified_gmt":"2024-03-18T12:46:50","slug":"mg-lidera-mercado-electrico-generalista-en-espana","status":"publish","type":"press","link":"https:\/\/news.mgmotor.eu\/es\/press\/mg-lidera-mercado-electrico-generalista-en-espana\/","title":{"rendered":"MG lidera en febrero el mercado el\u00e9ctrico generalista en Espa\u00f1a"},"content":{"rendered":"\n<ul>\n<li><strong>El MG4 es el coche el\u00e9ctrico m\u00e1s vendido a los particulares en Espa\u00f1a en febrero, dentro de las marcas generalistas.<\/strong><\/li>\n<\/ul>\n\n\n\n<ul>\n<li><strong>Tres de cada diez personas que adquirieron en febrero un veh\u00edculo el\u00e9ctrico de una marca generalista en Espa\u00f1a eligieron un modelo de MG, un resultado que dobla al de su m\u00e1s inmediato competidor.&nbsp;<\/strong><\/li>\n<\/ul>\n\n\n\n<ul>\n<li><strong>Solo hay dos marcas que vendan m\u00e1s de 200 coches el\u00e9ctricos al mes en nuestro pa\u00eds a clientes particulares, y MG es una de ellas. &nbsp;<\/strong><\/li>\n<\/ul>\n\n\n\n<p><strong>Madrid, 1 de marzo, 2023 \u2013 En solo 24 meses desde su reintroducci\u00f3n al mercado espa\u00f1ol, MG ya lidera el mercado el\u00e9ctrico de clientes particulares en Espa\u00f1a, dentro de las marcas generalistas. MG arranc\u00f3 el a\u00f1o 2023 sumando 186 unidades el\u00e9ctricas vendidas en el canal particular y un 14% de cuota de mercado. En febrero ha superado esos resultados, con 279 coches vendidos y un 29,4% de cuota del mercado de el\u00e9ctricos de marcas generalistas para particulares. Tres de cada diez personas que adquirieron un veh\u00edculo el\u00e9ctrico de una marca generalista en el mes de febrero eligieron un modelo de MG.<\/strong><\/p>\n\n\n\n<p><strong>MG4 y el esp\u00edritu \u2018Electric for everyone\u2019<\/strong><\/p>\n\n\n\n<p>El MG4 es el gran protagonista de este \u00e9xito, con 235 unidades vendidas a particulares en febrero. Este autom\u00f3vil est\u00e1 rompiendo todos los r\u00e9cords y se ha convertido en el primer el\u00e9ctrico premium accesible para todos. MG se ha propuesto democratizar la movilidad el\u00e9ctrica y el MG4 es el mejor ejemplo de ello, con un precio de partida que arranca en 20.500 euros* y un dise\u00f1o, calidad, equipamiento, seguridad avanzada y conectividad de segmentos superiores.<\/p>\n\n\n\n<p>El MG4 destaca por su moderno dise\u00f1o y conserva la filosof\u00eda hist\u00f3rica de MG de dise\u00f1ar coches innovadores para clientes con un esp\u00edritu joven. Con un car\u00e1cter deportico, dispone de propulsi\u00f3n trasera, una respuesta r\u00e1pida al pedal del acelerador, un tacto preciso del tren delantero, un reparto de pesos muy equilibrado y un bajo centro de gravedad, por la ubicaci\u00f3n de su sistema de bater\u00edas en el centro de la plataforma MSP.<\/p>\n\n\n\n<p>Toda la gama MG4 ha obtenido la m\u00e1xima puntuaci\u00f3n de cinco estrellas en las pruebas de seguridad de Euro NCAP y equipa el completo paquete de sistemas de asistencia a la conducci\u00f3n MG Pilot. Adem\u00e1s, es un modelo que transmite calidad en todos los sentidos, desde su elaborado dise\u00f1o e ingenier\u00eda, a la precisi\u00f3n de su fabricaci\u00f3n y la calidad de todos los materiales y componentes empleados.<\/p>\n\n\n\n<p><strong>La imparable trayectoria de MG<\/strong><\/p>\n\n\n\n<p>Adem\u00e1s de ofrecer una completa gama de coches el\u00e9ctricos (MG4, MG5, ZS EV y Marvel R) con una relaci\u00f3n calidad-precio-equipamiento inigualable, MG est\u00e1 trabajando para que la movilidad el\u00e9ctrica no sea un lujo. MG fue la primera marca que marca de automoci\u00f3n en nuestro pa\u00eds que anticip\u00f3 el total de los descuentos del Plan Moves III para toda su gama de modelos, adelantando estas ayudas, de hasta 7.000 euros, a todos sus clientes que financien la compra del veh\u00edculo. Tambi\u00e9n es la primera marca en Espa\u00f1a que ofrece un seguro a todo riesgo en toda su gama de modelos, sin coste**.<\/p>\n\n\n\n<p>Gracias a ello, MG sigue batiendo r\u00e9cords en Espa\u00f1a y construyendo una historia de \u00e9xito in\u00e9dita en nuestro mercado. Los m\u00e1s de 8.000 coches de la marca circulando por las carreteras espa\u00f1olas, demuestran el \u00e9xito de una propuesta (\u2018Electric for everyone\u2019 y \u2018Premium for everyone\u2019) que ha calado profundamente en el p\u00fablico espa\u00f1ol. Los aspectos m\u00e1s valorados por sus clientes son el atractivo de la marca, su red comercial y la moderna gama de productos, dentro de la cual incluye cinco modelos electrificados.<\/p>\n\n\n\n<p>*Incluye Plan Moves 3 con achatarramiento<\/p>\n\n\n\n<p>** Asociado a un programa de financiaci\u00f3n. P\u00f3liza con franquicia de 300 euros.<\/p>\n\n\n\n<p><strong>Sobre MG<\/strong><\/p>\n\n\n\n<p>\u201cLa trayectoria de MG est\u00e1 hecha de creatividad y saber hacer; de tradici\u00f3n y tecnolog\u00eda de vanguardia; de obsesi\u00f3n por la innovaci\u00f3n y pasi\u00f3n por el autom\u00f3vil. Por eso la nuestra es una historia de casi 100 a\u00f1os creando \u00e9xitos: coches ic\u00f3nicos, deportivos, emocionantes, divertidos de conducir y con una excelente relaci\u00f3n calidad precio para hacer accesible el placer de conducirlos.&nbsp; Hoy nos reinventamos de nuevo, conservando nuestra personalidad y car\u00e1cter de siempre. Nuestro coraz\u00f3n se vuelve el\u00e9ctrico para acercar la nueva movilidad a todos los p\u00fablicos: el\u00e9ctrica, sostenible, segura\u201d, asegura Pedro Garc\u00eda, Vicepresidente de MG para Espa\u00f1a y Portugal.&nbsp;<\/p>\n\n\n\n<p>Con una historia que se remonta a 1924, MG es una marca brit\u00e1nica ic\u00f3nica, famosa por fabricar coches deportivos, emocionantes, divertidos de conducir y con una buena relaci\u00f3n calidad-precio. Desde el original MG 14\/28 Super Sports, dise\u00f1ado por el legendario Cecil Kimber, hasta el MG ZS EV totalmente el\u00e9ctrico de hoy en d\u00eda, MG siempre ha sido innovadora.<\/p>\n\n\n\n<p>MG es una marca moderna, inteligente y electrificada, que tiene el objetivo de convertirse en la nueva referencia de la movilidad el\u00e9ctrica y de hacerla accesible para todos los p\u00fablicos. Dise\u00f1ados en el estudio de dise\u00f1o avanzado de Marylebone, Londres, y fabricados en plantas de \u00faltima generaci\u00f3n, los MG actuales son pr\u00e1cticos y seguros, y vienen repletos de tecnolog\u00eda y preparados para la vida moderna.<\/p>\n","protected":false},"excerpt":{"rendered":"<p>Madrid, 1 de marzo, 2023 \u2013 En solo 24 meses desde su reintroducci\u00f3n al mercado espa\u00f1ol, MG ya lidera el [&hellip;]<\/p>\n","protected":false},"featured_media":3541240,"template":"","categories":[337],"tags":[],"acf":[],"yoast_head":"<!-- This site is optimized with the Yoast SEO plugin v19.8 - https:\/\/yoast.com\/wordpress\/plugins\/seo\/ -->\n<title>MG lidera en febrero el mercado el\u00e9ctrico generalista en Espa\u00f1a - MG Motor Europe<\/title>\n<meta name=\"robots\" content=\"index, follow, max-snippet:-1, max-image-preview:large, max-video-preview:-1\" \/>\n<link rel=\"canonical\" href=\"https:\/\/news.mgmotor.eu\/es\/press\/mg-lidera-mercado-electrico-generalista-en-espana\/\" \/>\n<meta property=\"og:locale\" content=\"es_ES\" \/>\n<meta property=\"og:type\" content=\"article\" \/>\n<meta property=\"og:title\" content=\"MG lidera en febrero el mercado el\u00e9ctrico generalista en Espa\u00f1a - MG Motor Europe\" \/>\n<meta property=\"og:description\" content=\"Madrid, 1 de marzo, 2023 \u2013 En solo 24 meses desde su reintroducci\u00f3n al mercado espa\u00f1ol, MG ya lidera el [&hellip;]\" \/>\n<meta property=\"og:url\" content=\"https:\/\/news.mgmotor.eu\/es\/press\/mg-lidera-mercado-electrico-generalista-en-espana\/\" \/>\n<meta property=\"og:site_name\" content=\"MG Motor Europe\" \/>\n<meta property=\"article:modified_time\" content=\"2024-03-18T12:46:50+00:00\" \/>\n<meta property=\"og:image\" content=\"https:\/\/news.mgmotor.eu\/wp-content\/uploads\/2023\/03\/MG.005_1.OUTDOOR-PR-FINAL-1.jpg\" \/>\n\t<meta property=\"og:image:width\" content=\"1707\" \/>\n\t<meta property=\"og:image:height\" content=\"1280\" \/>\n\t<meta property=\"og:image:type\" content=\"image\/jpeg\" \/>\n<meta name=\"twitter:card\" content=\"summary_large_image\" \/>\n<meta name=\"twitter:label1\" content=\"Tiempo de lectura\" \/>\n\t<meta name=\"twitter:data1\" content=\"4 minutos\" \/>\n<script type=\"application\/ld+json\" class=\"yoast-schema-graph\">{\"@context\":\"https:\/\/schema.org\",\"@graph\":[{\"@type\":\"WebPage\",\"@id\":\"https:\/\/news.mgmotor.eu\/es\/press\/mg-lidera-mercado-electrico-generalista-en-espana\/\",\"url\":\"https:\/\/news.mgmotor.eu\/es\/press\/mg-lidera-mercado-electrico-generalista-en-espana\/\",\"name\":\"MG lidera en febrero el mercado el\u00e9ctrico generalista en Espa\u00f1a - MG Motor Europe\",\"isPartOf\":{\"@id\":\"https:\/\/news.mgmotor.eu\/#website\"},\"datePublished\":\"2023-03-02T15:50:18+00:00\",\"dateModified\":\"2024-03-18T12:46:50+00:00\",\"breadcrumb\":{\"@id\":\"https:\/\/news.mgmotor.eu\/es\/press\/mg-lidera-mercado-electrico-generalista-en-espana\/#breadcrumb\"},\"inLanguage\":\"es\",\"potentialAction\":[{\"@type\":\"ReadAction\",\"target\":[\"https:\/\/news.mgmotor.eu\/es\/press\/mg-lidera-mercado-electrico-generalista-en-espana\/\"]}]},{\"@type\":\"BreadcrumbList\",\"@id\":\"https:\/\/news.mgmotor.eu\/es\/press\/mg-lidera-mercado-electrico-generalista-en-espana\/#breadcrumb\",\"itemListElement\":[{\"@type\":\"ListItem\",\"position\":1,\"name\":\"Home\",\"item\":\"https:\/\/news.mgmotor.eu\/es\/\"},{\"@type\":\"ListItem\",\"position\":2,\"name\":\"Press Releases\",\"item\":\"https:\/\/news.mgmotor.eu\/es\/press\/\"},{\"@type\":\"ListItem\",\"position\":3,\"name\":\"MG lidera en febrero el mercado el\u00e9ctrico generalista en Espa\u00f1a\"}]},{\"@type\":\"WebSite\",\"@id\":\"https:\/\/news.mgmotor.eu\/#website\",\"url\":\"https:\/\/news.mgmotor.eu\/\",\"name\":\"MG Motor Europe\",\"description\":\"\",\"potentialAction\":[{\"@type\":\"SearchAction\",\"target\":{\"@type\":\"EntryPoint\",\"urlTemplate\":\"https:\/\/news.mgmotor.eu\/?s={search_term_string}\"},\"query-input\":\"required name=search_term_string\"}],\"inLanguage\":\"es\"}]}<\/script>\n<!-- \/ Yoast SEO plugin. -->","yoast_head_json":{"title":"MG lidera en febrero el mercado el\u00e9ctrico generalista en Espa\u00f1a - MG Motor Europe","robots":{"index":"index","follow":"follow","max-snippet":"max-snippet:-1","max-image-preview":"max-image-preview:large","max-video-preview":"max-video-preview:-1"},"canonical":"https:\/\/news.mgmotor.eu\/es\/press\/mg-lidera-mercado-electrico-generalista-en-espana\/","og_locale":"es_ES","og_type":"article","og_title":"MG lidera en febrero el mercado el\u00e9ctrico generalista en Espa\u00f1a - MG Motor Europe","og_description":"Madrid, 1 de marzo, 2023 \u2013 En solo 24 meses desde su reintroducci\u00f3n al mercado espa\u00f1ol, MG ya lidera el [&hellip;]","og_url":"https:\/\/news.mgmotor.eu\/es\/press\/mg-lidera-mercado-electrico-generalista-en-espana\/","og_site_name":"MG Motor Europe","article_modified_time":"2024-03-18T12:46:50+00:00","og_image":[{"width":1707,"height":1280,"url":"https:\/\/news.mgmotor.eu\/wp-content\/uploads\/2023\/03\/MG.005_1.OUTDOOR-PR-FINAL-1.jpg","type":"image\/jpeg"}],"twitter_card":"summary_large_image","twitter_misc":{"Tiempo de lectura":"4 minutos"},"schema":{"@context":"https:\/\/schema.org","@graph":[{"@type":"WebPage","@id":"https:\/\/news.mgmotor.eu\/es\/press\/mg-lidera-mercado-electrico-generalista-en-espana\/","url":"https:\/\/news.mgmotor.eu\/es\/press\/mg-lidera-mercado-electrico-generalista-en-espana\/","name":"MG lidera en febrero el mercado el\u00e9ctrico generalista en Espa\u00f1a - MG Motor Europe","isPartOf":{"@id":"https:\/\/news.mgmotor.eu\/#website"},"datePublished":"2023-03-02T15:50:18+00:00","dateModified":"2024-03-18T12:46:50+00:00","breadcrumb":{"@id":"https:\/\/news.mgmotor.eu\/es\/press\/mg-lidera-mercado-electrico-generalista-en-espana\/#breadcrumb"},"inLanguage":"es","potentialAction":[{"@type":"ReadAction","target":["https:\/\/news.mgmotor.eu\/es\/press\/mg-lidera-mercado-electrico-generalista-en-espana\/"]}]},{"@type":"BreadcrumbList","@id":"https:\/\/news.mgmotor.eu\/es\/press\/mg-lidera-mercado-electrico-generalista-en-espana\/#breadcrumb","itemListElement":[{"@type":"ListItem","position":1,"name":"Home","item":"https:\/\/news.mgmotor.eu\/es\/"},{"@type":"ListItem","position":2,"name":"Press Releases","item":"https:\/\/news.mgmotor.eu\/es\/press\/"},{"@type":"ListItem","position":3,"name":"MG lidera en febrero el mercado el\u00e9ctrico generalista en Espa\u00f1a"}]},{"@type":"WebSite","@id":"https:\/\/news.mgmotor.eu\/#website","url":"https:\/\/news.mgmotor.eu\/","name":"MG Motor Europe","description":"","potentialAction":[{"@type":"SearchAction","target":{"@type":"EntryPoint","urlTemplate":"https:\/\/news.mgmotor.eu\/?s={search_term_string}"},"query-input":"required name=search_term_string"}],"inLanguage":"es"}]}},"_links":{"self":[{"href":"https:\/\/news.mgmotor.eu\/es\/wp-json\/wp\/v2\/press\/3541217"}],"collection":[{"href":"https:\/\/news.mgmotor.eu\/es\/wp-json\/wp\/v2\/press"}],"about":[{"href":"https:\/\/news.mgmotor.eu\/es\/wp-json\/wp\/v2\/types\/press"}],"wp:featuredmedia":[{"embeddable":true,"href":"https:\/\/news.mgmotor.eu\/es\/wp-json\/wp\/v2\/media\/3541240"}],"wp:attachment":[{"href":"https:\/\/news.mgmotor.eu\/es\/wp-json\/wp\/v2\/media?parent=3541217"}],"wp:term":[{"taxonomy":"category","embeddable":true,"href":"https:\/\/news.mgmotor.eu\/es\/wp-json\/wp\/v2\/categories?post=3541217"},{"taxonomy":"post_tag","embeddable":true,"href":"https:\/\/news.mgmotor.eu\/es\/wp-json\/wp\/v2\/tags?post=3541217"}],"curies":[{"name":"wp","href":"https:\/\/api.w.org\/{rel}","templated":true}]}}