{"id":5523,"date":"2021-03-18T08:30:00","date_gmt":"2021-03-18T07:30:00","guid":{"rendered":"https:\/\/news.mgmotor.eu\/mg-enters-14th-european-market\/"},"modified":"2021-06-21T09:56:11","modified_gmt":"2021-06-21T07:56:11","slug":"mg-entre-sur-son-14eme-marche-en-europe","status":"publish","type":"post","link":"https:\/\/news.mgmotor.eu\/be-fr\/mg-entre-sur-son-14eme-marche-en-europe\/","title":{"rendered":"MG entre sur son 14\u00e8me march\u00e9 en Europe"},"content":{"rendered":"\n<p>Le constructeur automobile chinois SAIC Motor a relanc\u00e9 la marque britannique embl\u00e9matique MG avec une mission claire. Rendre la mobilit\u00e9 \u00e9lectrique accessible aux conducteurs qui sont jeunes de c\u0153ur et pr\u00eats \u00e0 adopter un nouveau style de vie \u00e9lectrique. L&#8217;objectif principal est de proposer des voitures intelligentes, pratiques, s\u00fbres et technologiquement avanc\u00e9es.&nbsp;<\/p>\n\n\n\n<p>MG Motor Europe a d\u00e9marr\u00e9 ses op\u00e9rations de vente fin 2019 et n&#8217;a cess\u00e9 depuis de monter en puissance en Europe.&nbsp;La marque est &#8211; outre le Royaume-Uni &#8211; d\u00e9j\u00e0 pr\u00e9sente aux Pays-Bas, en Belgique, au Luxembourg, en Norv\u00e8ge, au Danemark, en Islande, en Irlande, en France, en Allemagne, en Autriche, en Italie, en Espagne et au Portugal. \u00c0 partir d&#8217;avril prochain, les nouvelles MG seront \u00e9galement en vente en Su\u00e8de, le 14e march\u00e9 d&#8217;Europe continentale.<\/p>\n\n\n\n<p>Le nouveau distributeur su\u00e9dois de MG, Hedin Group AB, pr\u00e9voit de livrer les premiers mod\u00e8les de MG aux clients \u00e0 partir du mois de mai. Le si\u00e8ge social et le centre logistique seront situ\u00e9s \u00e0 G\u00f6teborg. Ici, le travail a d\u00e9j\u00e0 commenc\u00e9 pour mettre en place une organisation de vente d\u00e9di\u00e9e. Parall\u00e8lement, un r\u00e9seau national de distribution de la marque MG et de service apr\u00e8s-vente est en train d&#8217;\u00eatre mis en place.<\/p>\n\n\n\n<figure class=\"is-layout-flex wp-block-gallery-1 wp-block-gallery columns-3 is-cropped\"><ul class=\"blocks-gallery-grid\"><li class=\"blocks-gallery-item\"><figure><img decoding=\"async\" loading=\"lazy\" width=\"1040\" height=\"585\" src=\"https:\/\/development.news.larva.cloud\/\/wp-content\/uploads\/2021\/03\/2021-MG-Marvel-R-Electric-front-1040x585.jpg\" alt=\"\" data-id=\"1485\" data-full-url=\"https:\/\/development.news.larva.cloud\/\/wp-content\/uploads\/2021\/03\/2021-MG-Marvel-R-Electric-front.jpg\" data-link=\"https:\/\/development.news.larva.cloud\/\/?attachment_id=1485\" class=\"wp-image-1485\" srcset=\"https:\/\/news.mgmotor.eu\/wp-content\/uploads\/2021\/03\/2021-MG-Marvel-R-Electric-front-1040x585.jpg 1040w, https:\/\/news.mgmotor.eu\/wp-content\/uploads\/2021\/03\/2021-MG-Marvel-R-Electric-front-800x450.jpg 800w, https:\/\/news.mgmotor.eu\/wp-content\/uploads\/2021\/03\/2021-MG-Marvel-R-Electric-front-240x135.jpg 240w, https:\/\/news.mgmotor.eu\/wp-content\/uploads\/2021\/03\/2021-MG-Marvel-R-Electric-front-624x351.jpg 624w, https:\/\/news.mgmotor.eu\/wp-content\/uploads\/2021\/03\/2021-MG-Marvel-R-Electric-front-464x261.jpg 464w, https:\/\/news.mgmotor.eu\/wp-content\/uploads\/2021\/03\/2021-MG-Marvel-R-Electric-front-1600x900.jpg 1600w\" sizes=\"(max-width: 1040px) 100vw, 1040px\" \/><\/figure><\/li><li class=\"blocks-gallery-item\"><figure><img decoding=\"async\" loading=\"lazy\" width=\"1040\" height=\"585\" src=\"https:\/\/development.news.larva.cloud\/\/wp-content\/uploads\/2021\/03\/Marvel-R_EU_LUX_Interior_Front-1040x585.jpg\" alt=\"\" data-id=\"1416\" data-full-url=\"https:\/\/development.news.larva.cloud\/\/wp-content\/uploads\/2021\/03\/Marvel-R_EU_LUX_Interior_Front.jpg\" data-link=\"https:\/\/development.news.larva.cloud\/\/marvel-r_eu_lux_interior_front\/\" class=\"wp-image-1416\" srcset=\"https:\/\/news.mgmotor.eu\/wp-content\/uploads\/2021\/03\/Marvel-R_EU_LUX_Interior_Front-1040x585.jpg 1040w, https:\/\/news.mgmotor.eu\/wp-content\/uploads\/2021\/03\/Marvel-R_EU_LUX_Interior_Front-800x450.jpg 800w, https:\/\/news.mgmotor.eu\/wp-content\/uploads\/2021\/03\/Marvel-R_EU_LUX_Interior_Front-240x135.jpg 240w, https:\/\/news.mgmotor.eu\/wp-content\/uploads\/2021\/03\/Marvel-R_EU_LUX_Interior_Front-624x351.jpg 624w, https:\/\/news.mgmotor.eu\/wp-content\/uploads\/2021\/03\/Marvel-R_EU_LUX_Interior_Front-464x261.jpg 464w, https:\/\/news.mgmotor.eu\/wp-content\/uploads\/2021\/03\/Marvel-R_EU_LUX_Interior_Front-1600x900.jpg 1600w\" sizes=\"(max-width: 1040px) 100vw, 1040px\" \/><\/figure><\/li><li class=\"blocks-gallery-item\"><figure><img decoding=\"async\" loading=\"lazy\" width=\"1040\" height=\"585\" src=\"https:\/\/development.news.larva.cloud\/\/wp-content\/uploads\/2021\/03\/2021-MG-Marvel-R-Electric-rear-1040x585.jpg\" alt=\"\" data-id=\"1486\" data-full-url=\"https:\/\/development.news.larva.cloud\/\/wp-content\/uploads\/2021\/03\/2021-MG-Marvel-R-Electric-rear.jpg\" data-link=\"https:\/\/development.news.larva.cloud\/\/?attachment_id=1486\" class=\"wp-image-1486\" srcset=\"https:\/\/news.mgmotor.eu\/wp-content\/uploads\/2021\/03\/2021-MG-Marvel-R-Electric-rear-1040x585.jpg 1040w, https:\/\/news.mgmotor.eu\/wp-content\/uploads\/2021\/03\/2021-MG-Marvel-R-Electric-rear-800x450.jpg 800w, https:\/\/news.mgmotor.eu\/wp-content\/uploads\/2021\/03\/2021-MG-Marvel-R-Electric-rear-240x135.jpg 240w, https:\/\/news.mgmotor.eu\/wp-content\/uploads\/2021\/03\/2021-MG-Marvel-R-Electric-rear-624x351.jpg 624w, https:\/\/news.mgmotor.eu\/wp-content\/uploads\/2021\/03\/2021-MG-Marvel-R-Electric-rear-464x261.jpg 464w, https:\/\/news.mgmotor.eu\/wp-content\/uploads\/2021\/03\/2021-MG-Marvel-R-Electric-rear-1600x900.jpg 1600w\" sizes=\"(max-width: 1040px) 100vw, 1040px\" \/><\/figure><\/li><\/ul><\/figure>\n\n\n\n<h2><strong>Deux nouveaux mod\u00e8les<\/strong><\/h2>\n\n\n\n<p>Les distributeurs de la marque MG en Su\u00e8de, comme ailleurs en Europe, peuvent s&#8217;attendre \u00e0 une ann\u00e9e prometteuse. Ils proposeront la MG <a href=\"https:\/\/mgmotor.fr\/model\/zs-ev\">ZS EV<\/a> et la MG <a href=\"https:\/\/mgmotor.fr\/model\/ehs\">EHS Hybride Rechargeable<\/a> pour commencer. La nouvelle MG <a href=\"https:\/\/mgmotor.fr\/model\/marvel-r\">Marvel R Electrique<\/a> arrivera sur le march\u00e9 \u00e0 partir de mai. Il s&#8217;agit d&#8217;un SUV progressiste et high-tech, dot\u00e9 d&#8217;un puissant groupe motopropulseur \u00e9lectrique \u00e0 trois moteurs, d&#8217;une autonomie de plus de 400 km et d&#8217;un int\u00e9rieur spectaculaire avec un \u00e9cran tactile &#8220;flottant&#8221; de 19,4 pouces.<\/p>\n\n\n\n<p>La nouvelle MG5 Electrique, le premier break 100% \u00e9lectrique au monde, suivra en D\u00e9cembre. Cette voiture familiale pratique, s\u00fbre et spacieuse combine un volume de chargement maximal de plus de 1 400 et une autonomie de plus de 400 km.<\/p>\n\n\n\n<p>Parall\u00e8lement \u00e0 l&#8217;expansion du r\u00e9seau europ\u00e9en, MG travaille dur en coulisses pour \u00e9largir la gamme de produits avec des mod\u00e8les \u00e9lectriques attrayants qui r\u00e9pondent aux besoins des automobilistes europ\u00e9ens exigeants. MG annonce plus de d\u00e9tails sur les nouvelles MG Marvel R Electrique et MG5 Electrique \u00e0 l&#8217;approche du d\u00e9but des ventes.<\/p>\n\n\n\n<figure class=\"is-layout-flex wp-block-gallery-3 wp-block-gallery columns-2 is-cropped\"><ul class=\"blocks-gallery-grid\"><li class=\"blocks-gallery-item\"><figure><img decoding=\"async\" loading=\"lazy\" width=\"1040\" height=\"585\" src=\"https:\/\/development.news.larva.cloud\/\/wp-content\/uploads\/2021\/03\/MG5-Electric-front-1040x585.jpg\" alt=\"\" data-id=\"1492\" data-full-url=\"https:\/\/development.news.larva.cloud\/\/wp-content\/uploads\/2021\/03\/MG5-Electric-front.jpg\" data-link=\"https:\/\/development.news.larva.cloud\/\/emptyconcretefloorandgraywall-3drenderingofsea-5\/\" class=\"wp-image-1492\" srcset=\"https:\/\/news.mgmotor.eu\/wp-content\/uploads\/2021\/03\/MG5-Electric-front-1040x585.jpg 1040w, https:\/\/news.mgmotor.eu\/wp-content\/uploads\/2021\/03\/MG5-Electric-front-800x450.jpg 800w, https:\/\/news.mgmotor.eu\/wp-content\/uploads\/2021\/03\/MG5-Electric-front-240x135.jpg 240w, https:\/\/news.mgmotor.eu\/wp-content\/uploads\/2021\/03\/MG5-Electric-front-624x351.jpg 624w, https:\/\/news.mgmotor.eu\/wp-content\/uploads\/2021\/03\/MG5-Electric-front-464x261.jpg 464w, https:\/\/news.mgmotor.eu\/wp-content\/uploads\/2021\/03\/MG5-Electric-front-1600x900.jpg 1600w\" sizes=\"(max-width: 1040px) 100vw, 1040px\" \/><\/figure><\/li><li class=\"blocks-gallery-item\"><figure><img decoding=\"async\" loading=\"lazy\" width=\"1040\" height=\"585\" src=\"https:\/\/development.news.larva.cloud\/\/wp-content\/uploads\/2021\/03\/MG5-ELECTRIC_scaled-1040x585.jpg\" alt=\"\" data-id=\"1428\" data-full-url=\"https:\/\/development.news.larva.cloud\/\/wp-content\/uploads\/2021\/03\/MG5-ELECTRIC_scaled.jpg\" data-link=\"https:\/\/development.news.larva.cloud\/\/emptyconcretefloorandgraywall-3drenderingofsea-4\/\" class=\"wp-image-1428\" srcset=\"https:\/\/news.mgmotor.eu\/wp-content\/uploads\/2021\/03\/MG5-ELECTRIC_scaled-1040x585.jpg 1040w, https:\/\/news.mgmotor.eu\/wp-content\/uploads\/2021\/03\/MG5-ELECTRIC_scaled-800x450.jpg 800w, https:\/\/news.mgmotor.eu\/wp-content\/uploads\/2021\/03\/MG5-ELECTRIC_scaled-240x135.jpg 240w, https:\/\/news.mgmotor.eu\/wp-content\/uploads\/2021\/03\/MG5-ELECTRIC_scaled-624x351.jpg 624w, https:\/\/news.mgmotor.eu\/wp-content\/uploads\/2021\/03\/MG5-ELECTRIC_scaled-464x261.jpg 464w, https:\/\/news.mgmotor.eu\/wp-content\/uploads\/2021\/03\/MG5-ELECTRIC_scaled-1600x900.jpg 1600w\" sizes=\"(max-width: 1040px) 100vw, 1040px\" \/><\/figure><\/li><\/ul><\/figure>\n","protected":false},"excerpt":{"rendered":"<p>Le constructeur automobile chinois SAIC Motor a relanc\u00e9 la marque britannique embl\u00e9matique MG avec une mission claire. Rendre la mobilit\u00e9 [&hellip;]<\/p>\n","protected":false},"author":42,"featured_media":5524,"comment_status":"closed","ping_status":"closed","sticky":false,"template":"","format":"standard","meta":[],"categories":[274],"tags":[],"acf":[],"yoast_head":"<!-- This site is optimized with the Yoast SEO plugin v19.8 - https:\/\/yoast.com\/wordpress\/plugins\/seo\/ -->\n<title>MG entre sur son 14\u00e8me march\u00e9 en Europe - MG Motor Europe<\/title>\n<meta name=\"description\" content=\"\u00c0 partir d&#039;avril 2021, MG commencera ses op\u00e9rations de vente en Su\u00e8de. La marque est ainsi disponible sur pas moins de quatorze march\u00e9s en Europe.\" \/>\n<meta name=\"robots\" content=\"index, follow, max-snippet:-1, max-image-preview:large, max-video-preview:-1\" \/>\n<link rel=\"canonical\" href=\"https:\/\/news.mgmotor.eu\/be-fr\/mg-entre-sur-son-14eme-marche-en-europe\/\" \/>\n<meta property=\"og:locale\" content=\"fr_FR\" \/>\n<meta property=\"og:type\" content=\"article\" \/>\n<meta property=\"og:title\" content=\"MG entre sur son 14\u00e8me march\u00e9 en Europe\" \/>\n<meta property=\"og:description\" content=\"MG arrivera en Su\u00e8de \u00e0 partir d&#039;avril prochain.\" \/>\n<meta property=\"og:url\" content=\"https:\/\/news.mgmotor.eu\/be-fr\/mg-entre-sur-son-14eme-marche-en-europe\/\" \/>\n<meta property=\"og:site_name\" content=\"MG Motor Europe\" \/>\n<meta property=\"article:published_time\" content=\"2021-03-18T07:30:00+00:00\" \/>\n<meta property=\"article:modified_time\" content=\"2021-06-21T07:56:11+00:00\" \/>\n<meta property=\"og:image\" content=\"https:\/\/news.mgmotor.eu\/wp-content\/uploads\/2021\/03\/MG_brandstore1.jpg\" \/>\n\t<meta property=\"og:image:width\" content=\"2560\" \/>\n\t<meta property=\"og:image:height\" content=\"1440\" \/>\n\t<meta property=\"og:image:type\" content=\"image\/jpeg\" \/>\n<meta name=\"author\" content=\"Ginnie Qin\" \/>\n<meta name=\"twitter:card\" content=\"summary_large_image\" \/>\n<meta name=\"twitter:title\" content=\"MG entre sur son 14\u00e8me march\u00e9 en Europe\" \/>\n<meta name=\"twitter:description\" content=\"MG arrivera en Su\u00e8de \u00e0 partir d&#039;avril prochain.\" \/>\n<meta name=\"twitter:label1\" content=\"Written by\" \/>\n\t<meta name=\"twitter:data1\" content=\"Ginnie Qin\" \/>\n\t<meta name=\"twitter:label2\" content=\"Est. reading time\" \/>\n\t<meta name=\"twitter:data2\" content=\"2 minutes\" \/>\n<script type=\"application\/ld+json\" class=\"yoast-schema-graph\">{\"@context\":\"https:\/\/schema.org\",\"@graph\":[{\"@type\":\"WebPage\",\"@id\":\"https:\/\/news.mgmotor.eu\/be-fr\/mg-entre-sur-son-14eme-marche-en-europe\/\",\"url\":\"https:\/\/news.mgmotor.eu\/be-fr\/mg-entre-sur-son-14eme-marche-en-europe\/\",\"name\":\"MG entre sur son 14\u00e8me march\u00e9 en Europe - MG Motor Europe\",\"isPartOf\":{\"@id\":\"https:\/\/news.mgmotor.eu\/#website\"},\"datePublished\":\"2021-03-18T07:30:00+00:00\",\"dateModified\":\"2021-06-21T07:56:11+00:00\",\"author\":{\"@id\":\"https:\/\/news.mgmotor.eu\/#\/schema\/person\/42fbbf94b23cd21e13b47af0367c8e59\"},\"description\":\"\u00c0 partir d'avril 2021, MG commencera ses op\u00e9rations de vente en Su\u00e8de. La marque est ainsi disponible sur pas moins de quatorze march\u00e9s en Europe.\",\"breadcrumb\":{\"@id\":\"https:\/\/news.mgmotor.eu\/be-fr\/mg-entre-sur-son-14eme-marche-en-europe\/#breadcrumb\"},\"inLanguage\":\"fr-BE\",\"potentialAction\":[{\"@type\":\"ReadAction\",\"target\":[\"https:\/\/news.mgmotor.eu\/be-fr\/mg-entre-sur-son-14eme-marche-en-europe\/\"]}]},{\"@type\":\"BreadcrumbList\",\"@id\":\"https:\/\/news.mgmotor.eu\/be-fr\/mg-entre-sur-son-14eme-marche-en-europe\/#breadcrumb\",\"itemListElement\":[{\"@type\":\"ListItem\",\"position\":1,\"name\":\"Home\",\"item\":\"https:\/\/news.mgmotor.eu\/be-fr\/\"},{\"@type\":\"ListItem\",\"position\":2,\"name\":\"MG entre sur son 14\u00e8me march\u00e9 en Europe\"}]},{\"@type\":\"WebSite\",\"@id\":\"https:\/\/news.mgmotor.eu\/#website\",\"url\":\"https:\/\/news.mgmotor.eu\/\",\"name\":\"MG Motor Europe\",\"description\":\"\",\"potentialAction\":[{\"@type\":\"SearchAction\",\"target\":{\"@type\":\"EntryPoint\",\"urlTemplate\":\"https:\/\/news.mgmotor.eu\/?s={search_term_string}\"},\"query-input\":\"required name=search_term_string\"}],\"inLanguage\":\"fr-BE\"},{\"@type\":\"Person\",\"@id\":\"https:\/\/news.mgmotor.eu\/#\/schema\/person\/42fbbf94b23cd21e13b47af0367c8e59\",\"name\":\"Ginnie Qin\",\"image\":{\"@type\":\"ImageObject\",\"inLanguage\":\"fr-BE\",\"@id\":\"https:\/\/news.mgmotor.eu\/#\/schema\/person\/image\/\",\"url\":\"https:\/\/secure.gravatar.com\/avatar\/63e33743df3313945f61cac6994f1249?s=96&d=mm&r=g\",\"contentUrl\":\"https:\/\/secure.gravatar.com\/avatar\/63e33743df3313945f61cac6994f1249?s=96&d=mm&r=g\",\"caption\":\"Ginnie Qin\"}}]}<\/script>\n<!-- \/ Yoast SEO plugin. -->","yoast_head_json":{"title":"MG entre sur son 14\u00e8me march\u00e9 en Europe - MG Motor Europe","description":"\u00c0 partir d'avril 2021, MG commencera ses op\u00e9rations de vente en Su\u00e8de. La marque est ainsi disponible sur pas moins de quatorze march\u00e9s en Europe.","robots":{"index":"index","follow":"follow","max-snippet":"max-snippet:-1","max-image-preview":"max-image-preview:large","max-video-preview":"max-video-preview:-1"},"canonical":"https:\/\/news.mgmotor.eu\/be-fr\/mg-entre-sur-son-14eme-marche-en-europe\/","og_locale":"fr_FR","og_type":"article","og_title":"MG entre sur son 14\u00e8me march\u00e9 en Europe","og_description":"MG arrivera en Su\u00e8de \u00e0 partir d'avril prochain.","og_url":"https:\/\/news.mgmotor.eu\/be-fr\/mg-entre-sur-son-14eme-marche-en-europe\/","og_site_name":"MG Motor Europe","article_published_time":"2021-03-18T07:30:00+00:00","article_modified_time":"2021-06-21T07:56:11+00:00","og_image":[{"width":2560,"height":1440,"url":"https:\/\/news.mgmotor.eu\/wp-content\/uploads\/2021\/03\/MG_brandstore1.jpg","type":"image\/jpeg"}],"author":"Ginnie Qin","twitter_card":"summary_large_image","twitter_title":"MG entre sur son 14\u00e8me march\u00e9 en Europe","twitter_description":"MG arrivera en Su\u00e8de \u00e0 partir d'avril prochain.","twitter_misc":{"Written by":"Ginnie Qin","Est. reading time":"2 minutes"},"schema":{"@context":"https:\/\/schema.org","@graph":[{"@type":"WebPage","@id":"https:\/\/news.mgmotor.eu\/be-fr\/mg-entre-sur-son-14eme-marche-en-europe\/","url":"https:\/\/news.mgmotor.eu\/be-fr\/mg-entre-sur-son-14eme-marche-en-europe\/","name":"MG entre sur son 14\u00e8me march\u00e9 en Europe - MG Motor Europe","isPartOf":{"@id":"https:\/\/news.mgmotor.eu\/#website"},"datePublished":"2021-03-18T07:30:00+00:00","dateModified":"2021-06-21T07:56:11+00:00","author":{"@id":"https:\/\/news.mgmotor.eu\/#\/schema\/person\/42fbbf94b23cd21e13b47af0367c8e59"},"description":"\u00c0 partir d'avril 2021, MG commencera ses op\u00e9rations de vente en Su\u00e8de. La marque est ainsi disponible sur pas moins de quatorze march\u00e9s en Europe.","breadcrumb":{"@id":"https:\/\/news.mgmotor.eu\/be-fr\/mg-entre-sur-son-14eme-marche-en-europe\/#breadcrumb"},"inLanguage":"fr-BE","potentialAction":[{"@type":"ReadAction","target":["https:\/\/news.mgmotor.eu\/be-fr\/mg-entre-sur-son-14eme-marche-en-europe\/"]}]},{"@type":"BreadcrumbList","@id":"https:\/\/news.mgmotor.eu\/be-fr\/mg-entre-sur-son-14eme-marche-en-europe\/#breadcrumb","itemListElement":[{"@type":"ListItem","position":1,"name":"Home","item":"https:\/\/news.mgmotor.eu\/be-fr\/"},{"@type":"ListItem","position":2,"name":"MG entre sur son 14\u00e8me march\u00e9 en Europe"}]},{"@type":"WebSite","@id":"https:\/\/news.mgmotor.eu\/#website","url":"https:\/\/news.mgmotor.eu\/","name":"MG Motor Europe","description":"","potentialAction":[{"@type":"SearchAction","target":{"@type":"EntryPoint","urlTemplate":"https:\/\/news.mgmotor.eu\/?s={search_term_string}"},"query-input":"required name=search_term_string"}],"inLanguage":"fr-BE"},{"@type":"Person","@id":"https:\/\/news.mgmotor.eu\/#\/schema\/person\/42fbbf94b23cd21e13b47af0367c8e59","name":"Ginnie Qin","image":{"@type":"ImageObject","inLanguage":"fr-BE","@id":"https:\/\/news.mgmotor.eu\/#\/schema\/person\/image\/","url":"https:\/\/secure.gravatar.com\/avatar\/63e33743df3313945f61cac6994f1249?s=96&d=mm&r=g","contentUrl":"https:\/\/secure.gravatar.com\/avatar\/63e33743df3313945f61cac6994f1249?s=96&d=mm&r=g","caption":"Ginnie Qin"}}]}},"_links":{"self":[{"href":"https:\/\/news.mgmotor.eu\/be-fr\/wp-json\/wp\/v2\/posts\/5523"}],"collection":[{"href":"https:\/\/news.mgmotor.eu\/be-fr\/wp-json\/wp\/v2\/posts"}],"about":[{"href":"https:\/\/news.mgmotor.eu\/be-fr\/wp-json\/wp\/v2\/types\/post"}],"author":[{"embeddable":true,"href":"https:\/\/news.mgmotor.eu\/be-fr\/wp-json\/wp\/v2\/users\/42"}],"replies":[{"embeddable":true,"href":"https:\/\/news.mgmotor.eu\/be-fr\/wp-json\/wp\/v2\/comments?post=5523"}],"version-history":[{"count":1,"href":"https:\/\/news.mgmotor.eu\/be-fr\/wp-json\/wp\/v2\/posts\/5523\/revisions"}],"predecessor-version":[{"id":7899,"href":"https:\/\/news.mgmotor.eu\/be-fr\/wp-json\/wp\/v2\/posts\/5523\/revisions\/7899"}],"wp:featuredmedia":[{"embeddable":true,"href":"https:\/\/news.mgmotor.eu\/be-fr\/wp-json\/wp\/v2\/media\/5524"}],"wp:attachment":[{"href":"https:\/\/news.mgmotor.eu\/be-fr\/wp-json\/wp\/v2\/media?parent=5523"}],"wp:term":[{"taxonomy":"category","embeddable":true,"href":"https:\/\/news.mgmotor.eu\/be-fr\/wp-json\/wp\/v2\/categories?post=5523"},{"taxonomy":"post_tag","embeddable":true,"href":"https:\/\/news.mgmotor.eu\/be-fr\/wp-json\/wp\/v2\/tags?post=5523"}],"curies":[{"name":"wp","href":"https:\/\/api.w.org\/{rel}","templated":true}]}}