{"id":3644521,"date":"2026-04-28T14:35:31","date_gmt":"2026-04-28T12:35:31","guid":{"rendered":"https:\/\/news.mgmotor.eu\/?p=3644521"},"modified":"2026-04-28T14:42:40","modified_gmt":"2026-04-28T12:42:40","slug":"le-nouveau-mg-s9-phev-espace-confort-et-flexibilite-pour-toute-la-famille","status":"publish","type":"post","link":"https:\/\/news.mgmotor.eu\/be-fr\/le-nouveau-mg-s9-phev-espace-confort-et-flexibilite-pour-toute-la-famille\/","title":{"rendered":"<strong>Le nouveau MG S9 PHEV : espace, confort et flexibilit\u00e9 pour toute la famille<\/strong>"},"content":{"rendered":"<p>Le tout nouveau MG S9 PHEV est le premier SUV 7 places de MG et s\u2019adresse \u00e0 tous ceux qui recherchent plus d\u2019espace sans compromis sur le confort ou le budget. Que vous ayez une grande famille, que vous voyagiez souvent avec beaucoup de bagages ou que vous aimiez simplement les v\u00e9hicules spacieux et polyvalents, ce SUV vous simplifie la vie.<\/p>\n<p>Ce qui frappe imm\u00e9diatement, c\u2019est sa flexibilit\u00e9. Avec ses trois rang\u00e9es de si\u00e8ges, le MG S9 PHEV peut accueillir jusqu\u2019\u00e0 sept personnes. Besoin de plus de volume de chargement ? Il suffit de rabattre les si\u00e8ges arri\u00e8re pour profiter de plus de 1 000 litres de coffre \u2013 id\u00e9al pour les vacances, le mat\u00e9riel de sport ou le quotidien.<\/p>\n<p>C\u00f4t\u00e9 motorisation, vous \u00eates \u00e9galement bien servi. La technologie hybride rechargeable permet de parcourir jusqu\u2019\u00e0 environ 100 km en mode 100 % \u00e9lectrique, parfait pour les trajets domicile-travail ou les d\u00e9placements en ville. Pour les trajets plus longs, le moteur essence prend le relais en toute fluidit\u00e9, pour voyager en toute s\u00e9r\u00e9nit\u00e9.<\/p>\n<p>\u00c0 bord, tout est pens\u00e9 pour le confort et la simplicit\u00e9 d\u2019utilisation. Vous profitez de s\u00e9rie d\u2019un int\u00e9rieur moderne avec de grands \u00e9crans, d\u2019un toit panoramique qui apporte beaucoup de luminosit\u00e9, ainsi que de fonctionnalit\u00e9s pratiques comme les si\u00e8ges chauffants et une connectivit\u00e9 intelligente. Chaque trajet devient ainsi agr\u00e9able et relaxant, pour le conducteur comme pour les passagers.<\/p>\n<p>Le MG S9 PHEV offre \u00e9galement un haut niveau de s\u00e9curit\u00e9, avec de nombreux syst\u00e8mes d\u2019aide \u00e0 la conduite qui vous accompagnent et renforcent votre confiance au volant.<\/p>\n<p>Avec un prix de d\u00e9part \u00e0 partir de 43 990 \u20ac, le MG S9 PHEV s\u2019impose comme une option tr\u00e8s comp\u00e9titive dans le segment des grands SUV. Il combine espace, technologie moderne et efficacit\u00e9, tout en restant accessible.<\/p>\n<p>En r\u00e9sum\u00e9, le MG S9 PHEV est un choix judicieux pour ceux qui recherchent un SUV spacieux, confortable et polyvalent, parfaitement adapt\u00e9 \u00e0 la vie de famille moderne.<\/p>\n","protected":false},"excerpt":{"rendered":"<p>Le tout nouveau MG S9 PHEV est le premier SUV 7 places de MG et s\u2019adresse \u00e0 tous ceux qui [&hellip;]<\/p>\n","protected":false},"author":57,"featured_media":3644535,"comment_status":"closed","ping_status":"closed","sticky":false,"template":"","format":"standard","meta":[],"categories":[346],"tags":[1070],"acf":[],"yoast_head":"<!-- This site is optimized with the Yoast SEO plugin v19.8 - https:\/\/yoast.com\/wordpress\/plugins\/seo\/ -->\n<title>Le nouveau MG S9 PHEV : espace, confort et flexibilit\u00e9 pour toute la famille - MG Motor Europe<\/title>\n<meta name=\"robots\" content=\"index, follow, max-snippet:-1, max-image-preview:large, max-video-preview:-1\" \/>\n<link rel=\"canonical\" href=\"https:\/\/news.mgmotor.eu\/be-fr\/le-nouveau-mg-s9-phev-espace-confort-et-flexibilite-pour-toute-la-famille\/\" \/>\n<meta property=\"og:locale\" content=\"fr_FR\" \/>\n<meta property=\"og:type\" content=\"article\" \/>\n<meta property=\"og:title\" content=\"Le nouveau MG S9 PHEV : espace, confort et flexibilit\u00e9 pour toute la famille - MG Motor Europe\" \/>\n<meta property=\"og:description\" content=\"Le tout nouveau MG S9 PHEV est le premier SUV 7 places de MG et s\u2019adresse \u00e0 tous ceux qui [&hellip;]\" \/>\n<meta property=\"og:url\" content=\"https:\/\/news.mgmotor.eu\/be-fr\/le-nouveau-mg-s9-phev-espace-confort-et-flexibilite-pour-toute-la-famille\/\" \/>\n<meta property=\"og:site_name\" content=\"MG Motor Europe\" \/>\n<meta property=\"article:published_time\" content=\"2026-04-28T12:35:31+00:00\" \/>\n<meta property=\"article:modified_time\" content=\"2026-04-28T12:42:40+00:00\" \/>\n<meta property=\"og:image\" content=\"https:\/\/news.mgmotor.eu\/wp-content\/uploads\/2026\/04\/S9-04-1040x585.jpg\" \/>\n\t<meta property=\"og:image:width\" content=\"1040\" \/>\n\t<meta property=\"og:image:height\" content=\"585\" \/>\n\t<meta property=\"og:image:type\" content=\"image\/jpeg\" \/>\n<meta name=\"author\" content=\"Bart Hendrickx\" \/>\n<meta name=\"twitter:card\" content=\"summary_large_image\" \/>\n<meta name=\"twitter:label1\" content=\"Written by\" \/>\n\t<meta name=\"twitter:data1\" content=\"Bart Hendrickx\" \/>\n\t<meta name=\"twitter:label2\" content=\"Est. reading time\" \/>\n\t<meta name=\"twitter:data2\" content=\"2 minutes\" \/>\n<script type=\"application\/ld+json\" class=\"yoast-schema-graph\">{\"@context\":\"https:\/\/schema.org\",\"@graph\":[{\"@type\":\"WebPage\",\"@id\":\"https:\/\/news.mgmotor.eu\/be-fr\/le-nouveau-mg-s9-phev-espace-confort-et-flexibilite-pour-toute-la-famille\/\",\"url\":\"https:\/\/news.mgmotor.eu\/be-fr\/le-nouveau-mg-s9-phev-espace-confort-et-flexibilite-pour-toute-la-famille\/\",\"name\":\"Le nouveau MG S9 PHEV : espace, confort et flexibilit\u00e9 pour toute la famille - MG Motor Europe\",\"isPartOf\":{\"@id\":\"https:\/\/news.mgmotor.eu\/#website\"},\"datePublished\":\"2026-04-28T12:35:31+00:00\",\"dateModified\":\"2026-04-28T12:42:40+00:00\",\"author\":{\"@id\":\"https:\/\/news.mgmotor.eu\/#\/schema\/person\/bfc540d2a262baa4e26a7524b0084d9b\"},\"breadcrumb\":{\"@id\":\"https:\/\/news.mgmotor.eu\/be-fr\/le-nouveau-mg-s9-phev-espace-confort-et-flexibilite-pour-toute-la-famille\/#breadcrumb\"},\"inLanguage\":\"fr-BE\",\"potentialAction\":[{\"@type\":\"ReadAction\",\"target\":[\"https:\/\/news.mgmotor.eu\/be-fr\/le-nouveau-mg-s9-phev-espace-confort-et-flexibilite-pour-toute-la-famille\/\"]}]},{\"@type\":\"BreadcrumbList\",\"@id\":\"https:\/\/news.mgmotor.eu\/be-fr\/le-nouveau-mg-s9-phev-espace-confort-et-flexibilite-pour-toute-la-famille\/#breadcrumb\",\"itemListElement\":[{\"@type\":\"ListItem\",\"position\":1,\"name\":\"Home\",\"item\":\"https:\/\/news.mgmotor.eu\/be-fr\/\"},{\"@type\":\"ListItem\",\"position\":2,\"name\":\"Le nouveau MG S9 PHEV : espace, confort et flexibilit\u00e9 pour toute la famille\"}]},{\"@type\":\"WebSite\",\"@id\":\"https:\/\/news.mgmotor.eu\/#website\",\"url\":\"https:\/\/news.mgmotor.eu\/\",\"name\":\"MG Motor Europe\",\"description\":\"\",\"potentialAction\":[{\"@type\":\"SearchAction\",\"target\":{\"@type\":\"EntryPoint\",\"urlTemplate\":\"https:\/\/news.mgmotor.eu\/?s={search_term_string}\"},\"query-input\":\"required name=search_term_string\"}],\"inLanguage\":\"fr-BE\"},{\"@type\":\"Person\",\"@id\":\"https:\/\/news.mgmotor.eu\/#\/schema\/person\/bfc540d2a262baa4e26a7524b0084d9b\",\"name\":\"Bart Hendrickx\",\"image\":{\"@type\":\"ImageObject\",\"inLanguage\":\"fr-BE\",\"@id\":\"https:\/\/news.mgmotor.eu\/#\/schema\/person\/image\/\",\"url\":\"https:\/\/secure.gravatar.com\/avatar\/94d3dfce9e4a753af2147e51fc43e49a?s=96&d=mm&r=g\",\"contentUrl\":\"https:\/\/secure.gravatar.com\/avatar\/94d3dfce9e4a753af2147e51fc43e49a?s=96&d=mm&r=g\",\"caption\":\"Bart Hendrickx\"}}]}<\/script>\n<!-- \/ Yoast SEO plugin. -->","yoast_head_json":{"title":"Le nouveau MG S9 PHEV : espace, confort et flexibilit\u00e9 pour toute la famille - MG Motor Europe","robots":{"index":"index","follow":"follow","max-snippet":"max-snippet:-1","max-image-preview":"max-image-preview:large","max-video-preview":"max-video-preview:-1"},"canonical":"https:\/\/news.mgmotor.eu\/be-fr\/le-nouveau-mg-s9-phev-espace-confort-et-flexibilite-pour-toute-la-famille\/","og_locale":"fr_FR","og_type":"article","og_title":"Le nouveau MG S9 PHEV : espace, confort et flexibilit\u00e9 pour toute la famille - MG Motor Europe","og_description":"Le tout nouveau MG S9 PHEV est le premier SUV 7 places de MG et s\u2019adresse \u00e0 tous ceux qui [&hellip;]","og_url":"https:\/\/news.mgmotor.eu\/be-fr\/le-nouveau-mg-s9-phev-espace-confort-et-flexibilite-pour-toute-la-famille\/","og_site_name":"MG Motor Europe","article_published_time":"2026-04-28T12:35:31+00:00","article_modified_time":"2026-04-28T12:42:40+00:00","og_image":[{"width":1040,"height":585,"url":"https:\/\/news.mgmotor.eu\/wp-content\/uploads\/2026\/04\/S9-04-1040x585.jpg","type":"image\/jpeg"}],"author":"Bart Hendrickx","twitter_card":"summary_large_image","twitter_misc":{"Written by":"Bart Hendrickx","Est. reading time":"2 minutes"},"schema":{"@context":"https:\/\/schema.org","@graph":[{"@type":"WebPage","@id":"https:\/\/news.mgmotor.eu\/be-fr\/le-nouveau-mg-s9-phev-espace-confort-et-flexibilite-pour-toute-la-famille\/","url":"https:\/\/news.mgmotor.eu\/be-fr\/le-nouveau-mg-s9-phev-espace-confort-et-flexibilite-pour-toute-la-famille\/","name":"Le nouveau MG S9 PHEV : espace, confort et flexibilit\u00e9 pour toute la famille - MG Motor Europe","isPartOf":{"@id":"https:\/\/news.mgmotor.eu\/#website"},"datePublished":"2026-04-28T12:35:31+00:00","dateModified":"2026-04-28T12:42:40+00:00","author":{"@id":"https:\/\/news.mgmotor.eu\/#\/schema\/person\/bfc540d2a262baa4e26a7524b0084d9b"},"breadcrumb":{"@id":"https:\/\/news.mgmotor.eu\/be-fr\/le-nouveau-mg-s9-phev-espace-confort-et-flexibilite-pour-toute-la-famille\/#breadcrumb"},"inLanguage":"fr-BE","potentialAction":[{"@type":"ReadAction","target":["https:\/\/news.mgmotor.eu\/be-fr\/le-nouveau-mg-s9-phev-espace-confort-et-flexibilite-pour-toute-la-famille\/"]}]},{"@type":"BreadcrumbList","@id":"https:\/\/news.mgmotor.eu\/be-fr\/le-nouveau-mg-s9-phev-espace-confort-et-flexibilite-pour-toute-la-famille\/#breadcrumb","itemListElement":[{"@type":"ListItem","position":1,"name":"Home","item":"https:\/\/news.mgmotor.eu\/be-fr\/"},{"@type":"ListItem","position":2,"name":"Le nouveau MG S9 PHEV : espace, confort et flexibilit\u00e9 pour toute la famille"}]},{"@type":"WebSite","@id":"https:\/\/news.mgmotor.eu\/#website","url":"https:\/\/news.mgmotor.eu\/","name":"MG Motor Europe","description":"","potentialAction":[{"@type":"SearchAction","target":{"@type":"EntryPoint","urlTemplate":"https:\/\/news.mgmotor.eu\/?s={search_term_string}"},"query-input":"required name=search_term_string"}],"inLanguage":"fr-BE"},{"@type":"Person","@id":"https:\/\/news.mgmotor.eu\/#\/schema\/person\/bfc540d2a262baa4e26a7524b0084d9b","name":"Bart Hendrickx","image":{"@type":"ImageObject","inLanguage":"fr-BE","@id":"https:\/\/news.mgmotor.eu\/#\/schema\/person\/image\/","url":"https:\/\/secure.gravatar.com\/avatar\/94d3dfce9e4a753af2147e51fc43e49a?s=96&d=mm&r=g","contentUrl":"https:\/\/secure.gravatar.com\/avatar\/94d3dfce9e4a753af2147e51fc43e49a?s=96&d=mm&r=g","caption":"Bart Hendrickx"}}]}},"_links":{"self":[{"href":"https:\/\/news.mgmotor.eu\/be-fr\/wp-json\/wp\/v2\/posts\/3644521"}],"collection":[{"href":"https:\/\/news.mgmotor.eu\/be-fr\/wp-json\/wp\/v2\/posts"}],"about":[{"href":"https:\/\/news.mgmotor.eu\/be-fr\/wp-json\/wp\/v2\/types\/post"}],"author":[{"embeddable":true,"href":"https:\/\/news.mgmotor.eu\/be-fr\/wp-json\/wp\/v2\/users\/57"}],"replies":[{"embeddable":true,"href":"https:\/\/news.mgmotor.eu\/be-fr\/wp-json\/wp\/v2\/comments?post=3644521"}],"version-history":[{"count":1,"href":"https:\/\/news.mgmotor.eu\/be-fr\/wp-json\/wp\/v2\/posts\/3644521\/revisions"}],"predecessor-version":[{"id":3644522,"href":"https:\/\/news.mgmotor.eu\/be-fr\/wp-json\/wp\/v2\/posts\/3644521\/revisions\/3644522"}],"wp:featuredmedia":[{"embeddable":true,"href":"https:\/\/news.mgmotor.eu\/be-fr\/wp-json\/wp\/v2\/media\/3644535"}],"wp:attachment":[{"href":"https:\/\/news.mgmotor.eu\/be-fr\/wp-json\/wp\/v2\/media?parent=3644521"}],"wp:term":[{"taxonomy":"category","embeddable":true,"href":"https:\/\/news.mgmotor.eu\/be-fr\/wp-json\/wp\/v2\/categories?post=3644521"},{"taxonomy":"post_tag","embeddable":true,"href":"https:\/\/news.mgmotor.eu\/be-fr\/wp-json\/wp\/v2\/tags?post=3644521"}],"curies":[{"name":"wp","href":"https:\/\/api.w.org\/{rel}","templated":true}]}}