{"id":3644517,"date":"2026-04-28T14:16:21","date_gmt":"2026-04-28T12:16:21","guid":{"rendered":"https:\/\/news.mgmotor.eu\/?p=3644517"},"modified":"2026-04-28T14:41:56","modified_gmt":"2026-04-28T12:41:56","slug":"nouvelle-mg4-ev-urban-la-polyvalence-a-portee-de-main","status":"publish","type":"post","link":"https:\/\/news.mgmotor.eu\/be-fr\/nouvelle-mg4-ev-urban-la-polyvalence-a-portee-de-main\/","title":{"rendered":"<strong>Nouvelle MG4 EV Urban : la polyvalence \u00e0 port\u00e9e de main<\/strong>"},"content":{"rendered":"\n<p>Avec la MG4 EV Urban, MG propose une voiture compacte spacieuse, efficace et technologiquement avanc\u00e9e, offrant une autonomie allant jusqu\u2019\u00e0 416 km et un rapport qualit\u00e9\/prix particuli\u00e8rement comp\u00e9titif. Avec plus de 20 000 v\u00e9hicules vendus au BeNeLux, MG s\u2019est forg\u00e9 une solide r\u00e9putation pour des v\u00e9hicules abordables, attrayants et pratiques.<\/p>\n\n\n\n<p>La MG4 EV Urban poursuit cette tradition avec une gamme de trois mod\u00e8les \u00e0 partir de seulement 26 990 \u20ac, rendant la conduite \u00e9lectrique encore plus accessible en 2026. Elle constitue une option s\u00e9duisante pour les automobilistes \u00e0 la recherche de leur premi\u00e8re voiture \u00e9lectrique, pour les familles souhaitant passer enti\u00e8rement \u00e0 l\u2019\u00e9lectrique avec un second v\u00e9hicule ou pour ceux qui recherchent la polyvalence d\u2019une berline compacte.<\/p>\n\n\n\n<h4>Design ext\u00e9rieur et int\u00e9rieur<\/h4>\n\n\n\n<p>La MG4 EV Urban est imm\u00e9diatement reconnaissable \u00e0 ses phares triangulaires caract\u00e9ristiques. Son design avant \u00e9pur\u00e9 et moderne int\u00e8gre une signature lumineuse LED \u00e0 trois niveaux ainsi qu\u2019un pare-chocs inspir\u00e9 de la Cyberster. Son profil fluide et contemporain associe des lignes dynamiques \u00e0 une silhouette compacte pour un look urbain et raffin\u00e9.<\/p>\n\n\n\n<p>Les feux arri\u00e8re pr\u00e9sentent un design horizontal large et int\u00e9gr\u00e9 en 3D, combinant technologie et style pour un effet visuel saisissant. La technologie LED, associ\u00e9e au soudage laser, renforce encore l\u2019impact visuel de l\u2019arri\u00e8re, notamment de nuit.<\/p>\n\n\n\n<p>La MG4 EV Urban est le premier mod\u00e8le de la gamme \u00e0 disposer d\u2019un levier de vitesses sur la colonne de direction, lib\u00e9rant ainsi de l\u2019espace sur la console centrale. La qualit\u00e9 des mat\u00e9riaux et l\u2019ergonomie des \u00e9crans ont \u00e9t\u00e9 con\u00e7ues pour offrir un confort optimal. Le syst\u00e8me d\u2019infodivertissement, d\u00e9j\u00e0 pr\u00e9sent sur les MGS5 EV, MGS6 EV et la nouvelle MG4 EV, comprend un \u00e9cran central de 12,8 pouces, compl\u00e9t\u00e9 par un combin\u00e9 num\u00e9rique de 7 pouces derri\u00e8re le volant affichant les informations essentielles de conduite.<\/p>\n\n\n\n<p>La console centrale comprend des boutons physiques servant de raccourcis pour les fonctions principales (volume, climatisation, etc.). Juste en dessous se trouve un grand espace de rangement, surmont\u00e9 de deux a\u00e9rateurs permettant de maintenir une temp\u00e9rature ad\u00e9quate. Sous la console, un autre espace de rangement accueille les objets du quotidien. Deux ports USB Type-C et une prise 12V sont \u00e9galement pr\u00e9sents.<\/p>\n\n\n\n<p>La MG4 EV Urban se distingue par son espace pour les passagers et les bagages, surpassant la plupart des autres berlines \u00e9lectriques compactes. Elle offre une grande polyvalence avec un style affirm\u00e9 et un habitacle g\u00e9n\u00e9reux. La banquette arri\u00e8re propose un espace aux jambes de 984 mm et une garde au toit de 957 mm, garantissant un excellent confort. Elle dispose \u00e9galement de deux a\u00e9rateurs, de rangements dans les porti\u00e8res et derri\u00e8re l\u2019accoudoir central, ainsi que de deux points d\u2019ancrage ISOFIX sur les si\u00e8ges ext\u00e9rieurs.<\/p>\n\n\n\n<p>La MG4 EV Urban propose pas moins de 30 espaces de rangement, nombreux et bien pens\u00e9s pour s\u2019adapter aux usages quotidiens et offrir une exp\u00e9rience \u00e0 bord encore plus pratique. Le coffre est un autre point fort : avec les si\u00e8ges arri\u00e8re en place, le volume atteint 480 litres, incluant un compartiment sous plancher de 98 litres facilement accessible. Il s\u2019agit de l\u2019un des plus grands volumes de sa cat\u00e9gorie. Une fois les si\u00e8ges rabattus, le volume total atteint 1 364 litres.<\/p>\n\n\n\n<h4>Environnement \u00e9lectrique<\/h4>\n\n\n\n<p>La MG4 EV Urban repose sur la plateforme \u00e9lectrique E3, con\u00e7ue pour optimiser la compacit\u00e9, l\u2019efficacit\u00e9 \u00e9nerg\u00e9tique et les performances globales. Le groupe motopropulseur 6-en-1 int\u00e8gre moteur \u00e9lectrique, transmission, contr\u00f4leur multifonction et syst\u00e8me de gestion thermique dans une seule unit\u00e9.<\/p>\n\n\n\n<p>Ce haut niveau d\u2019int\u00e9gration r\u00e9duit les dimensions globales d\u2019environ 20 % tout en garantissant une grande efficacit\u00e9. Le moteur synchrone \u00e0 aimants permanents atteint un rendement maximal de 89 %, avec une puissance de 160 ch (version Premium 54 kWh) et un couple de 250 Nm. Une pompe \u00e0 chaleur avanc\u00e9e est \u00e9galement de s\u00e9rie, am\u00e9liorant nettement les performances par temps froid.<\/p>\n\n\n\n<p>La plateforme E3 int\u00e8gre la technologie Cell-to-Body (CTB), o\u00f9 la batterie est directement int\u00e9gr\u00e9e \u00e0 la structure du v\u00e9hicule. Cela permet de gagner 10 mm d\u2019espace en hauteur dans l\u2019habitacle tout en augmentant la rigidit\u00e9. Le centre de gravit\u00e9 est abaiss\u00e9 \u00e0 515 mm, am\u00e9liorant stabilit\u00e9 et tenue de route, tandis que la hauteur r\u00e9duite favorise l\u2019a\u00e9rodynamisme.<\/p>\n\n\n\n<p>La MG4 EV Urban utilise des batteries LFP (lithium fer phosphate), r\u00e9put\u00e9es pour leur s\u00e9curit\u00e9 et leur stabilit\u00e9 thermique. Deux capacit\u00e9s sont propos\u00e9es sur la version Comfort (43 kWh et 54 kWh) et une seule sur la version Premium (54 kWh).<\/p>\n\n\n\n<p>Gr\u00e2ce \u00e0 cette technologie, la MG4 EV Urban affiche des co\u00fbts d\u2019utilisation parmi les plus bas du march\u00e9. La recharge rapide DC de 10 \u00e0 80 % s\u2019effectue en seulement 28 minutes, avec une puissance maximale de 87 kW sur la version Premium. La consommation varie entre 15,3 et 15,5 kWh\/100 km selon les versions, avec une autonomie pouvant atteindre 416 km (cycle WLTP).<\/p>\n\n\n\n<h4>Conduite et technologie<\/h4>\n\n\n\n<p>La s\u00e9curit\u00e9 est au rendez-vous avec une note maximale de 5 \u00e9toiles aux tests Euro NCAP. La batterie int\u00e8gre des cellules ultra-s\u00fbres, rigoureusement test\u00e9es selon les normes internationales les plus strictes, avec des syst\u00e8mes actifs d\u2019alerte, de refroidissement et d\u2019isolation thermique. La MG4 EV Urban dispose de 7 airbags et d\u2019une structure compos\u00e9e \u00e0 90 % d\u2019aciers \u00e0 haute et tr\u00e8s haute r\u00e9sistance. Elle offre une excellente tenue de route, en ville comme sur route. Les suspensions avant et arri\u00e8re ont \u00e9t\u00e9 optimis\u00e9es pour un \u00e9quilibre entre pr\u00e9cision, confort et plaisir de conduite. La direction est pr\u00e9cise et directe, avec un rayon de braquage de 5,2 m facilitant les man\u0153uvres.<\/p>\n\n\n\n<p>Gr\u00e2ce \u00e0 une suspension sp\u00e9cifique et \u00e0 l\u2019int\u00e9gration directe de la batterie, le v\u00e9hicule b\u00e9n\u00e9ficie d\u2019un centre de gravit\u00e9 bas et d\u2019une r\u00e9partition \u00e9quilibr\u00e9e des masses. Cela am\u00e9liore nettement la stabilit\u00e9, notamment \u00e0 haute vitesse et en virage.<\/p>\n\n\n\n<p>Plusieurs modes de conduite sont disponibles pour adapter le comportement du v\u00e9hicule : Standard, Eco, Sport, Neige et Personnalis\u00e9. La MG4 EV Urban est \u00e9quip\u00e9e des derni\u00e8res aides \u00e0 la conduite (ADAS 3.0), couvrant davantage de situations, am\u00e9liorant la s\u00e9curit\u00e9 et r\u00e9duisant la charge du conducteur. Elle int\u00e8gre \u00e9galement le syst\u00e8me Bosch 9.3, optimis\u00e9 pour les v\u00e9hicules \u00e9lectriques, capable de surveiller en continu l\u2019\u00e9tat du v\u00e9hicule et d\u2019intervenir pour maintenir la stabilit\u00e9.<\/p>\n\n\n\n<p>Le syst\u00e8me de freinage avanc\u00e9 permet une distance d\u2019arr\u00eat remarquable de 37,26 m de 100 \u00e0 0 km\/h. Enfin, la cam\u00e9ra panoramique \u00e0 360\u00b0 offre une vision compl\u00e8te en temps r\u00e9el autour du v\u00e9hicule, \u00e9liminant les angles morts et renfor\u00e7ant la s\u00e9curit\u00e9. Apple CarPlay et Android Auto sans fil sont de s\u00e9rie sur la version Comfort 43 kWh, tandis que les fonctionnalit\u00e9s iSMART (application permettant de contr\u00f4ler l\u2019\u00e9tat du v\u00e9hicule, la climatisation ou les si\u00e8ges chauffants) sont r\u00e9serv\u00e9es \u00e0 la version Premium.<\/p>\n","protected":false},"excerpt":{"rendered":"<p>Avec la MG4 EV Urban, MG propose une voiture compacte spacieuse, efficace et technologiquement avanc\u00e9e, offrant une autonomie allant jusqu\u2019\u00e0 [&hellip;]<\/p>\n","protected":false},"author":57,"featured_media":3644524,"comment_status":"closed","ping_status":"closed","sticky":false,"template":"","format":"standard","meta":[],"categories":[346],"tags":[1066],"acf":[],"yoast_head":"<!-- This site is optimized with the Yoast SEO plugin v19.8 - https:\/\/yoast.com\/wordpress\/plugins\/seo\/ -->\n<title>Nouvelle MG4 EV Urban : la polyvalence \u00e0 port\u00e9e de main - MG Motor Europe<\/title>\n<meta name=\"robots\" content=\"index, follow, max-snippet:-1, max-image-preview:large, max-video-preview:-1\" \/>\n<link rel=\"canonical\" href=\"https:\/\/news.mgmotor.eu\/be-fr\/nouvelle-mg4-ev-urban-la-polyvalence-a-portee-de-main\/\" \/>\n<meta property=\"og:locale\" content=\"fr_FR\" \/>\n<meta property=\"og:type\" content=\"article\" \/>\n<meta property=\"og:title\" content=\"Nouvelle MG4 EV Urban : la polyvalence \u00e0 port\u00e9e de main - MG Motor Europe\" \/>\n<meta property=\"og:description\" content=\"Avec la MG4 EV Urban, MG propose une voiture compacte spacieuse, efficace et technologiquement avanc\u00e9e, offrant une autonomie allant jusqu\u2019\u00e0 [&hellip;]\" \/>\n<meta property=\"og:url\" content=\"https:\/\/news.mgmotor.eu\/be-fr\/nouvelle-mg4-ev-urban-la-polyvalence-a-portee-de-main\/\" \/>\n<meta property=\"og:site_name\" content=\"MG Motor Europe\" \/>\n<meta property=\"article:published_time\" content=\"2026-04-28T12:16:21+00:00\" \/>\n<meta property=\"article:modified_time\" content=\"2026-04-28T12:41:56+00:00\" \/>\n<meta property=\"og:image\" content=\"https:\/\/news.mgmotor.eu\/wp-content\/uploads\/2026\/04\/Hero-Front-LHD.jpg\" \/>\n\t<meta property=\"og:image:width\" content=\"3119\" \/>\n\t<meta property=\"og:image:height\" content=\"1754\" \/>\n\t<meta property=\"og:image:type\" content=\"image\/jpeg\" \/>\n<meta name=\"author\" content=\"Bart Hendrickx\" \/>\n<meta name=\"twitter:card\" content=\"summary_large_image\" \/>\n<meta name=\"twitter:label1\" content=\"Written by\" \/>\n\t<meta name=\"twitter:data1\" content=\"Bart Hendrickx\" \/>\n\t<meta name=\"twitter:label2\" content=\"Est. reading time\" \/>\n\t<meta name=\"twitter:data2\" content=\"5 minutes\" \/>\n<script type=\"application\/ld+json\" class=\"yoast-schema-graph\">{\"@context\":\"https:\/\/schema.org\",\"@graph\":[{\"@type\":\"WebPage\",\"@id\":\"https:\/\/news.mgmotor.eu\/be-fr\/nouvelle-mg4-ev-urban-la-polyvalence-a-portee-de-main\/\",\"url\":\"https:\/\/news.mgmotor.eu\/be-fr\/nouvelle-mg4-ev-urban-la-polyvalence-a-portee-de-main\/\",\"name\":\"Nouvelle MG4 EV Urban : la polyvalence \u00e0 port\u00e9e de main - MG Motor Europe\",\"isPartOf\":{\"@id\":\"https:\/\/news.mgmotor.eu\/#website\"},\"datePublished\":\"2026-04-28T12:16:21+00:00\",\"dateModified\":\"2026-04-28T12:41:56+00:00\",\"author\":{\"@id\":\"https:\/\/news.mgmotor.eu\/#\/schema\/person\/bfc540d2a262baa4e26a7524b0084d9b\"},\"breadcrumb\":{\"@id\":\"https:\/\/news.mgmotor.eu\/be-fr\/nouvelle-mg4-ev-urban-la-polyvalence-a-portee-de-main\/#breadcrumb\"},\"inLanguage\":\"fr-BE\",\"potentialAction\":[{\"@type\":\"ReadAction\",\"target\":[\"https:\/\/news.mgmotor.eu\/be-fr\/nouvelle-mg4-ev-urban-la-polyvalence-a-portee-de-main\/\"]}]},{\"@type\":\"BreadcrumbList\",\"@id\":\"https:\/\/news.mgmotor.eu\/be-fr\/nouvelle-mg4-ev-urban-la-polyvalence-a-portee-de-main\/#breadcrumb\",\"itemListElement\":[{\"@type\":\"ListItem\",\"position\":1,\"name\":\"Home\",\"item\":\"https:\/\/news.mgmotor.eu\/be-fr\/\"},{\"@type\":\"ListItem\",\"position\":2,\"name\":\"Nouvelle MG4 EV Urban : la polyvalence \u00e0 port\u00e9e de main\"}]},{\"@type\":\"WebSite\",\"@id\":\"https:\/\/news.mgmotor.eu\/#website\",\"url\":\"https:\/\/news.mgmotor.eu\/\",\"name\":\"MG Motor Europe\",\"description\":\"\",\"potentialAction\":[{\"@type\":\"SearchAction\",\"target\":{\"@type\":\"EntryPoint\",\"urlTemplate\":\"https:\/\/news.mgmotor.eu\/?s={search_term_string}\"},\"query-input\":\"required name=search_term_string\"}],\"inLanguage\":\"fr-BE\"},{\"@type\":\"Person\",\"@id\":\"https:\/\/news.mgmotor.eu\/#\/schema\/person\/bfc540d2a262baa4e26a7524b0084d9b\",\"name\":\"Bart Hendrickx\",\"image\":{\"@type\":\"ImageObject\",\"inLanguage\":\"fr-BE\",\"@id\":\"https:\/\/news.mgmotor.eu\/#\/schema\/person\/image\/\",\"url\":\"https:\/\/secure.gravatar.com\/avatar\/94d3dfce9e4a753af2147e51fc43e49a?s=96&d=mm&r=g\",\"contentUrl\":\"https:\/\/secure.gravatar.com\/avatar\/94d3dfce9e4a753af2147e51fc43e49a?s=96&d=mm&r=g\",\"caption\":\"Bart Hendrickx\"}}]}<\/script>\n<!-- \/ Yoast SEO plugin. -->","yoast_head_json":{"title":"Nouvelle MG4 EV Urban : la polyvalence \u00e0 port\u00e9e de main - MG Motor Europe","robots":{"index":"index","follow":"follow","max-snippet":"max-snippet:-1","max-image-preview":"max-image-preview:large","max-video-preview":"max-video-preview:-1"},"canonical":"https:\/\/news.mgmotor.eu\/be-fr\/nouvelle-mg4-ev-urban-la-polyvalence-a-portee-de-main\/","og_locale":"fr_FR","og_type":"article","og_title":"Nouvelle MG4 EV Urban : la polyvalence \u00e0 port\u00e9e de main - MG Motor Europe","og_description":"Avec la MG4 EV Urban, MG propose une voiture compacte spacieuse, efficace et technologiquement avanc\u00e9e, offrant une autonomie allant jusqu\u2019\u00e0 [&hellip;]","og_url":"https:\/\/news.mgmotor.eu\/be-fr\/nouvelle-mg4-ev-urban-la-polyvalence-a-portee-de-main\/","og_site_name":"MG Motor Europe","article_published_time":"2026-04-28T12:16:21+00:00","article_modified_time":"2026-04-28T12:41:56+00:00","og_image":[{"width":3119,"height":1754,"url":"https:\/\/news.mgmotor.eu\/wp-content\/uploads\/2026\/04\/Hero-Front-LHD.jpg","type":"image\/jpeg"}],"author":"Bart Hendrickx","twitter_card":"summary_large_image","twitter_misc":{"Written by":"Bart Hendrickx","Est. reading time":"5 minutes"},"schema":{"@context":"https:\/\/schema.org","@graph":[{"@type":"WebPage","@id":"https:\/\/news.mgmotor.eu\/be-fr\/nouvelle-mg4-ev-urban-la-polyvalence-a-portee-de-main\/","url":"https:\/\/news.mgmotor.eu\/be-fr\/nouvelle-mg4-ev-urban-la-polyvalence-a-portee-de-main\/","name":"Nouvelle MG4 EV Urban : la polyvalence \u00e0 port\u00e9e de main - MG Motor Europe","isPartOf":{"@id":"https:\/\/news.mgmotor.eu\/#website"},"datePublished":"2026-04-28T12:16:21+00:00","dateModified":"2026-04-28T12:41:56+00:00","author":{"@id":"https:\/\/news.mgmotor.eu\/#\/schema\/person\/bfc540d2a262baa4e26a7524b0084d9b"},"breadcrumb":{"@id":"https:\/\/news.mgmotor.eu\/be-fr\/nouvelle-mg4-ev-urban-la-polyvalence-a-portee-de-main\/#breadcrumb"},"inLanguage":"fr-BE","potentialAction":[{"@type":"ReadAction","target":["https:\/\/news.mgmotor.eu\/be-fr\/nouvelle-mg4-ev-urban-la-polyvalence-a-portee-de-main\/"]}]},{"@type":"BreadcrumbList","@id":"https:\/\/news.mgmotor.eu\/be-fr\/nouvelle-mg4-ev-urban-la-polyvalence-a-portee-de-main\/#breadcrumb","itemListElement":[{"@type":"ListItem","position":1,"name":"Home","item":"https:\/\/news.mgmotor.eu\/be-fr\/"},{"@type":"ListItem","position":2,"name":"Nouvelle MG4 EV Urban : la polyvalence \u00e0 port\u00e9e de main"}]},{"@type":"WebSite","@id":"https:\/\/news.mgmotor.eu\/#website","url":"https:\/\/news.mgmotor.eu\/","name":"MG Motor Europe","description":"","potentialAction":[{"@type":"SearchAction","target":{"@type":"EntryPoint","urlTemplate":"https:\/\/news.mgmotor.eu\/?s={search_term_string}"},"query-input":"required name=search_term_string"}],"inLanguage":"fr-BE"},{"@type":"Person","@id":"https:\/\/news.mgmotor.eu\/#\/schema\/person\/bfc540d2a262baa4e26a7524b0084d9b","name":"Bart Hendrickx","image":{"@type":"ImageObject","inLanguage":"fr-BE","@id":"https:\/\/news.mgmotor.eu\/#\/schema\/person\/image\/","url":"https:\/\/secure.gravatar.com\/avatar\/94d3dfce9e4a753af2147e51fc43e49a?s=96&d=mm&r=g","contentUrl":"https:\/\/secure.gravatar.com\/avatar\/94d3dfce9e4a753af2147e51fc43e49a?s=96&d=mm&r=g","caption":"Bart Hendrickx"}}]}},"_links":{"self":[{"href":"https:\/\/news.mgmotor.eu\/be-fr\/wp-json\/wp\/v2\/posts\/3644517"}],"collection":[{"href":"https:\/\/news.mgmotor.eu\/be-fr\/wp-json\/wp\/v2\/posts"}],"about":[{"href":"https:\/\/news.mgmotor.eu\/be-fr\/wp-json\/wp\/v2\/types\/post"}],"author":[{"embeddable":true,"href":"https:\/\/news.mgmotor.eu\/be-fr\/wp-json\/wp\/v2\/users\/57"}],"replies":[{"embeddable":true,"href":"https:\/\/news.mgmotor.eu\/be-fr\/wp-json\/wp\/v2\/comments?post=3644517"}],"version-history":[{"count":1,"href":"https:\/\/news.mgmotor.eu\/be-fr\/wp-json\/wp\/v2\/posts\/3644517\/revisions"}],"predecessor-version":[{"id":3644518,"href":"https:\/\/news.mgmotor.eu\/be-fr\/wp-json\/wp\/v2\/posts\/3644517\/revisions\/3644518"}],"wp:featuredmedia":[{"embeddable":true,"href":"https:\/\/news.mgmotor.eu\/be-fr\/wp-json\/wp\/v2\/media\/3644524"}],"wp:attachment":[{"href":"https:\/\/news.mgmotor.eu\/be-fr\/wp-json\/wp\/v2\/media?parent=3644517"}],"wp:term":[{"taxonomy":"category","embeddable":true,"href":"https:\/\/news.mgmotor.eu\/be-fr\/wp-json\/wp\/v2\/categories?post=3644517"},{"taxonomy":"post_tag","embeddable":true,"href":"https:\/\/news.mgmotor.eu\/be-fr\/wp-json\/wp\/v2\/tags?post=3644517"}],"curies":[{"name":"wp","href":"https:\/\/api.w.org\/{rel}","templated":true}]}}