{"id":3561039,"date":"2024-01-18T11:09:55","date_gmt":"2024-01-18T10:09:55","guid":{"rendered":"https:\/\/news.mgmotor.eu\/?p=3561039"},"modified":"2024-02-12T11:20:55","modified_gmt":"2024-02-12T10:20:55","slug":"cyberster-au-brussels-auto-show","status":"publish","type":"post","link":"https:\/\/news.mgmotor.eu\/be-fr\/cyberster-au-brussels-auto-show\/","title":{"rendered":"La MG Cyberster vole la vedette au Brussels Auto Show"},"content":{"rendered":"\n<ul>\n<li><strong>MG CYBERSTER sur le podium du Brussels Auto Show, qui se tient du 17 au 21 janvier.<\/strong><\/li>\n\n\n\n<li><strong>La spectaculaire nouvelle voiture de sport \u00e9lectrique MG sera commercialis\u00e9e en Europe apr\u00e8s l&#8217;\u00e9t\u00e9 2024, mais elle est d\u00e9j\u00e0 disponible \u00e0 la r\u00e9servation.<\/strong><\/li>\n\n\n\n<li><strong>Le Cyberster ouvre un nouveau chapitre dans l&#8217;histoire de MG.<\/strong><\/li>\n\n\n\n<li><strong>Son design r\u00e9volutionnaire allie l&#8217;h\u00e9ritage iconique du roadster au langage moderne de la marque.<\/strong><\/li>\n\n\n\n<li><strong>Le lancement du Cyberster est une \u00e9tape importante dans les c\u00e9l\u00e9brations du 100e anniversaire de la marque<\/strong><\/li>\n<\/ul>\n\n\n\n<p>Cette voiture de sport \u00e0 deux places annonce le retour tant attendu de la c\u00e9l\u00e8bre marque MG \u00e0 la production de roadsters sportifs. Le Cyberster remet l&#8217;histoire au go\u00fbt du jour gr\u00e2ce \u00e0 son puissant groupe motopropulseur tout \u00e9lectrique et \u00e0 son cockpit contemporain dot\u00e9 d&#8217;une technologie de pointe pour le conducteur.<\/p>\n\n\n\n<p>Le style \u00e9vocateur du Cyberster rend hommage aux roadsters les plus pris\u00e9s du riche h\u00e9ritage de MG, avec son long capot distinctif, son nez bas et ses surfaces incurv\u00e9es, mais il introduit \u00e9galement de nouvelles caract\u00e9ristiques frappantes telles que les portes papillon distinctives et le design Kammback \u00e0 l&#8217;arri\u00e8re.<\/p>\n\n\n\n<p>Jan Vanhaver, Country Manager de MG Belux, explique : &#8220;Le Brussels Auto Show est le moment id\u00e9al pour pr\u00e9senter cette MG spectaculaire qui s&#8217;inscrit parfaitement dans notre ADN historique et qui est con\u00e7ue pour captiver les conducteurs \u00e0 tous les niveaux. Avec le lancement du Cyberster, MG souligne une nouvelle fois son ambition de devenir un acteur incontournable en Europe. La croissance spectaculaire de la marque en 2023 \u00e9tait d\u00e9j\u00e0 remarquable, et MG pr\u00e9voit de poursuivre cette croissance dans les ann\u00e9es \u00e0 venir. C&#8217;est aussi une fa\u00e7on fantastique de c\u00e9l\u00e9brer le 100e anniversaire de notre marque&#8221;.<\/p>\n\n\n\n<p>La Cyberster devrait \u00eatre commercialis\u00e9e au Royaume-Uni et en Europe apr\u00e8s l&#8217;\u00e9t\u00e9 2024. Les sp\u00e9cifications et les prix seront annonc\u00e9s au m\u00eame moment.<\/p>\n\n\n\n<p>Outre le Cyberster, les visiteurs du stand MG pourront \u00e9galement d\u00e9couvrir la MG4 Xpower, le bolide de la famille MG4, dot\u00e9 d&#8217;une puissance impressionnante de 435 ch et d&#8217;une transmission int\u00e9grale.<\/p>\n\n\n\n<figure class=\"is-layout-flex wp-block-gallery-1 wp-block-gallery has-nested-images columns-default is-cropped\">\n<figure class=\"wp-block-image size-large\"><img decoding=\"async\" loading=\"lazy\" width=\"1040\" height=\"585\" data-id=\"3561067\"  src=\"https:\/\/news.mgmotor.eu\/wp-content\/uploads\/2024\/02\/IMG_3124-1040x585.jpeg\" alt=\"\" class=\"wp-image-3561067\" srcset=\"https:\/\/news.mgmotor.eu\/wp-content\/uploads\/2024\/02\/IMG_3124-1040x585.jpeg 1040w, https:\/\/news.mgmotor.eu\/wp-content\/uploads\/2024\/02\/IMG_3124-800x450.jpeg 800w, https:\/\/news.mgmotor.eu\/wp-content\/uploads\/2024\/02\/IMG_3124-240x135.jpeg 240w, https:\/\/news.mgmotor.eu\/wp-content\/uploads\/2024\/02\/IMG_3124-624x351.jpeg 624w, https:\/\/news.mgmotor.eu\/wp-content\/uploads\/2024\/02\/IMG_3124-464x261.jpeg 464w, https:\/\/news.mgmotor.eu\/wp-content\/uploads\/2024\/02\/IMG_3124-1600x900.jpeg 1600w\" sizes=\"(max-width: 1040px) 100vw, 1040px\" \/><\/figure>\n\n\n\n<figure class=\"wp-block-image size-large\"><img decoding=\"async\" loading=\"lazy\" width=\"1040\" height=\"585\" data-id=\"3561058\"  src=\"https:\/\/news.mgmotor.eu\/wp-content\/uploads\/2024\/02\/IMG_3156-1040x585.jpeg\" alt=\"\" class=\"wp-image-3561058\" srcset=\"https:\/\/news.mgmotor.eu\/wp-content\/uploads\/2024\/02\/IMG_3156-1040x585.jpeg 1040w, https:\/\/news.mgmotor.eu\/wp-content\/uploads\/2024\/02\/IMG_3156-800x450.jpeg 800w, https:\/\/news.mgmotor.eu\/wp-content\/uploads\/2024\/02\/IMG_3156-240x135.jpeg 240w, https:\/\/news.mgmotor.eu\/wp-content\/uploads\/2024\/02\/IMG_3156-624x351.jpeg 624w, https:\/\/news.mgmotor.eu\/wp-content\/uploads\/2024\/02\/IMG_3156-464x261.jpeg 464w, https:\/\/news.mgmotor.eu\/wp-content\/uploads\/2024\/02\/IMG_3156-1600x900.jpeg 1600w\" sizes=\"(max-width: 1040px) 100vw, 1040px\" \/><\/figure>\n\n\n\n<figure class=\"wp-block-image size-large\"><img decoding=\"async\" loading=\"lazy\" width=\"1040\" height=\"585\" data-id=\"3561049\"  src=\"https:\/\/news.mgmotor.eu\/wp-content\/uploads\/2024\/02\/IMG_3127-1040x585.jpeg\" alt=\"\" class=\"wp-image-3561049\" srcset=\"https:\/\/news.mgmotor.eu\/wp-content\/uploads\/2024\/02\/IMG_3127-1040x585.jpeg 1040w, https:\/\/news.mgmotor.eu\/wp-content\/uploads\/2024\/02\/IMG_3127-800x450.jpeg 800w, https:\/\/news.mgmotor.eu\/wp-content\/uploads\/2024\/02\/IMG_3127-240x135.jpeg 240w, https:\/\/news.mgmotor.eu\/wp-content\/uploads\/2024\/02\/IMG_3127-624x351.jpeg 624w, https:\/\/news.mgmotor.eu\/wp-content\/uploads\/2024\/02\/IMG_3127-464x261.jpeg 464w, https:\/\/news.mgmotor.eu\/wp-content\/uploads\/2024\/02\/IMG_3127-1600x900.jpeg 1600w\" sizes=\"(max-width: 1040px) 100vw, 1040px\" \/><\/figure>\n\n\n\n<figure class=\"wp-block-image size-large\"><img decoding=\"async\" loading=\"lazy\" width=\"1024\" height=\"585\" data-id=\"3561040\"  src=\"https:\/\/news.mgmotor.eu\/wp-content\/uploads\/2024\/02\/1000021569-1024x585.jpg\" alt=\"\" class=\"wp-image-3561040\"\/><\/figure>\n<\/figure>\n\n\n\n<p><a href=\"https:\/\/cdn.uc.assets.prezly.com\/fff47952-aafd-47f7-931d-a13ea24e5016\/IMG_3128.jpeg\"><\/a><\/p>\n\n\n\n<p><a href=\"https:\/\/cdn.uc.assets.prezly.com\/15277cac-18fc-4730-9b69-96764d0b59e1\/-\/crop\/1024x409\/0,100\/-\/preview\/1000021566.jpg\"><\/a><\/p>\n","protected":false},"excerpt":{"rendered":"<p>Cette voiture de sport \u00e0 deux places annonce le retour tant attendu de la c\u00e9l\u00e8bre marque MG \u00e0 la production [&hellip;]<\/p>\n","protected":false},"author":50,"featured_media":3561076,"comment_status":"closed","ping_status":"closed","sticky":false,"template":"","format":"standard","meta":[],"categories":[274,346],"tags":[],"acf":[],"yoast_head":"<!-- This site is optimized with the Yoast SEO plugin v19.8 - https:\/\/yoast.com\/wordpress\/plugins\/seo\/ -->\n<title>La MG Cyberster vole la vedette au Brussels Auto Show - MG Motor Europe<\/title>\n<meta name=\"description\" content=\"MG CYBERSTER sur le podium du Brussels Auto Show, qui se tient du 17 au 21 janvier. La spectaculaire nouvelle voiture de sport \u00e9lectrique MG sera commercialis\u00e9e en Europe apr\u00e8s l&#039;\u00e9t\u00e9 2024, mais elle est d\u00e9j\u00e0 disponible \u00e0 la r\u00e9servation.\" \/>\n<meta name=\"robots\" content=\"index, follow, max-snippet:-1, max-image-preview:large, max-video-preview:-1\" \/>\n<link rel=\"canonical\" href=\"https:\/\/news.mgmotor.eu\/be-fr\/cyberster-au-brussels-auto-show\/\" \/>\n<meta property=\"og:locale\" content=\"fr_FR\" \/>\n<meta property=\"og:type\" content=\"article\" \/>\n<meta property=\"og:title\" content=\"La MG Cyberster vole la vedette au Brussels Auto Show - MG Motor Europe\" \/>\n<meta property=\"og:description\" content=\"MG CYBERSTER sur le podium du Brussels Auto Show, qui se tient du 17 au 21 janvier. La spectaculaire nouvelle voiture de sport \u00e9lectrique MG sera commercialis\u00e9e en Europe apr\u00e8s l&#039;\u00e9t\u00e9 2024, mais elle est d\u00e9j\u00e0 disponible \u00e0 la r\u00e9servation.\" \/>\n<meta property=\"og:url\" content=\"https:\/\/news.mgmotor.eu\/be-fr\/cyberster-au-brussels-auto-show\/\" \/>\n<meta property=\"og:site_name\" content=\"MG Motor Europe\" \/>\n<meta property=\"article:published_time\" content=\"2024-01-18T10:09:55+00:00\" \/>\n<meta property=\"article:modified_time\" content=\"2024-02-12T10:20:55+00:00\" \/>\n<meta property=\"og:image\" content=\"https:\/\/news.mgmotor.eu\/wp-content\/uploads\/2024\/02\/mg-cyberster-bxl-auto-show.png\" \/>\n\t<meta property=\"og:image:width\" content=\"1200\" \/>\n\t<meta property=\"og:image:height\" content=\"473\" \/>\n\t<meta property=\"og:image:type\" content=\"image\/png\" \/>\n<meta name=\"author\" content=\"Britt Marlier\" \/>\n<meta name=\"twitter:card\" content=\"summary_large_image\" \/>\n<meta name=\"twitter:label1\" content=\"Written by\" \/>\n\t<meta name=\"twitter:data1\" content=\"Britt Marlier\" \/>\n\t<meta name=\"twitter:label2\" content=\"Est. reading time\" \/>\n\t<meta name=\"twitter:data2\" content=\"3 minutes\" \/>\n<script type=\"application\/ld+json\" class=\"yoast-schema-graph\">{\"@context\":\"https:\/\/schema.org\",\"@graph\":[{\"@type\":\"WebPage\",\"@id\":\"https:\/\/news.mgmotor.eu\/be-fr\/cyberster-au-brussels-auto-show\/\",\"url\":\"https:\/\/news.mgmotor.eu\/be-fr\/cyberster-au-brussels-auto-show\/\",\"name\":\"La MG Cyberster vole la vedette au Brussels Auto Show - MG Motor Europe\",\"isPartOf\":{\"@id\":\"https:\/\/news.mgmotor.eu\/#website\"},\"datePublished\":\"2024-01-18T10:09:55+00:00\",\"dateModified\":\"2024-02-12T10:20:55+00:00\",\"author\":{\"@id\":\"https:\/\/news.mgmotor.eu\/#\/schema\/person\/75c4fcf16304f1376e1c9f15494e07c9\"},\"description\":\"MG CYBERSTER sur le podium du Brussels Auto Show, qui se tient du 17 au 21 janvier. La spectaculaire nouvelle voiture de sport \u00e9lectrique MG sera commercialis\u00e9e en Europe apr\u00e8s l'\u00e9t\u00e9 2024, mais elle est d\u00e9j\u00e0 disponible \u00e0 la r\u00e9servation.\",\"breadcrumb\":{\"@id\":\"https:\/\/news.mgmotor.eu\/be-fr\/cyberster-au-brussels-auto-show\/#breadcrumb\"},\"inLanguage\":\"fr-BE\",\"potentialAction\":[{\"@type\":\"ReadAction\",\"target\":[\"https:\/\/news.mgmotor.eu\/be-fr\/cyberster-au-brussels-auto-show\/\"]}]},{\"@type\":\"BreadcrumbList\",\"@id\":\"https:\/\/news.mgmotor.eu\/be-fr\/cyberster-au-brussels-auto-show\/#breadcrumb\",\"itemListElement\":[{\"@type\":\"ListItem\",\"position\":1,\"name\":\"Home\",\"item\":\"https:\/\/news.mgmotor.eu\/be-fr\/\"},{\"@type\":\"ListItem\",\"position\":2,\"name\":\"La MG Cyberster vole la vedette au Brussels Auto Show\"}]},{\"@type\":\"WebSite\",\"@id\":\"https:\/\/news.mgmotor.eu\/#website\",\"url\":\"https:\/\/news.mgmotor.eu\/\",\"name\":\"MG Motor Europe\",\"description\":\"\",\"potentialAction\":[{\"@type\":\"SearchAction\",\"target\":{\"@type\":\"EntryPoint\",\"urlTemplate\":\"https:\/\/news.mgmotor.eu\/?s={search_term_string}\"},\"query-input\":\"required name=search_term_string\"}],\"inLanguage\":\"fr-BE\"},{\"@type\":\"Person\",\"@id\":\"https:\/\/news.mgmotor.eu\/#\/schema\/person\/75c4fcf16304f1376e1c9f15494e07c9\",\"name\":\"Britt Marlier\",\"image\":{\"@type\":\"ImageObject\",\"inLanguage\":\"fr-BE\",\"@id\":\"https:\/\/news.mgmotor.eu\/#\/schema\/person\/image\/\",\"url\":\"https:\/\/secure.gravatar.com\/avatar\/c90ab6fb34982186aae0a85cc293a34c?s=96&d=mm&r=g\",\"contentUrl\":\"https:\/\/secure.gravatar.com\/avatar\/c90ab6fb34982186aae0a85cc293a34c?s=96&d=mm&r=g\",\"caption\":\"Britt Marlier\"}}]}<\/script>\n<!-- \/ Yoast SEO plugin. -->","yoast_head_json":{"title":"La MG Cyberster vole la vedette au Brussels Auto Show - MG Motor Europe","description":"MG CYBERSTER sur le podium du Brussels Auto Show, qui se tient du 17 au 21 janvier. La spectaculaire nouvelle voiture de sport \u00e9lectrique MG sera commercialis\u00e9e en Europe apr\u00e8s l'\u00e9t\u00e9 2024, mais elle est d\u00e9j\u00e0 disponible \u00e0 la r\u00e9servation.","robots":{"index":"index","follow":"follow","max-snippet":"max-snippet:-1","max-image-preview":"max-image-preview:large","max-video-preview":"max-video-preview:-1"},"canonical":"https:\/\/news.mgmotor.eu\/be-fr\/cyberster-au-brussels-auto-show\/","og_locale":"fr_FR","og_type":"article","og_title":"La MG Cyberster vole la vedette au Brussels Auto Show - MG Motor Europe","og_description":"MG CYBERSTER sur le podium du Brussels Auto Show, qui se tient du 17 au 21 janvier. La spectaculaire nouvelle voiture de sport \u00e9lectrique MG sera commercialis\u00e9e en Europe apr\u00e8s l'\u00e9t\u00e9 2024, mais elle est d\u00e9j\u00e0 disponible \u00e0 la r\u00e9servation.","og_url":"https:\/\/news.mgmotor.eu\/be-fr\/cyberster-au-brussels-auto-show\/","og_site_name":"MG Motor Europe","article_published_time":"2024-01-18T10:09:55+00:00","article_modified_time":"2024-02-12T10:20:55+00:00","og_image":[{"width":1200,"height":473,"url":"https:\/\/news.mgmotor.eu\/wp-content\/uploads\/2024\/02\/mg-cyberster-bxl-auto-show.png","type":"image\/png"}],"author":"Britt Marlier","twitter_card":"summary_large_image","twitter_misc":{"Written by":"Britt Marlier","Est. reading time":"3 minutes"},"schema":{"@context":"https:\/\/schema.org","@graph":[{"@type":"WebPage","@id":"https:\/\/news.mgmotor.eu\/be-fr\/cyberster-au-brussels-auto-show\/","url":"https:\/\/news.mgmotor.eu\/be-fr\/cyberster-au-brussels-auto-show\/","name":"La MG Cyberster vole la vedette au Brussels Auto Show - MG Motor Europe","isPartOf":{"@id":"https:\/\/news.mgmotor.eu\/#website"},"datePublished":"2024-01-18T10:09:55+00:00","dateModified":"2024-02-12T10:20:55+00:00","author":{"@id":"https:\/\/news.mgmotor.eu\/#\/schema\/person\/75c4fcf16304f1376e1c9f15494e07c9"},"description":"MG CYBERSTER sur le podium du Brussels Auto Show, qui se tient du 17 au 21 janvier. La spectaculaire nouvelle voiture de sport \u00e9lectrique MG sera commercialis\u00e9e en Europe apr\u00e8s l'\u00e9t\u00e9 2024, mais elle est d\u00e9j\u00e0 disponible \u00e0 la r\u00e9servation.","breadcrumb":{"@id":"https:\/\/news.mgmotor.eu\/be-fr\/cyberster-au-brussels-auto-show\/#breadcrumb"},"inLanguage":"fr-BE","potentialAction":[{"@type":"ReadAction","target":["https:\/\/news.mgmotor.eu\/be-fr\/cyberster-au-brussels-auto-show\/"]}]},{"@type":"BreadcrumbList","@id":"https:\/\/news.mgmotor.eu\/be-fr\/cyberster-au-brussels-auto-show\/#breadcrumb","itemListElement":[{"@type":"ListItem","position":1,"name":"Home","item":"https:\/\/news.mgmotor.eu\/be-fr\/"},{"@type":"ListItem","position":2,"name":"La MG Cyberster vole la vedette au Brussels Auto Show"}]},{"@type":"WebSite","@id":"https:\/\/news.mgmotor.eu\/#website","url":"https:\/\/news.mgmotor.eu\/","name":"MG Motor Europe","description":"","potentialAction":[{"@type":"SearchAction","target":{"@type":"EntryPoint","urlTemplate":"https:\/\/news.mgmotor.eu\/?s={search_term_string}"},"query-input":"required name=search_term_string"}],"inLanguage":"fr-BE"},{"@type":"Person","@id":"https:\/\/news.mgmotor.eu\/#\/schema\/person\/75c4fcf16304f1376e1c9f15494e07c9","name":"Britt Marlier","image":{"@type":"ImageObject","inLanguage":"fr-BE","@id":"https:\/\/news.mgmotor.eu\/#\/schema\/person\/image\/","url":"https:\/\/secure.gravatar.com\/avatar\/c90ab6fb34982186aae0a85cc293a34c?s=96&d=mm&r=g","contentUrl":"https:\/\/secure.gravatar.com\/avatar\/c90ab6fb34982186aae0a85cc293a34c?s=96&d=mm&r=g","caption":"Britt Marlier"}}]}},"_links":{"self":[{"href":"https:\/\/news.mgmotor.eu\/be-fr\/wp-json\/wp\/v2\/posts\/3561039"}],"collection":[{"href":"https:\/\/news.mgmotor.eu\/be-fr\/wp-json\/wp\/v2\/posts"}],"about":[{"href":"https:\/\/news.mgmotor.eu\/be-fr\/wp-json\/wp\/v2\/types\/post"}],"author":[{"embeddable":true,"href":"https:\/\/news.mgmotor.eu\/be-fr\/wp-json\/wp\/v2\/users\/50"}],"replies":[{"embeddable":true,"href":"https:\/\/news.mgmotor.eu\/be-fr\/wp-json\/wp\/v2\/comments?post=3561039"}],"version-history":[{"count":1,"href":"https:\/\/news.mgmotor.eu\/be-fr\/wp-json\/wp\/v2\/posts\/3561039\/revisions"}],"predecessor-version":[{"id":3561085,"href":"https:\/\/news.mgmotor.eu\/be-fr\/wp-json\/wp\/v2\/posts\/3561039\/revisions\/3561085"}],"wp:featuredmedia":[{"embeddable":true,"href":"https:\/\/news.mgmotor.eu\/be-fr\/wp-json\/wp\/v2\/media\/3561076"}],"wp:attachment":[{"href":"https:\/\/news.mgmotor.eu\/be-fr\/wp-json\/wp\/v2\/media?parent=3561039"}],"wp:term":[{"taxonomy":"category","embeddable":true,"href":"https:\/\/news.mgmotor.eu\/be-fr\/wp-json\/wp\/v2\/categories?post=3561039"},{"taxonomy":"post_tag","embeddable":true,"href":"https:\/\/news.mgmotor.eu\/be-fr\/wp-json\/wp\/v2\/tags?post=3561039"}],"curies":[{"name":"wp","href":"https:\/\/api.w.org\/{rel}","templated":true}]}}