{"id":3655990,"date":"2026-08-30T10:52:23","date_gmt":"2026-08-30T08:52:23","guid":{"rendered":"https:\/\/news.mgmotor.eu\/?post_type=press&#038;p=3655990"},"modified":"2026-09-02T11:42:48","modified_gmt":"2026-09-02T09:42:48","slug":"mg-stellt-marketing-kommunikation-neu-auf","status":"publish","type":"press","link":"https:\/\/news.mgmotor.eu\/at\/press\/mg-stellt-marketing-kommunikation-neu-auf\/","title":{"rendered":"MG stellt Marketing &amp; Kommunikation neu auf"},"content":{"rendered":"\n<p><strong>Neue Personen in neuen Positionen verst\u00e4rken ab sofort Produktmanagement, PR und Marketing bei MG in \u00d6sterreich.<\/strong><\/p>\n\n\n\n<p>MG w\u00e4chst und verkauft in \u00d6sterreich heuer um 30% mehr Autos als im Vorjahr. Und f\u00fcr 2027 sind schon die n\u00e4chsten Modellpremieren startbereit. Jetzt verst\u00e4rkt MG das Marketing-Team und baut die Kommunikation aus, um Marke und Modelle bekannter und vertrauter zu machen.<\/p>\n\n\n\n<p><strong>Juliana Pivovarnikova<\/strong> \u00fcbernimmt als neue <strong>Produktmanagerin<\/strong> f\u00fcr MG in \u00d6sterreich. Sie verantwortet Preispositionierung, Modelleinf\u00fchrungen, Marktanalysen und Produktkommunikation. In diesem Job bringt sie mehr als acht Jahre Erfahrung aus der Autobranche mit, zuletzt bei Toyota.<\/p>\n\n\n\n<p><strong>Simon Eigner<\/strong> ist als <strong>PR- und Produktspezialist<\/strong> ab sofort Kontaktperson f\u00fcr MotorjournalistInnen und Automotive-Influencers. Er managt auch den PR-Fuhrpark. Nach Stationen bei BMW in M\u00fcnchen und Audi in Ingolstadt ist er seit 2025 bei MG, zuletzt in Marketingfunktionen.<\/p>\n\n\n\n<p><strong>Leonie Schram<\/strong> konzentriert sich als <strong>Marketing Operations Managerin<\/strong> k\u00fcnftig auf Werbekampagnen, Handelsmarketing, Social-Media- und Influencer-Aktivit\u00e4ten. Die ausgebildete Online-Marketerin kam 2025 zu MG und hat die heutige Organisation bereits aktiv mitgestaltet.<\/p>\n\n\n\n<p><strong>Jo Deimel<\/strong> koordiniert als <strong>Head of Marketing &amp; PR<\/strong> das Zusammenspiel von Werbung, CRM, PR und Produktmanagement. Er hat mehr als 20 Jahre Erfahrung in der Automobilbranche, in heimischen und internationalen Marketing- und Kommunikationsrollen, zuletzt bei Mazda.&nbsp;<\/p>\n\n\n\n<p>\u201eMit der Verst\u00e4rkung unseres Teams schaffen wir das Fundament, um die Marke MG noch begehrlicher zu machen und unsere H\u00e4ndler optimal zu betreuen\u201c, sagt Alexander Struckl, Gesch\u00e4ftsf\u00fchrer von MG in \u00d6sterreich.<\/p>\n","protected":false},"excerpt":{"rendered":"<p>Neue Personen in neuen Positionen verst\u00e4rken ab sofort Produktmanagement, PR und Marketing bei MG in \u00d6sterreich. MG w\u00e4chst und verkauft [&hellip;]<\/p>\n","protected":false},"featured_media":3656015,"template":"","categories":[235],"tags":[1114,1116,1117,1115,1105],"acf":[],"yoast_head":"<!-- This site is optimized with the Yoast SEO plugin v19.8 - https:\/\/yoast.com\/wordpress\/plugins\/seo\/ -->\n<title>MG stellt Marketing &amp; Kommunikation neu auf - MG Motor Europe<\/title>\n<meta name=\"description\" content=\"MG verst\u00e4rkt das Marketing und PR-Team in \u00d6sterreich mit neuen Personen in neuen Rollen.\" \/>\n<meta name=\"robots\" content=\"index, follow, max-snippet:-1, max-image-preview:large, max-video-preview:-1\" \/>\n<link rel=\"canonical\" href=\"https:\/\/news.mgmotor.eu\/at\/press\/mg-stellt-marketing-kommunikation-neu-auf\/\" \/>\n<meta property=\"og:locale\" content=\"de_DE\" \/>\n<meta property=\"og:type\" content=\"article\" \/>\n<meta property=\"og:title\" content=\"MG stellt Marketing &amp; Kommunikation neu auf - MG Motor Europe\" \/>\n<meta property=\"og:description\" content=\"MG verst\u00e4rkt das Marketing und PR-Team in \u00d6sterreich mit neuen Personen in neuen Rollen.\" \/>\n<meta property=\"og:url\" content=\"https:\/\/news.mgmotor.eu\/at\/press\/mg-stellt-marketing-kommunikation-neu-auf\/\" \/>\n<meta property=\"og:site_name\" content=\"MG Motor Europe\" \/>\n<meta property=\"article:modified_time\" content=\"2026-09-02T09:42:48+00:00\" \/>\n<meta property=\"og:image\" content=\"https:\/\/news.mgmotor.eu\/wp-content\/uploads\/2026\/08\/MG_CommsTeam_a.jpg\" \/>\n\t<meta property=\"og:image:width\" content=\"2048\" \/>\n\t<meta property=\"og:image:height\" content=\"1536\" \/>\n\t<meta property=\"og:image:type\" content=\"image\/jpeg\" \/>\n<meta name=\"twitter:card\" content=\"summary_large_image\" \/>\n<meta name=\"twitter:label1\" content=\"Est. reading time\" \/>\n\t<meta name=\"twitter:data1\" content=\"1 minute\" \/>\n<script type=\"application\/ld+json\" class=\"yoast-schema-graph\">{\"@context\":\"https:\/\/schema.org\",\"@graph\":[{\"@type\":\"WebPage\",\"@id\":\"https:\/\/news.mgmotor.eu\/at\/press\/mg-stellt-marketing-kommunikation-neu-auf\/\",\"url\":\"https:\/\/news.mgmotor.eu\/at\/press\/mg-stellt-marketing-kommunikation-neu-auf\/\",\"name\":\"MG stellt Marketing &amp; Kommunikation neu auf - MG Motor Europe\",\"isPartOf\":{\"@id\":\"https:\/\/news.mgmotor.eu\/#website\"},\"datePublished\":\"2026-08-30T08:52:23+00:00\",\"dateModified\":\"2026-09-02T09:42:48+00:00\",\"description\":\"MG verst\u00e4rkt das Marketing und PR-Team in \u00d6sterreich mit neuen Personen in neuen Rollen.\",\"breadcrumb\":{\"@id\":\"https:\/\/news.mgmotor.eu\/at\/press\/mg-stellt-marketing-kommunikation-neu-auf\/#breadcrumb\"},\"inLanguage\":\"de-AT\",\"potentialAction\":[{\"@type\":\"ReadAction\",\"target\":[\"https:\/\/news.mgmotor.eu\/at\/press\/mg-stellt-marketing-kommunikation-neu-auf\/\"]}]},{\"@type\":\"BreadcrumbList\",\"@id\":\"https:\/\/news.mgmotor.eu\/at\/press\/mg-stellt-marketing-kommunikation-neu-auf\/#breadcrumb\",\"itemListElement\":[{\"@type\":\"ListItem\",\"position\":1,\"name\":\"Home\",\"item\":\"https:\/\/news.mgmotor.eu\/at\/\"},{\"@type\":\"ListItem\",\"position\":2,\"name\":\"Press Releases\",\"item\":\"https:\/\/news.mgmotor.eu\/at\/press\/\"},{\"@type\":\"ListItem\",\"position\":3,\"name\":\"MG stellt Marketing &amp; Kommunikation neu auf\"}]},{\"@type\":\"WebSite\",\"@id\":\"https:\/\/news.mgmotor.eu\/#website\",\"url\":\"https:\/\/news.mgmotor.eu\/\",\"name\":\"MG Motor Europe\",\"description\":\"\",\"potentialAction\":[{\"@type\":\"SearchAction\",\"target\":{\"@type\":\"EntryPoint\",\"urlTemplate\":\"https:\/\/news.mgmotor.eu\/?s={search_term_string}\"},\"query-input\":\"required name=search_term_string\"}],\"inLanguage\":\"de-AT\"}]}<\/script>\n<!-- \/ Yoast SEO plugin. -->","yoast_head_json":{"title":"MG stellt Marketing &amp; Kommunikation neu auf - MG Motor Europe","description":"MG verst\u00e4rkt das Marketing und PR-Team in \u00d6sterreich mit neuen Personen in neuen Rollen.","robots":{"index":"index","follow":"follow","max-snippet":"max-snippet:-1","max-image-preview":"max-image-preview:large","max-video-preview":"max-video-preview:-1"},"canonical":"https:\/\/news.mgmotor.eu\/at\/press\/mg-stellt-marketing-kommunikation-neu-auf\/","og_locale":"de_DE","og_type":"article","og_title":"MG stellt Marketing &amp; Kommunikation neu auf - MG Motor Europe","og_description":"MG verst\u00e4rkt das Marketing und PR-Team in \u00d6sterreich mit neuen Personen in neuen Rollen.","og_url":"https:\/\/news.mgmotor.eu\/at\/press\/mg-stellt-marketing-kommunikation-neu-auf\/","og_site_name":"MG Motor Europe","article_modified_time":"2026-09-02T09:42:48+00:00","og_image":[{"width":2048,"height":1536,"url":"https:\/\/news.mgmotor.eu\/wp-content\/uploads\/2026\/08\/MG_CommsTeam_a.jpg","type":"image\/jpeg"}],"twitter_card":"summary_large_image","twitter_misc":{"Est. reading time":"1 minute"},"schema":{"@context":"https:\/\/schema.org","@graph":[{"@type":"WebPage","@id":"https:\/\/news.mgmotor.eu\/at\/press\/mg-stellt-marketing-kommunikation-neu-auf\/","url":"https:\/\/news.mgmotor.eu\/at\/press\/mg-stellt-marketing-kommunikation-neu-auf\/","name":"MG stellt Marketing &amp; Kommunikation neu auf - MG Motor Europe","isPartOf":{"@id":"https:\/\/news.mgmotor.eu\/#website"},"datePublished":"2026-08-30T08:52:23+00:00","dateModified":"2026-09-02T09:42:48+00:00","description":"MG verst\u00e4rkt das Marketing und PR-Team in \u00d6sterreich mit neuen Personen in neuen Rollen.","breadcrumb":{"@id":"https:\/\/news.mgmotor.eu\/at\/press\/mg-stellt-marketing-kommunikation-neu-auf\/#breadcrumb"},"inLanguage":"de-AT","potentialAction":[{"@type":"ReadAction","target":["https:\/\/news.mgmotor.eu\/at\/press\/mg-stellt-marketing-kommunikation-neu-auf\/"]}]},{"@type":"BreadcrumbList","@id":"https:\/\/news.mgmotor.eu\/at\/press\/mg-stellt-marketing-kommunikation-neu-auf\/#breadcrumb","itemListElement":[{"@type":"ListItem","position":1,"name":"Home","item":"https:\/\/news.mgmotor.eu\/at\/"},{"@type":"ListItem","position":2,"name":"Press Releases","item":"https:\/\/news.mgmotor.eu\/at\/press\/"},{"@type":"ListItem","position":3,"name":"MG stellt Marketing &amp; Kommunikation neu auf"}]},{"@type":"WebSite","@id":"https:\/\/news.mgmotor.eu\/#website","url":"https:\/\/news.mgmotor.eu\/","name":"MG Motor Europe","description":"","potentialAction":[{"@type":"SearchAction","target":{"@type":"EntryPoint","urlTemplate":"https:\/\/news.mgmotor.eu\/?s={search_term_string}"},"query-input":"required name=search_term_string"}],"inLanguage":"de-AT"}]}},"_links":{"self":[{"href":"https:\/\/news.mgmotor.eu\/at\/wp-json\/wp\/v2\/press\/3655990"}],"collection":[{"href":"https:\/\/news.mgmotor.eu\/at\/wp-json\/wp\/v2\/press"}],"about":[{"href":"https:\/\/news.mgmotor.eu\/at\/wp-json\/wp\/v2\/types\/press"}],"wp:featuredmedia":[{"embeddable":true,"href":"https:\/\/news.mgmotor.eu\/at\/wp-json\/wp\/v2\/media\/3656015"}],"wp:attachment":[{"href":"https:\/\/news.mgmotor.eu\/at\/wp-json\/wp\/v2\/media?parent=3655990"}],"wp:term":[{"taxonomy":"category","embeddable":true,"href":"https:\/\/news.mgmotor.eu\/at\/wp-json\/wp\/v2\/categories?post=3655990"},{"taxonomy":"post_tag","embeddable":true,"href":"https:\/\/news.mgmotor.eu\/at\/wp-json\/wp\/v2\/tags?post=3655990"}],"curies":[{"name":"wp","href":"https:\/\/api.w.org\/{rel}","templated":true}]}}