{"id":3577800,"date":"2025-01-09T08:20:57","date_gmt":"2025-01-09T07:20:57","guid":{"rendered":"https:\/\/news.mgmotor.eu\/?post_type=press&#038;p=3577800"},"modified":"2025-01-30T13:50:15","modified_gmt":"2025-01-30T12:50:15","slug":"der-vollelektrische-mg-cyberster-ist-offizielles-vorausauto-der-planai-classic-2025","status":"publish","type":"press","link":"https:\/\/news.mgmotor.eu\/at\/press\/der-vollelektrische-mg-cyberster-ist-offizielles-vorausauto-der-planai-classic-2025\/","title":{"rendered":"Der vollelektrische MG Cyberster ist offizielles Vorausauto der Planai-Classic 2025"},"content":{"rendered":"\r\n<p><strong>Wien, 9. Januar 2025<\/strong> \u2013 MG Motor Austria freut sich, den vollelektrischen und brandneuen MG Cyberster als offizielles Vorausauto der diesj\u00e4hrigen Planai-Classic anzuk\u00fcndigen. Die legend\u00e4re Oldtimer-Rallye, die dieses Jahr von 9. \u2013 11. J\u00e4nner 2025 stattfindet, bietet die perfekte B\u00fchne, um den innovativen und zukunftsweisenden Roadster einem breiten Publikum zu pr\u00e4sentieren.<\/p>\r\n\r\n\r\n\r\n<p>Der MG Cyberster vereint die ikonische Tradition britischen Roadster-Designs mit modernster Elektromobilit\u00e4t. Mit seiner kraftvollen Performance, einer beeindruckenden Reichweite und seinem atemberaubenden Design symbolisiert der Cyberster die Vision von MG Motor, nachhaltige Mobilit\u00e4t und Fahrspa\u00df perfekt zu vereinen.<\/p>\r\n\r\n\r\n\r\n<p>\u201eEs ist uns eine gro\u00dfe Ehre, den MG Cyberster als Vorausauto bei einem so renommierten Event wie der Planai-Classic zu pr\u00e4sentieren\u201c, erkl\u00e4rt Alexander Struck, Managing Director von MG Motor Austria.<\/p>\r\n\r\n\r\n\r\n<p>Als Vorausauto wird der MG Cyberster die Strecke der traditionellen Oldtimer-Rallye anf\u00fchren und somit die Verbindung zwischen der Vergangenheit und der Zukunft des Automobils symbolisieren. Die Teilnahme des MG Cyberster an der Planai-Classic unterstreicht einmal mehr das Engagement von MG Motor Austria, Elektromobilit\u00e4t emotional erlebbar zu machen und gleichzeitig einen Beitrag zu einer nachhaltigen Mobilit\u00e4tszukunft zu leisten.<\/p>\r\n\r\n\r\n\r\n<p><strong>\u00dcber die Planai-Classic 2025:<\/strong><\/p>\r\n\r\n\r\n\r\n<p>Vom 9. bis 11. J\u00e4nner 2025 wird mit der 28. Planai-Classic das Oldtimerjahr 2025 er\u00f6ffnet. Aus heutiger Sicht verspricht Frau Holle herrlich winterliche Bedingungen. Die perfekte Kulisse um die einzigartige Mischung aus Nostalgie, Motorsport und Fahrkunst hautnah mitzuerleben.<\/p>\r\n\r\n\r\n\r\n<p>Insgesamt 58 automobile Rarit\u00e4ten aus den Baujahren 1932 bis 1976 werden erwartet.<\/p>\r\n\r\n\r\n\r\n<p>Die Planai-Classic gilt als echte Herausforderung: Schneebedeckte Stra\u00dfen, gefrorene Pisten und herausfordernde Sonderpr\u00fcfungen fordern von den Teilnehmern nicht nur technisches K\u00f6nnen, sondern auch Teamgeist und die richtige Mischung aus Geschwindigkeit und Vorsicht. Diese Bedingungen machen das Event zu einem unvergleichlichen Erlebnis f\u00fcr Teilnehmer und Zuschauer gleicherma\u00dfen.<\/p>\r\n\r\n\r\n\r\n<p><strong>Programm-Highlights:<\/strong><\/p>\r\n\r\n\r\n\r\n<p><strong>Donnerstag, 9. J\u00e4nner:<\/strong> ab 16:00 Uhr Start am Hauptplatz in Schladming mit anschlie\u00dfendem Dachstein-Prolog.<\/p>\r\n\r\n\r\n\r\n<p><strong>Freitag, 10. J\u00e4nner:<\/strong> Schladming-Dachstein Runde mit 210 Kilometern und 19 Sonderpr\u00fcfungen sowie einem Stopp am Hauptplatz in Schladming ab 14:50 Uhr.<\/p>\r\n\r\n\r\n\r\n<p><strong>Samstag, 11. J\u00e4nner:<\/strong> Nach der Sonderpr\u00fcfung am Airfield Nieder\u00f6blarn am Vormittag geht es weiter zur Mittelstation der Planai-Bergstra\u00dfe . Dort findet ab 13:00 Uhr die traditionelle Planai-Bergwertung statt.<\/p>\r\n\r\n\r\n\r\n<p>Alle Informationen zum Programm sowie die Startliste finden Sie auf <a href=\"http:\/\/www.planai-classic.at\">www.planai-classic.at<\/a>.<\/p>\r\n","protected":false},"excerpt":{"rendered":"<p>Wien, 9. Januar 2025 \u2013 MG Motor Austria freut sich, den vollelektrischen und brandneuen MG Cyberster als offizielles Vorausauto der [&hellip;]<\/p>\n","protected":false},"featured_media":3577811,"template":"","categories":[228,222],"tags":[],"acf":[],"yoast_head":"<!-- This site is optimized with the Yoast SEO plugin v19.8 - https:\/\/yoast.com\/wordpress\/plugins\/seo\/ -->\n<title>Der vollelektrische MG Cyberster ist offizielles Vorausauto der Planai-Classic 2025 - MG Motor Europe<\/title>\n<meta name=\"description\" content=\"MG Motor Austria freut sich, den vollelektrischen und brandneuen MG Cyberster als offizielles Vorausauto der diesj\u00e4hrigen Planai-Classic anzuk\u00fcndigen.\" \/>\n<meta name=\"robots\" content=\"index, follow, max-snippet:-1, max-image-preview:large, max-video-preview:-1\" \/>\n<link rel=\"canonical\" href=\"https:\/\/news.mgmotor.eu\/at\/press\/der-vollelektrische-mg-cyberster-ist-offizielles-vorausauto-der-planai-classic-2025\/\" \/>\n<meta property=\"og:locale\" content=\"de_DE\" \/>\n<meta property=\"og:type\" content=\"article\" \/>\n<meta property=\"og:title\" content=\"Der vollelektrische MG Cyberster ist offizielles Vorausauto der Planai-Classic 2025 - MG Motor Europe\" \/>\n<meta property=\"og:description\" content=\"MG Motor Austria freut sich, den vollelektrischen und brandneuen MG Cyberster als offizielles Vorausauto der diesj\u00e4hrigen Planai-Classic anzuk\u00fcndigen.\" \/>\n<meta property=\"og:url\" content=\"https:\/\/news.mgmotor.eu\/at\/press\/der-vollelektrische-mg-cyberster-ist-offizielles-vorausauto-der-planai-classic-2025\/\" \/>\n<meta property=\"og:site_name\" content=\"MG Motor Europe\" \/>\n<meta property=\"article:modified_time\" content=\"2025-01-30T12:50:15+00:00\" \/>\n<meta property=\"og:image\" content=\"https:\/\/news.mgmotor.eu\/wp-content\/uploads\/2025\/01\/MG-Cyberster-Vorausauto-Planai-Classic.jpg\" \/>\n\t<meta property=\"og:image:width\" content=\"1200\" \/>\n\t<meta property=\"og:image:height\" content=\"1200\" \/>\n\t<meta property=\"og:image:type\" content=\"image\/jpeg\" \/>\n<meta name=\"twitter:card\" content=\"summary_large_image\" \/>\n<meta name=\"twitter:label1\" content=\"Est. reading time\" \/>\n\t<meta name=\"twitter:data1\" content=\"2 minutes\" \/>\n<script type=\"application\/ld+json\" class=\"yoast-schema-graph\">{\"@context\":\"https:\/\/schema.org\",\"@graph\":[{\"@type\":\"WebPage\",\"@id\":\"https:\/\/news.mgmotor.eu\/at\/press\/der-vollelektrische-mg-cyberster-ist-offizielles-vorausauto-der-planai-classic-2025\/\",\"url\":\"https:\/\/news.mgmotor.eu\/at\/press\/der-vollelektrische-mg-cyberster-ist-offizielles-vorausauto-der-planai-classic-2025\/\",\"name\":\"Der vollelektrische MG Cyberster ist offizielles Vorausauto der Planai-Classic 2025 - MG Motor Europe\",\"isPartOf\":{\"@id\":\"https:\/\/news.mgmotor.eu\/#website\"},\"datePublished\":\"2025-01-09T07:20:57+00:00\",\"dateModified\":\"2025-01-30T12:50:15+00:00\",\"description\":\"MG Motor Austria freut sich, den vollelektrischen und brandneuen MG Cyberster als offizielles Vorausauto der diesj\u00e4hrigen Planai-Classic anzuk\u00fcndigen.\",\"breadcrumb\":{\"@id\":\"https:\/\/news.mgmotor.eu\/at\/press\/der-vollelektrische-mg-cyberster-ist-offizielles-vorausauto-der-planai-classic-2025\/#breadcrumb\"},\"inLanguage\":\"de-AT\",\"potentialAction\":[{\"@type\":\"ReadAction\",\"target\":[\"https:\/\/news.mgmotor.eu\/at\/press\/der-vollelektrische-mg-cyberster-ist-offizielles-vorausauto-der-planai-classic-2025\/\"]}]},{\"@type\":\"BreadcrumbList\",\"@id\":\"https:\/\/news.mgmotor.eu\/at\/press\/der-vollelektrische-mg-cyberster-ist-offizielles-vorausauto-der-planai-classic-2025\/#breadcrumb\",\"itemListElement\":[{\"@type\":\"ListItem\",\"position\":1,\"name\":\"Home\",\"item\":\"https:\/\/news.mgmotor.eu\/at\/\"},{\"@type\":\"ListItem\",\"position\":2,\"name\":\"Press Releases\",\"item\":\"https:\/\/news.mgmotor.eu\/at\/press\/\"},{\"@type\":\"ListItem\",\"position\":3,\"name\":\"Der vollelektrische MG Cyberster ist offizielles Vorausauto der Planai-Classic 2025\"}]},{\"@type\":\"WebSite\",\"@id\":\"https:\/\/news.mgmotor.eu\/#website\",\"url\":\"https:\/\/news.mgmotor.eu\/\",\"name\":\"MG Motor Europe\",\"description\":\"\",\"potentialAction\":[{\"@type\":\"SearchAction\",\"target\":{\"@type\":\"EntryPoint\",\"urlTemplate\":\"https:\/\/news.mgmotor.eu\/?s={search_term_string}\"},\"query-input\":\"required name=search_term_string\"}],\"inLanguage\":\"de-AT\"}]}<\/script>\n<!-- \/ Yoast SEO plugin. -->","yoast_head_json":{"title":"Der vollelektrische MG Cyberster ist offizielles Vorausauto der Planai-Classic 2025 - MG Motor Europe","description":"MG Motor Austria freut sich, den vollelektrischen und brandneuen MG Cyberster als offizielles Vorausauto der diesj\u00e4hrigen Planai-Classic anzuk\u00fcndigen.","robots":{"index":"index","follow":"follow","max-snippet":"max-snippet:-1","max-image-preview":"max-image-preview:large","max-video-preview":"max-video-preview:-1"},"canonical":"https:\/\/news.mgmotor.eu\/at\/press\/der-vollelektrische-mg-cyberster-ist-offizielles-vorausauto-der-planai-classic-2025\/","og_locale":"de_DE","og_type":"article","og_title":"Der vollelektrische MG Cyberster ist offizielles Vorausauto der Planai-Classic 2025 - MG Motor Europe","og_description":"MG Motor Austria freut sich, den vollelektrischen und brandneuen MG Cyberster als offizielles Vorausauto der diesj\u00e4hrigen Planai-Classic anzuk\u00fcndigen.","og_url":"https:\/\/news.mgmotor.eu\/at\/press\/der-vollelektrische-mg-cyberster-ist-offizielles-vorausauto-der-planai-classic-2025\/","og_site_name":"MG Motor Europe","article_modified_time":"2025-01-30T12:50:15+00:00","og_image":[{"width":1200,"height":1200,"url":"https:\/\/news.mgmotor.eu\/wp-content\/uploads\/2025\/01\/MG-Cyberster-Vorausauto-Planai-Classic.jpg","type":"image\/jpeg"}],"twitter_card":"summary_large_image","twitter_misc":{"Est. reading time":"2 minutes"},"schema":{"@context":"https:\/\/schema.org","@graph":[{"@type":"WebPage","@id":"https:\/\/news.mgmotor.eu\/at\/press\/der-vollelektrische-mg-cyberster-ist-offizielles-vorausauto-der-planai-classic-2025\/","url":"https:\/\/news.mgmotor.eu\/at\/press\/der-vollelektrische-mg-cyberster-ist-offizielles-vorausauto-der-planai-classic-2025\/","name":"Der vollelektrische MG Cyberster ist offizielles Vorausauto der Planai-Classic 2025 - MG Motor Europe","isPartOf":{"@id":"https:\/\/news.mgmotor.eu\/#website"},"datePublished":"2025-01-09T07:20:57+00:00","dateModified":"2025-01-30T12:50:15+00:00","description":"MG Motor Austria freut sich, den vollelektrischen und brandneuen MG Cyberster als offizielles Vorausauto der diesj\u00e4hrigen Planai-Classic anzuk\u00fcndigen.","breadcrumb":{"@id":"https:\/\/news.mgmotor.eu\/at\/press\/der-vollelektrische-mg-cyberster-ist-offizielles-vorausauto-der-planai-classic-2025\/#breadcrumb"},"inLanguage":"de-AT","potentialAction":[{"@type":"ReadAction","target":["https:\/\/news.mgmotor.eu\/at\/press\/der-vollelektrische-mg-cyberster-ist-offizielles-vorausauto-der-planai-classic-2025\/"]}]},{"@type":"BreadcrumbList","@id":"https:\/\/news.mgmotor.eu\/at\/press\/der-vollelektrische-mg-cyberster-ist-offizielles-vorausauto-der-planai-classic-2025\/#breadcrumb","itemListElement":[{"@type":"ListItem","position":1,"name":"Home","item":"https:\/\/news.mgmotor.eu\/at\/"},{"@type":"ListItem","position":2,"name":"Press Releases","item":"https:\/\/news.mgmotor.eu\/at\/press\/"},{"@type":"ListItem","position":3,"name":"Der vollelektrische MG Cyberster ist offizielles Vorausauto der Planai-Classic 2025"}]},{"@type":"WebSite","@id":"https:\/\/news.mgmotor.eu\/#website","url":"https:\/\/news.mgmotor.eu\/","name":"MG Motor Europe","description":"","potentialAction":[{"@type":"SearchAction","target":{"@type":"EntryPoint","urlTemplate":"https:\/\/news.mgmotor.eu\/?s={search_term_string}"},"query-input":"required name=search_term_string"}],"inLanguage":"de-AT"}]}},"_links":{"self":[{"href":"https:\/\/news.mgmotor.eu\/at\/wp-json\/wp\/v2\/press\/3577800"}],"collection":[{"href":"https:\/\/news.mgmotor.eu\/at\/wp-json\/wp\/v2\/press"}],"about":[{"href":"https:\/\/news.mgmotor.eu\/at\/wp-json\/wp\/v2\/types\/press"}],"wp:featuredmedia":[{"embeddable":true,"href":"https:\/\/news.mgmotor.eu\/at\/wp-json\/wp\/v2\/media\/3577811"}],"wp:attachment":[{"href":"https:\/\/news.mgmotor.eu\/at\/wp-json\/wp\/v2\/media?parent=3577800"}],"wp:term":[{"taxonomy":"category","embeddable":true,"href":"https:\/\/news.mgmotor.eu\/at\/wp-json\/wp\/v2\/categories?post=3577800"},{"taxonomy":"post_tag","embeddable":true,"href":"https:\/\/news.mgmotor.eu\/at\/wp-json\/wp\/v2\/tags?post=3577800"}],"curies":[{"name":"wp","href":"https:\/\/api.w.org\/{rel}","templated":true}]}}