{"id":3560923,"date":"2024-02-05T15:07:19","date_gmt":"2024-02-05T14:07:19","guid":{"rendered":"https:\/\/news.mgmotor.eu\/?post_type=press&#038;p=3560923"},"modified":"2024-02-05T15:07:20","modified_gmt":"2024-02-05T14:07:20","slug":"neuer-mg3-feiert-weltpremiere-auf-dem-genfer-autosalon-2024","status":"publish","type":"press","link":"https:\/\/news.mgmotor.eu\/at\/press\/neuer-mg3-feiert-weltpremiere-auf-dem-genfer-autosalon-2024\/","title":{"rendered":"Neuer MG3 feiert Weltpremiere auf dem Genfer Autosalon 2024"},"content":{"rendered":"\n<ul>\n<li>Weltpremiere des neuen MG3: MG pr\u00e4sentiert seine neueste fortschrittliche Hybrid Plus-Technologie<\/li>\n\n\n\n<li>Exklusiver Einblick: MG3 Interior Design-Skizze ver\u00f6ffentlicht<\/li>\n\n\n\n<li>MG Cyberster: Leistungs- und Reichweitenangaben des vollelektrischen Roadsters von MG werden bekanntgegeben<\/li>\n<\/ul>\n\n\n\n<p><strong>Wien, 5. Februar 2024<\/strong> \u2013 MG Motor wird den neuen MG3 Hybrid ihm Rahmen seiner Weltpremiere auf dem Genfer Autosalon 2024 am Montag, den 26. Februar, vorstellen.<\/p>\n\n\n\n<p>Mit dem MG3 Hybrid setzt MG Motor einen bedeutenden Meilenstein in der Antriebsstrangentwicklung und er\u00f6ffnet Kunden erstmals die M\u00f6glichkeit, einen reinen Hybrid-MG zu fahren. Das technologisch fortschrittliche Hybrid-System bietet eine wegweisende Kombination aus Effizienz und Leistung, die neue Ma\u00dfst\u00e4be im wichtigen Segment der Kleinwagen setzt.<\/p>\n\n\n\n<p>Der neue MG3 unterstreicht MGs Verpflichtung, Kunden gro\u00dfz\u00fcgige Serienausstattungen von Fahrerassistenzsystemen und Infotainmentfunktionen anzubieten, darunter innovative Doppeldisplay-Bildschirme sowie eine breite Palette an Connected Services.<\/p>\n\n\n\n<blockquote class=\"wp-block-quote\">\n<p><strong>Andreas Kostelecky, MBA, Managing Director von MG Motor Austria, betont:<\/strong> &#8220;F\u00fcr ein Hybrid-B-Segment-Hatchback bietet der MG3 eine au\u00dfergew\u00f6hnliche Kombination aus Leistung, Wirtschaftlichkeit, Raffinesse und Technologie.&#8221;<\/p>\n<\/blockquote>\n\n\n\n<p>Auch MGs kommendes Flaggschiff, der Cyberster, wird auf dem Genfer Autosalon prominent vertreten sein. Die auff\u00e4lligen Lackierungen des vollelektrischen Roadsters werden bekannt gegeben, und MG wird die Leistungs- und Reichweitenangaben des offenen Roadsters best\u00e4tigen. Ein aufregender Ausblick auf die elektrisierende Zukunft von MG.<\/p>\n","protected":false},"excerpt":{"rendered":"<p>Wien, 5. Februar 2024 \u2013 MG Motor wird den neuen MG3 Hybrid ihm Rahmen seiner Weltpremiere auf dem Genfer Autosalon [&hellip;]<\/p>\n","protected":false},"featured_media":3560897,"template":"","categories":[228,222],"tags":[223],"acf":[],"yoast_head":"<!-- This site is optimized with the Yoast SEO plugin v19.8 - https:\/\/yoast.com\/wordpress\/plugins\/seo\/ -->\n<title>Neuer MG3 feiert Weltpremiere auf dem Genfer Autosalon 2024 - MG Motor Europe<\/title>\n<meta name=\"description\" content=\"MG Motor wird den neuen MG3 Hybrid ihm Rahmen seiner Weltpremiere auf dem Genfer Autosalon 2024 am Montag, den 26. Februar, vorstellen.\" \/>\n<meta name=\"robots\" content=\"index, follow, max-snippet:-1, max-image-preview:large, max-video-preview:-1\" \/>\n<link rel=\"canonical\" href=\"https:\/\/news.mgmotor.eu\/at\/press\/neuer-mg3-feiert-weltpremiere-auf-dem-genfer-autosalon-2024\/\" \/>\n<meta property=\"og:locale\" content=\"de_DE\" \/>\n<meta property=\"og:type\" content=\"article\" \/>\n<meta property=\"og:title\" content=\"Neuer MG3 feiert Weltpremiere auf dem Genfer Autosalon 2024 - MG Motor Europe\" \/>\n<meta property=\"og:description\" content=\"MG Motor wird den neuen MG3 Hybrid ihm Rahmen seiner Weltpremiere auf dem Genfer Autosalon 2024 am Montag, den 26. Februar, vorstellen.\" \/>\n<meta property=\"og:url\" content=\"https:\/\/news.mgmotor.eu\/at\/press\/neuer-mg3-feiert-weltpremiere-auf-dem-genfer-autosalon-2024\/\" \/>\n<meta property=\"og:site_name\" content=\"MG Motor Europe\" \/>\n<meta property=\"article:modified_time\" content=\"2024-02-05T14:07:20+00:00\" \/>\n<meta property=\"og:image\" content=\"https:\/\/news.mgmotor.eu\/wp-content\/uploads\/2024\/02\/KV-2-1-1040x585.jpg\" \/>\n\t<meta property=\"og:image:width\" content=\"1040\" \/>\n\t<meta property=\"og:image:height\" content=\"585\" \/>\n\t<meta property=\"og:image:type\" content=\"image\/jpeg\" \/>\n<meta name=\"twitter:card\" content=\"summary_large_image\" \/>\n<meta name=\"twitter:label1\" content=\"Est. reading time\" \/>\n\t<meta name=\"twitter:data1\" content=\"2 minutes\" \/>\n<script type=\"application\/ld+json\" class=\"yoast-schema-graph\">{\"@context\":\"https:\/\/schema.org\",\"@graph\":[{\"@type\":\"WebPage\",\"@id\":\"https:\/\/news.mgmotor.eu\/at\/press\/neuer-mg3-feiert-weltpremiere-auf-dem-genfer-autosalon-2024\/\",\"url\":\"https:\/\/news.mgmotor.eu\/at\/press\/neuer-mg3-feiert-weltpremiere-auf-dem-genfer-autosalon-2024\/\",\"name\":\"Neuer MG3 feiert Weltpremiere auf dem Genfer Autosalon 2024 - MG Motor Europe\",\"isPartOf\":{\"@id\":\"https:\/\/news.mgmotor.eu\/#website\"},\"datePublished\":\"2024-02-05T14:07:19+00:00\",\"dateModified\":\"2024-02-05T14:07:20+00:00\",\"description\":\"MG Motor wird den neuen MG3 Hybrid ihm Rahmen seiner Weltpremiere auf dem Genfer Autosalon 2024 am Montag, den 26. Februar, vorstellen.\",\"breadcrumb\":{\"@id\":\"https:\/\/news.mgmotor.eu\/at\/press\/neuer-mg3-feiert-weltpremiere-auf-dem-genfer-autosalon-2024\/#breadcrumb\"},\"inLanguage\":\"de-AT\",\"potentialAction\":[{\"@type\":\"ReadAction\",\"target\":[\"https:\/\/news.mgmotor.eu\/at\/press\/neuer-mg3-feiert-weltpremiere-auf-dem-genfer-autosalon-2024\/\"]}]},{\"@type\":\"BreadcrumbList\",\"@id\":\"https:\/\/news.mgmotor.eu\/at\/press\/neuer-mg3-feiert-weltpremiere-auf-dem-genfer-autosalon-2024\/#breadcrumb\",\"itemListElement\":[{\"@type\":\"ListItem\",\"position\":1,\"name\":\"Home\",\"item\":\"https:\/\/news.mgmotor.eu\/at\/\"},{\"@type\":\"ListItem\",\"position\":2,\"name\":\"Press Releases\",\"item\":\"https:\/\/news.mgmotor.eu\/at\/press\/\"},{\"@type\":\"ListItem\",\"position\":3,\"name\":\"Neuer MG3 feiert Weltpremiere auf dem Genfer Autosalon 2024\"}]},{\"@type\":\"WebSite\",\"@id\":\"https:\/\/news.mgmotor.eu\/#website\",\"url\":\"https:\/\/news.mgmotor.eu\/\",\"name\":\"MG Motor Europe\",\"description\":\"\",\"potentialAction\":[{\"@type\":\"SearchAction\",\"target\":{\"@type\":\"EntryPoint\",\"urlTemplate\":\"https:\/\/news.mgmotor.eu\/?s={search_term_string}\"},\"query-input\":\"required name=search_term_string\"}],\"inLanguage\":\"de-AT\"}]}<\/script>\n<!-- \/ Yoast SEO plugin. -->","yoast_head_json":{"title":"Neuer MG3 feiert Weltpremiere auf dem Genfer Autosalon 2024 - MG Motor Europe","description":"MG Motor wird den neuen MG3 Hybrid ihm Rahmen seiner Weltpremiere auf dem Genfer Autosalon 2024 am Montag, den 26. Februar, vorstellen.","robots":{"index":"index","follow":"follow","max-snippet":"max-snippet:-1","max-image-preview":"max-image-preview:large","max-video-preview":"max-video-preview:-1"},"canonical":"https:\/\/news.mgmotor.eu\/at\/press\/neuer-mg3-feiert-weltpremiere-auf-dem-genfer-autosalon-2024\/","og_locale":"de_DE","og_type":"article","og_title":"Neuer MG3 feiert Weltpremiere auf dem Genfer Autosalon 2024 - MG Motor Europe","og_description":"MG Motor wird den neuen MG3 Hybrid ihm Rahmen seiner Weltpremiere auf dem Genfer Autosalon 2024 am Montag, den 26. Februar, vorstellen.","og_url":"https:\/\/news.mgmotor.eu\/at\/press\/neuer-mg3-feiert-weltpremiere-auf-dem-genfer-autosalon-2024\/","og_site_name":"MG Motor Europe","article_modified_time":"2024-02-05T14:07:20+00:00","og_image":[{"width":1040,"height":585,"url":"https:\/\/news.mgmotor.eu\/wp-content\/uploads\/2024\/02\/KV-2-1-1040x585.jpg","type":"image\/jpeg"}],"twitter_card":"summary_large_image","twitter_misc":{"Est. reading time":"2 minutes"},"schema":{"@context":"https:\/\/schema.org","@graph":[{"@type":"WebPage","@id":"https:\/\/news.mgmotor.eu\/at\/press\/neuer-mg3-feiert-weltpremiere-auf-dem-genfer-autosalon-2024\/","url":"https:\/\/news.mgmotor.eu\/at\/press\/neuer-mg3-feiert-weltpremiere-auf-dem-genfer-autosalon-2024\/","name":"Neuer MG3 feiert Weltpremiere auf dem Genfer Autosalon 2024 - MG Motor Europe","isPartOf":{"@id":"https:\/\/news.mgmotor.eu\/#website"},"datePublished":"2024-02-05T14:07:19+00:00","dateModified":"2024-02-05T14:07:20+00:00","description":"MG Motor wird den neuen MG3 Hybrid ihm Rahmen seiner Weltpremiere auf dem Genfer Autosalon 2024 am Montag, den 26. Februar, vorstellen.","breadcrumb":{"@id":"https:\/\/news.mgmotor.eu\/at\/press\/neuer-mg3-feiert-weltpremiere-auf-dem-genfer-autosalon-2024\/#breadcrumb"},"inLanguage":"de-AT","potentialAction":[{"@type":"ReadAction","target":["https:\/\/news.mgmotor.eu\/at\/press\/neuer-mg3-feiert-weltpremiere-auf-dem-genfer-autosalon-2024\/"]}]},{"@type":"BreadcrumbList","@id":"https:\/\/news.mgmotor.eu\/at\/press\/neuer-mg3-feiert-weltpremiere-auf-dem-genfer-autosalon-2024\/#breadcrumb","itemListElement":[{"@type":"ListItem","position":1,"name":"Home","item":"https:\/\/news.mgmotor.eu\/at\/"},{"@type":"ListItem","position":2,"name":"Press Releases","item":"https:\/\/news.mgmotor.eu\/at\/press\/"},{"@type":"ListItem","position":3,"name":"Neuer MG3 feiert Weltpremiere auf dem Genfer Autosalon 2024"}]},{"@type":"WebSite","@id":"https:\/\/news.mgmotor.eu\/#website","url":"https:\/\/news.mgmotor.eu\/","name":"MG Motor Europe","description":"","potentialAction":[{"@type":"SearchAction","target":{"@type":"EntryPoint","urlTemplate":"https:\/\/news.mgmotor.eu\/?s={search_term_string}"},"query-input":"required name=search_term_string"}],"inLanguage":"de-AT"}]}},"_links":{"self":[{"href":"https:\/\/news.mgmotor.eu\/at\/wp-json\/wp\/v2\/press\/3560923"}],"collection":[{"href":"https:\/\/news.mgmotor.eu\/at\/wp-json\/wp\/v2\/press"}],"about":[{"href":"https:\/\/news.mgmotor.eu\/at\/wp-json\/wp\/v2\/types\/press"}],"wp:featuredmedia":[{"embeddable":true,"href":"https:\/\/news.mgmotor.eu\/at\/wp-json\/wp\/v2\/media\/3560897"}],"wp:attachment":[{"href":"https:\/\/news.mgmotor.eu\/at\/wp-json\/wp\/v2\/media?parent=3560923"}],"wp:term":[{"taxonomy":"category","embeddable":true,"href":"https:\/\/news.mgmotor.eu\/at\/wp-json\/wp\/v2\/categories?post=3560923"},{"taxonomy":"post_tag","embeddable":true,"href":"https:\/\/news.mgmotor.eu\/at\/wp-json\/wp\/v2\/tags?post=3560923"}],"curies":[{"name":"wp","href":"https:\/\/api.w.org\/{rel}","templated":true}]}}