{"id":3551962,"date":"2023-08-10T10:54:17","date_gmt":"2023-08-10T08:54:17","guid":{"rendered":"https:\/\/news.mgmotor.eu\/?post_type=press&#038;p=3551962"},"modified":"2023-08-10T10:54:18","modified_gmt":"2023-08-10T08:54:18","slug":"seefestspiele-moerbisch-2023","status":"publish","type":"press","link":"https:\/\/news.mgmotor.eu\/at\/press\/seefestspiele-moerbisch-2023\/","title":{"rendered":"Seefestspiele M\u00f6rbisch 2023"},"content":{"rendered":"\n<h2>MG Motor Austria &amp; DENZEL Kundencenter Eisenstadt sind Mobilit\u00e4tspartner der Seefestspiele M\u00f6rbisch<\/h2>\n\n\n\n<p><strong>Wien &#8211; M\u00f6rbisch am See, 03. August 2023<\/strong> &#8211; MG Motor Austria und das DENZEL Kundencenter Eisenstadt f\u00f6rdern seit 2022 als offizieller Mobilit\u00e4tspartner die Seefestspiele M\u00f6rbisch und \u00fcbergaben daf\u00fcr vor Kurzem einen MG EHS Plug-in Hybrid und einen MG4 Electric an Festspieldirektor Dietmar Posteiner.<\/p>\n\n\n\n<blockquote class=\"wp-block-quote\">\n<p>\u00a0MG Motor Austria Managing Director &#8211;\u00a0 Andreas Kostelecky, MBA: \u201eKultur zu f\u00f6rdern und zu unterst\u00fctzen nimmt bei uns einen hohen Stellenwert ein. Wir freuen uns, dass wir mit unseren beiden Fahrzeugen zu einem umweltfreundlicheren und emissionsarmen Fuhrpark der Seefestspiele M\u00f6rbisch beitragen d\u00fcrfen.\u201d<\/p>\n<\/blockquote>\n\n\n\n<blockquote class=\"wp-block-quote\">\n<p>\u00a0&#8220;Eine elektrische Reichweite von 52 Kilometern, wenig Verbrauch und hoher Alltagsnutzen: Mit dieser attraktiven Kombination kann der MG EHS Plug-in Hybrid immer mehr Kunden \u00fcberzeugen&#8221;, so auch GI Alfons Haider, der das Fahrzeug f\u00fcr seine Fahrten f\u00fcr zahlreiche Termine n\u00fctzt.<\/p>\n<\/blockquote>\n\n\n\n<blockquote class=\"wp-block-quote\">\n<p>\u00a0\u201cDie N\u00e4he zum Nationalpark Neusiedler See-Seewinkel und unser allgemeines Bestreben, die Seefestspiele M\u00f6rbisch m\u00f6glichst ressourcenschonend und umweltfreundlich zu betreiben, passen hervorragend zur Philosophie der Marke MG Motor, die ausschlie\u00dflich E- und Plug-In-Hybridmodelle umfasst\u201d, erl\u00e4utert Generalintendant Haider die Intention zur Zusammenarbeit.<\/p>\n<\/blockquote>\n\n\n\n<p>Der vollelektrische MG4 Electric wird als Shuttle f\u00fcr K\u00fcnstler und f\u00fcr Autofahrten eingesetzt. Mit einer rein elektrischen Reichweite (WLTP) von bis zu 450 km und seinen kompakten Au\u00dfenma\u00dfen ist er \u00dcberland und auch im urbanen Bereich perfekt einsetzbar.<\/p>\n\n\n\n<p>F\u00fcr die Wartung der Flotte ist die Denzel-Niederlassung in Eisenstadt zust\u00e4ndig. Gesch\u00e4ftsf\u00fchrer Heinz Wagner: \u201eDurch die Zusammenarbeit mit einem der gr\u00f6\u00dften Kulturunternehmen \u00d6sterreichs und der damit verbundenen \u00d6ffentlichkeitswirksamkeit konnten wir schon zahlreiche Kundinnen und Kunden gewinnen. Unsere mit der heurigen Erfolgsproduktion MAMMA MIA! gebrandeten Modelle sind ein echter Blickfang geworden. Zudem hatten heuer 180.000 Festspielg\u00e4ste die M\u00f6glichkeit auf dem Festspielgel\u00e4nde auch andere MG-Modelle zu begutachten.<\/p>\n","protected":false},"excerpt":{"rendered":"<p>MG Motor Austria &amp; DENZEL Kundencenter Eisenstadt sind Mobilit\u00e4tspartner der Seefestspiele M\u00f6rbisch Wien &#8211; M\u00f6rbisch am See, 03. August 2023 [&hellip;]<\/p>\n","protected":false},"featured_media":3551974,"template":"","categories":[228,235],"tags":[236,842,782],"acf":[],"yoast_head":"<!-- This site is optimized with the Yoast SEO plugin v19.8 - https:\/\/yoast.com\/wordpress\/plugins\/seo\/ -->\n<title>Seefestspiele M\u00f6rbisch 2023 - MG Motor Europe<\/title>\n<meta name=\"description\" content=\"MG Motor Austria und das DENZEL Kundencenter Eisenstadt f\u00f6rdern seit 2022 als offizieller Mobilit\u00e4tspartner die Seefestspiele M\u00f6rbisch und \u00fcbergaben daf\u00fcr vor Kurzem einen MG EHS Plug-in Hybrid und einen MG4 Electric an Festspieldirektor Dietmar Posteiner.\" \/>\n<meta name=\"robots\" content=\"index, follow, max-snippet:-1, max-image-preview:large, max-video-preview:-1\" \/>\n<link rel=\"canonical\" href=\"https:\/\/news.mgmotor.eu\/at\/press\/seefestspiele-moerbisch-2023\/\" \/>\n<meta property=\"og:locale\" content=\"de_DE\" \/>\n<meta property=\"og:type\" content=\"article\" \/>\n<meta property=\"og:title\" content=\"Seefestspiele M\u00f6rbisch 2023 - MG Motor Europe\" \/>\n<meta property=\"og:description\" content=\"MG Motor Austria und das DENZEL Kundencenter Eisenstadt f\u00f6rdern seit 2022 als offizieller Mobilit\u00e4tspartner die Seefestspiele M\u00f6rbisch und \u00fcbergaben daf\u00fcr vor Kurzem einen MG EHS Plug-in Hybrid und einen MG4 Electric an Festspieldirektor Dietmar Posteiner.\" \/>\n<meta property=\"og:url\" content=\"https:\/\/news.mgmotor.eu\/at\/press\/seefestspiele-moerbisch-2023\/\" \/>\n<meta property=\"og:site_name\" content=\"MG Motor Europe\" \/>\n<meta property=\"article:modified_time\" content=\"2023-08-10T08:54:18+00:00\" \/>\n<meta property=\"og:image\" content=\"https:\/\/news.mgmotor.eu\/wp-content\/uploads\/2023\/08\/DSC_9594.jpg\" \/>\n\t<meta property=\"og:image:width\" content=\"3008\" \/>\n\t<meta property=\"og:image:height\" content=\"2008\" \/>\n\t<meta property=\"og:image:type\" content=\"image\/jpeg\" \/>\n<meta name=\"twitter:card\" content=\"summary_large_image\" \/>\n<meta name=\"twitter:label1\" content=\"Est. reading time\" \/>\n\t<meta name=\"twitter:data1\" content=\"2 minutes\" \/>\n<script type=\"application\/ld+json\" class=\"yoast-schema-graph\">{\"@context\":\"https:\/\/schema.org\",\"@graph\":[{\"@type\":\"WebPage\",\"@id\":\"https:\/\/news.mgmotor.eu\/at\/press\/seefestspiele-moerbisch-2023\/\",\"url\":\"https:\/\/news.mgmotor.eu\/at\/press\/seefestspiele-moerbisch-2023\/\",\"name\":\"Seefestspiele M\u00f6rbisch 2023 - MG Motor Europe\",\"isPartOf\":{\"@id\":\"https:\/\/news.mgmotor.eu\/#website\"},\"datePublished\":\"2023-08-10T08:54:17+00:00\",\"dateModified\":\"2023-08-10T08:54:18+00:00\",\"description\":\"MG Motor Austria und das DENZEL Kundencenter Eisenstadt f\u00f6rdern seit 2022 als offizieller Mobilit\u00e4tspartner die Seefestspiele M\u00f6rbisch und \u00fcbergaben daf\u00fcr vor Kurzem einen MG EHS Plug-in Hybrid und einen MG4 Electric an Festspieldirektor Dietmar Posteiner.\",\"breadcrumb\":{\"@id\":\"https:\/\/news.mgmotor.eu\/at\/press\/seefestspiele-moerbisch-2023\/#breadcrumb\"},\"inLanguage\":\"de-AT\",\"potentialAction\":[{\"@type\":\"ReadAction\",\"target\":[\"https:\/\/news.mgmotor.eu\/at\/press\/seefestspiele-moerbisch-2023\/\"]}]},{\"@type\":\"BreadcrumbList\",\"@id\":\"https:\/\/news.mgmotor.eu\/at\/press\/seefestspiele-moerbisch-2023\/#breadcrumb\",\"itemListElement\":[{\"@type\":\"ListItem\",\"position\":1,\"name\":\"Home\",\"item\":\"https:\/\/news.mgmotor.eu\/at\/\"},{\"@type\":\"ListItem\",\"position\":2,\"name\":\"Press Releases\",\"item\":\"https:\/\/news.mgmotor.eu\/at\/press\/\"},{\"@type\":\"ListItem\",\"position\":3,\"name\":\"Seefestspiele M\u00f6rbisch 2023\"}]},{\"@type\":\"WebSite\",\"@id\":\"https:\/\/news.mgmotor.eu\/#website\",\"url\":\"https:\/\/news.mgmotor.eu\/\",\"name\":\"MG Motor Europe\",\"description\":\"\",\"potentialAction\":[{\"@type\":\"SearchAction\",\"target\":{\"@type\":\"EntryPoint\",\"urlTemplate\":\"https:\/\/news.mgmotor.eu\/?s={search_term_string}\"},\"query-input\":\"required name=search_term_string\"}],\"inLanguage\":\"de-AT\"}]}<\/script>\n<!-- \/ Yoast SEO plugin. -->","yoast_head_json":{"title":"Seefestspiele M\u00f6rbisch 2023 - MG Motor Europe","description":"MG Motor Austria und das DENZEL Kundencenter Eisenstadt f\u00f6rdern seit 2022 als offizieller Mobilit\u00e4tspartner die Seefestspiele M\u00f6rbisch und \u00fcbergaben daf\u00fcr vor Kurzem einen MG EHS Plug-in Hybrid und einen MG4 Electric an Festspieldirektor Dietmar Posteiner.","robots":{"index":"index","follow":"follow","max-snippet":"max-snippet:-1","max-image-preview":"max-image-preview:large","max-video-preview":"max-video-preview:-1"},"canonical":"https:\/\/news.mgmotor.eu\/at\/press\/seefestspiele-moerbisch-2023\/","og_locale":"de_DE","og_type":"article","og_title":"Seefestspiele M\u00f6rbisch 2023 - MG Motor Europe","og_description":"MG Motor Austria und das DENZEL Kundencenter Eisenstadt f\u00f6rdern seit 2022 als offizieller Mobilit\u00e4tspartner die Seefestspiele M\u00f6rbisch und \u00fcbergaben daf\u00fcr vor Kurzem einen MG EHS Plug-in Hybrid und einen MG4 Electric an Festspieldirektor Dietmar Posteiner.","og_url":"https:\/\/news.mgmotor.eu\/at\/press\/seefestspiele-moerbisch-2023\/","og_site_name":"MG Motor Europe","article_modified_time":"2023-08-10T08:54:18+00:00","og_image":[{"width":3008,"height":2008,"url":"https:\/\/news.mgmotor.eu\/wp-content\/uploads\/2023\/08\/DSC_9594.jpg","type":"image\/jpeg"}],"twitter_card":"summary_large_image","twitter_misc":{"Est. reading time":"2 minutes"},"schema":{"@context":"https:\/\/schema.org","@graph":[{"@type":"WebPage","@id":"https:\/\/news.mgmotor.eu\/at\/press\/seefestspiele-moerbisch-2023\/","url":"https:\/\/news.mgmotor.eu\/at\/press\/seefestspiele-moerbisch-2023\/","name":"Seefestspiele M\u00f6rbisch 2023 - MG Motor Europe","isPartOf":{"@id":"https:\/\/news.mgmotor.eu\/#website"},"datePublished":"2023-08-10T08:54:17+00:00","dateModified":"2023-08-10T08:54:18+00:00","description":"MG Motor Austria und das DENZEL Kundencenter Eisenstadt f\u00f6rdern seit 2022 als offizieller Mobilit\u00e4tspartner die Seefestspiele M\u00f6rbisch und \u00fcbergaben daf\u00fcr vor Kurzem einen MG EHS Plug-in Hybrid und einen MG4 Electric an Festspieldirektor Dietmar Posteiner.","breadcrumb":{"@id":"https:\/\/news.mgmotor.eu\/at\/press\/seefestspiele-moerbisch-2023\/#breadcrumb"},"inLanguage":"de-AT","potentialAction":[{"@type":"ReadAction","target":["https:\/\/news.mgmotor.eu\/at\/press\/seefestspiele-moerbisch-2023\/"]}]},{"@type":"BreadcrumbList","@id":"https:\/\/news.mgmotor.eu\/at\/press\/seefestspiele-moerbisch-2023\/#breadcrumb","itemListElement":[{"@type":"ListItem","position":1,"name":"Home","item":"https:\/\/news.mgmotor.eu\/at\/"},{"@type":"ListItem","position":2,"name":"Press Releases","item":"https:\/\/news.mgmotor.eu\/at\/press\/"},{"@type":"ListItem","position":3,"name":"Seefestspiele M\u00f6rbisch 2023"}]},{"@type":"WebSite","@id":"https:\/\/news.mgmotor.eu\/#website","url":"https:\/\/news.mgmotor.eu\/","name":"MG Motor Europe","description":"","potentialAction":[{"@type":"SearchAction","target":{"@type":"EntryPoint","urlTemplate":"https:\/\/news.mgmotor.eu\/?s={search_term_string}"},"query-input":"required name=search_term_string"}],"inLanguage":"de-AT"}]}},"_links":{"self":[{"href":"https:\/\/news.mgmotor.eu\/at\/wp-json\/wp\/v2\/press\/3551962"}],"collection":[{"href":"https:\/\/news.mgmotor.eu\/at\/wp-json\/wp\/v2\/press"}],"about":[{"href":"https:\/\/news.mgmotor.eu\/at\/wp-json\/wp\/v2\/types\/press"}],"wp:featuredmedia":[{"embeddable":true,"href":"https:\/\/news.mgmotor.eu\/at\/wp-json\/wp\/v2\/media\/3551974"}],"wp:attachment":[{"href":"https:\/\/news.mgmotor.eu\/at\/wp-json\/wp\/v2\/media?parent=3551962"}],"wp:term":[{"taxonomy":"category","embeddable":true,"href":"https:\/\/news.mgmotor.eu\/at\/wp-json\/wp\/v2\/categories?post=3551962"},{"taxonomy":"post_tag","embeddable":true,"href":"https:\/\/news.mgmotor.eu\/at\/wp-json\/wp\/v2\/tags?post=3551962"}],"curies":[{"name":"wp","href":"https:\/\/api.w.org\/{rel}","templated":true}]}}