{"id":3541135,"date":"2023-03-01T15:07:01","date_gmt":"2023-03-01T14:07:01","guid":{"rendered":"https:\/\/news.mgmotor.eu\/?post_type=press&#038;p=3541135"},"modified":"2023-03-01T15:07:03","modified_gmt":"2023-03-01T14:07:03","slug":"mg5-electric-zum-fleet-car-of-the-year-2023-gekuert","status":"publish","type":"press","link":"https:\/\/news.mgmotor.eu\/at\/press\/mg5-electric-zum-fleet-car-of-the-year-2023-gekuert\/","title":{"rendered":"MG5 Electric zum Fleet Car of the Year 2023 gek\u00fcrt"},"content":{"rendered":"\n<p><strong>Wien &#8211; 1. M\u00e4rz 2023<\/strong> \u2013 Die LeserInnen des Fachmagazins Firmenwagen haben geurteilt: in der Kategorie Kombi wurde der MG5 Electric zum Fleet Car of the Year 2023 gew\u00e4hlt. Der vollelektrische Kombi ist damit das erste Modell von MG Motor, das den renommierten Award verliehen bekommt.<\/p>\n\n\n\n<p><strong>MG Motor Austria Managing Director Andreas Kostelecky, MBA:<\/strong> \u201eMit dem MG5 Electric haben wir in \u00d6sterreich den ersten vollelektrischen Kombi auf den Markt gebracht. Es erf\u00fcllt uns mit Stolz, dass der MG5 Electric in der Kategorie Kombi vom \u00f6sterreichischen Publikum nun zum beliebtesten Firmenwagen des Jahres 2023 gew\u00e4hlt wurde. Wir bedanken uns bei allen Leserinnen und Lesern f\u00fcr ihre Stimme! \u201c<\/p>\n\n\n\n<p>Der MG5 Electric bietet alles, was man von einem Kombi an Praktikabilit\u00e4t und Funktionalit\u00e4t erwarten kann und qualifiziert sich so zum Liebling im Firmenfuhrpark. Mit einer L\u00e4nge von 4.600 mm, einer Breite von 1.818 mm und einer H\u00f6he von 1.543 mm bietet der Kombi einen ger\u00e4umigen Innenraum mit zahlreichen Ablagef\u00e4chern vorne und hinten. Gleichzeitig \u00fcberzeugt der MG5 Electric mit viel Nutzwert \u2013 dank seines gro\u00dfz\u00fcgigen Kofferraums von 479 Litern, der sich bei umgeklappten R\u00fccksitzen auf 1.367 Liter erweitern l\u00e4sst.<\/p>\n\n\n\n<p>Der MG5 Electric ist mit einer 61,1-kWh-Batterie (Long-Range) und einer Reichweite von bis zu 400 km (WLTP) erh\u00e4ltlich. Die Vorderr\u00e4der werden von einem Elektromotor angetrieben, der 115 kW (156 PS) und 280 Nm Drehmoment leistet. Die Standard-Range-Version mit einer 50,3-kWh-Batterie und bis zu 320 km Reichweite (WLTP) leistet 130 kW (177 PS) und 280 Nm.<\/p>\n\n\n\n<p>Der MG5 Electric ist zu Listenpreisen ab 36.390,- Euro erh\u00e4ltlich.<\/p>\n\n\n\n<p><strong>Fotoinformation<\/strong>:<\/p>\n\n\n\n<p>Die stellvertretende Chefredakteurin des firmenwagen-Magazins, Mag. Karin Tober \u00fcberreicht den Fleet Car of the Year Award 2023 an MG Motor Austria Managing Director Andreas Kostelecky, MBA und MG Motor Austria Head of Sales Bosko Andjelic, MBA.<\/p>\n","protected":false},"excerpt":{"rendered":"<p>Wien &#8211; 1. M\u00e4rz 2023 \u2013 Die LeserInnen des Fachmagazins Firmenwagen haben geurteilt: in der Kategorie Kombi wurde der MG5 [&hellip;]<\/p>\n","protected":false},"featured_media":3541191,"template":"","categories":[228,222,240],"tags":[],"acf":[],"yoast_head":"<!-- This site is optimized with the Yoast SEO plugin v19.8 - https:\/\/yoast.com\/wordpress\/plugins\/seo\/ -->\n<title>MG5 Electric zum Fleet Car of the Year 2023 gek\u00fcrt - MG Motor Europe<\/title>\n<meta name=\"description\" content=\"Die LeserInnen des Fachmagazins Firmenwagen haben geurteilt: in der Kategorie Kombi wurde der MG5 Electric zum Fleet Car of the Year 2023 gew\u00e4hlt.\" \/>\n<meta name=\"robots\" content=\"index, follow, max-snippet:-1, max-image-preview:large, max-video-preview:-1\" \/>\n<link rel=\"canonical\" href=\"https:\/\/news.mgmotor.eu\/at\/press\/mg5-electric-zum-fleet-car-of-the-year-2023-gekuert\/\" \/>\n<meta property=\"og:locale\" content=\"de_DE\" \/>\n<meta property=\"og:type\" content=\"article\" \/>\n<meta property=\"og:title\" content=\"MG5 Electric zum Fleet Car of the Year 2023 gek\u00fcrt - MG Motor Europe\" \/>\n<meta property=\"og:description\" content=\"Die LeserInnen des Fachmagazins Firmenwagen haben geurteilt: in der Kategorie Kombi wurde der MG5 Electric zum Fleet Car of the Year 2023 gew\u00e4hlt.\" \/>\n<meta property=\"og:url\" content=\"https:\/\/news.mgmotor.eu\/at\/press\/mg5-electric-zum-fleet-car-of-the-year-2023-gekuert\/\" \/>\n<meta property=\"og:site_name\" content=\"MG Motor Europe\" \/>\n<meta property=\"article:modified_time\" content=\"2023-03-01T14:07:03+00:00\" \/>\n<meta property=\"og:image\" content=\"https:\/\/news.mgmotor.eu\/wp-content\/uploads\/2023\/03\/MG-Firmenwagen-Award-20230224-022.jpg\" \/>\n\t<meta property=\"og:image:width\" content=\"2340\" \/>\n\t<meta property=\"og:image:height\" content=\"1561\" \/>\n\t<meta property=\"og:image:type\" content=\"image\/jpeg\" \/>\n<meta name=\"twitter:card\" content=\"summary_large_image\" \/>\n<meta name=\"twitter:label1\" content=\"Est. reading time\" \/>\n\t<meta name=\"twitter:data1\" content=\"2 minutes\" \/>\n<script type=\"application\/ld+json\" class=\"yoast-schema-graph\">{\"@context\":\"https:\/\/schema.org\",\"@graph\":[{\"@type\":\"WebPage\",\"@id\":\"https:\/\/news.mgmotor.eu\/at\/press\/mg5-electric-zum-fleet-car-of-the-year-2023-gekuert\/\",\"url\":\"https:\/\/news.mgmotor.eu\/at\/press\/mg5-electric-zum-fleet-car-of-the-year-2023-gekuert\/\",\"name\":\"MG5 Electric zum Fleet Car of the Year 2023 gek\u00fcrt - MG Motor Europe\",\"isPartOf\":{\"@id\":\"https:\/\/news.mgmotor.eu\/#website\"},\"datePublished\":\"2023-03-01T14:07:01+00:00\",\"dateModified\":\"2023-03-01T14:07:03+00:00\",\"description\":\"Die LeserInnen des Fachmagazins Firmenwagen haben geurteilt: in der Kategorie Kombi wurde der MG5 Electric zum Fleet Car of the Year 2023 gew\u00e4hlt.\",\"breadcrumb\":{\"@id\":\"https:\/\/news.mgmotor.eu\/at\/press\/mg5-electric-zum-fleet-car-of-the-year-2023-gekuert\/#breadcrumb\"},\"inLanguage\":\"de-AT\",\"potentialAction\":[{\"@type\":\"ReadAction\",\"target\":[\"https:\/\/news.mgmotor.eu\/at\/press\/mg5-electric-zum-fleet-car-of-the-year-2023-gekuert\/\"]}]},{\"@type\":\"BreadcrumbList\",\"@id\":\"https:\/\/news.mgmotor.eu\/at\/press\/mg5-electric-zum-fleet-car-of-the-year-2023-gekuert\/#breadcrumb\",\"itemListElement\":[{\"@type\":\"ListItem\",\"position\":1,\"name\":\"Home\",\"item\":\"https:\/\/news.mgmotor.eu\/at\/\"},{\"@type\":\"ListItem\",\"position\":2,\"name\":\"Press Releases\",\"item\":\"https:\/\/news.mgmotor.eu\/at\/press\/\"},{\"@type\":\"ListItem\",\"position\":3,\"name\":\"MG5 Electric zum Fleet Car of the Year 2023 gek\u00fcrt\"}]},{\"@type\":\"WebSite\",\"@id\":\"https:\/\/news.mgmotor.eu\/#website\",\"url\":\"https:\/\/news.mgmotor.eu\/\",\"name\":\"MG Motor Europe\",\"description\":\"\",\"potentialAction\":[{\"@type\":\"SearchAction\",\"target\":{\"@type\":\"EntryPoint\",\"urlTemplate\":\"https:\/\/news.mgmotor.eu\/?s={search_term_string}\"},\"query-input\":\"required name=search_term_string\"}],\"inLanguage\":\"de-AT\"}]}<\/script>\n<!-- \/ Yoast SEO plugin. -->","yoast_head_json":{"title":"MG5 Electric zum Fleet Car of the Year 2023 gek\u00fcrt - MG Motor Europe","description":"Die LeserInnen des Fachmagazins Firmenwagen haben geurteilt: in der Kategorie Kombi wurde der MG5 Electric zum Fleet Car of the Year 2023 gew\u00e4hlt.","robots":{"index":"index","follow":"follow","max-snippet":"max-snippet:-1","max-image-preview":"max-image-preview:large","max-video-preview":"max-video-preview:-1"},"canonical":"https:\/\/news.mgmotor.eu\/at\/press\/mg5-electric-zum-fleet-car-of-the-year-2023-gekuert\/","og_locale":"de_DE","og_type":"article","og_title":"MG5 Electric zum Fleet Car of the Year 2023 gek\u00fcrt - MG Motor Europe","og_description":"Die LeserInnen des Fachmagazins Firmenwagen haben geurteilt: in der Kategorie Kombi wurde der MG5 Electric zum Fleet Car of the Year 2023 gew\u00e4hlt.","og_url":"https:\/\/news.mgmotor.eu\/at\/press\/mg5-electric-zum-fleet-car-of-the-year-2023-gekuert\/","og_site_name":"MG Motor Europe","article_modified_time":"2023-03-01T14:07:03+00:00","og_image":[{"width":2340,"height":1561,"url":"https:\/\/news.mgmotor.eu\/wp-content\/uploads\/2023\/03\/MG-Firmenwagen-Award-20230224-022.jpg","type":"image\/jpeg"}],"twitter_card":"summary_large_image","twitter_misc":{"Est. reading time":"2 minutes"},"schema":{"@context":"https:\/\/schema.org","@graph":[{"@type":"WebPage","@id":"https:\/\/news.mgmotor.eu\/at\/press\/mg5-electric-zum-fleet-car-of-the-year-2023-gekuert\/","url":"https:\/\/news.mgmotor.eu\/at\/press\/mg5-electric-zum-fleet-car-of-the-year-2023-gekuert\/","name":"MG5 Electric zum Fleet Car of the Year 2023 gek\u00fcrt - MG Motor Europe","isPartOf":{"@id":"https:\/\/news.mgmotor.eu\/#website"},"datePublished":"2023-03-01T14:07:01+00:00","dateModified":"2023-03-01T14:07:03+00:00","description":"Die LeserInnen des Fachmagazins Firmenwagen haben geurteilt: in der Kategorie Kombi wurde der MG5 Electric zum Fleet Car of the Year 2023 gew\u00e4hlt.","breadcrumb":{"@id":"https:\/\/news.mgmotor.eu\/at\/press\/mg5-electric-zum-fleet-car-of-the-year-2023-gekuert\/#breadcrumb"},"inLanguage":"de-AT","potentialAction":[{"@type":"ReadAction","target":["https:\/\/news.mgmotor.eu\/at\/press\/mg5-electric-zum-fleet-car-of-the-year-2023-gekuert\/"]}]},{"@type":"BreadcrumbList","@id":"https:\/\/news.mgmotor.eu\/at\/press\/mg5-electric-zum-fleet-car-of-the-year-2023-gekuert\/#breadcrumb","itemListElement":[{"@type":"ListItem","position":1,"name":"Home","item":"https:\/\/news.mgmotor.eu\/at\/"},{"@type":"ListItem","position":2,"name":"Press Releases","item":"https:\/\/news.mgmotor.eu\/at\/press\/"},{"@type":"ListItem","position":3,"name":"MG5 Electric zum Fleet Car of the Year 2023 gek\u00fcrt"}]},{"@type":"WebSite","@id":"https:\/\/news.mgmotor.eu\/#website","url":"https:\/\/news.mgmotor.eu\/","name":"MG Motor Europe","description":"","potentialAction":[{"@type":"SearchAction","target":{"@type":"EntryPoint","urlTemplate":"https:\/\/news.mgmotor.eu\/?s={search_term_string}"},"query-input":"required name=search_term_string"}],"inLanguage":"de-AT"}]}},"_links":{"self":[{"href":"https:\/\/news.mgmotor.eu\/at\/wp-json\/wp\/v2\/press\/3541135"}],"collection":[{"href":"https:\/\/news.mgmotor.eu\/at\/wp-json\/wp\/v2\/press"}],"about":[{"href":"https:\/\/news.mgmotor.eu\/at\/wp-json\/wp\/v2\/types\/press"}],"wp:featuredmedia":[{"embeddable":true,"href":"https:\/\/news.mgmotor.eu\/at\/wp-json\/wp\/v2\/media\/3541191"}],"wp:attachment":[{"href":"https:\/\/news.mgmotor.eu\/at\/wp-json\/wp\/v2\/media?parent=3541135"}],"wp:term":[{"taxonomy":"category","embeddable":true,"href":"https:\/\/news.mgmotor.eu\/at\/wp-json\/wp\/v2\/categories?post=3541135"},{"taxonomy":"post_tag","embeddable":true,"href":"https:\/\/news.mgmotor.eu\/at\/wp-json\/wp\/v2\/tags?post=3541135"}],"curies":[{"name":"wp","href":"https:\/\/api.w.org\/{rel}","templated":true}]}}