{"id":10348,"date":"2021-06-10T08:30:00","date_gmt":"2021-06-10T06:30:00","guid":{"rendered":"https:\/\/news.mgmotor.eu\/?post_type=press&#038;p=10348"},"modified":"2021-11-30T14:35:40","modified_gmt":"2021-11-30T13:35:40","slug":"cafe-puls-und-puls-4-moderatorin-bianca-schwarzjirg-faehrt-mg","status":"publish","type":"press","link":"https:\/\/news.mgmotor.eu\/at\/press\/cafe-puls-und-puls-4-moderatorin-bianca-schwarzjirg-faehrt-mg\/","title":{"rendered":"Caf\u00e9 Puls und PULS 4 Moderatorin Bianca Schwarzjirg f\u00e4hrt MG"},"content":{"rendered":"\n<p>Bianca Schwarzjirg ist neue Markenbotschafterin f\u00fcr MG Motor Austria. Die sympathische Caf\u00e9 Puls und PULS 4 Moderatorin ist ab sofort mit einem neuen MG EHS Plug-in-Hybrid auf \u00d6sterreichs Stra\u00dfen unterwegs und freut sich \u00fcber die neue Partnerschaft:<\/p>\n\n\n\n<p><em>\u201eIch bin schon lange Fan von Hybridautos, weil ich damit nicht nur leise, sondern emissionsfrei auf der Kurzstrecke und effizient auf der Langstrecke unterwegs bin. Au\u00dferdem bietet mein neuer MG mehr als genug Platz f\u00fcr die ganze Familie.\u201c<\/em><\/p>\n\n\n\n<figure class=\"wp-block-image size-large is-resized is-style-default\"><img decoding=\"async\" loading=\"lazy\" src=\"https:\/\/development.news.larva.cloud\/\/wp-content\/uploads\/2021\/11\/IMG_8338-1040x585.jpg\" alt=\"\" class=\"wp-image-15406\" width=\"1203\" height=\"676\" srcset=\"https:\/\/news.mgmotor.eu\/wp-content\/uploads\/2021\/11\/IMG_8338-1040x585.jpg 1040w, https:\/\/news.mgmotor.eu\/wp-content\/uploads\/2021\/11\/IMG_8338-800x450.jpg 800w, https:\/\/news.mgmotor.eu\/wp-content\/uploads\/2021\/11\/IMG_8338-240x135.jpg 240w, https:\/\/news.mgmotor.eu\/wp-content\/uploads\/2021\/11\/IMG_8338-624x351.jpg 624w, https:\/\/news.mgmotor.eu\/wp-content\/uploads\/2021\/11\/IMG_8338-464x261.jpg 464w, https:\/\/news.mgmotor.eu\/wp-content\/uploads\/2021\/11\/IMG_8338-1600x900.jpg 1600w\" sizes=\"(max-width: 1203px) 100vw, 1203px\" \/><figcaption>Fotos: Dominique Hammer<\/figcaption><\/figure>\n\n\n\n<p>Die beliebte Fernsehmoderatorin lebt in Wien und Bad Gastein und verbringt ihren Urlaub gerne an der kroatischen K\u00fcste. Der neue MG EHS Plug-in-Hybrid erm\u00f6glicht ihr fortan optimale Mobilit\u00e4t f\u00fcr alle Strecken: Emissionsfreies Pendeln ins Fernsehstudio und maximale Reichweite und Flexibilit\u00e4t f\u00fcr den Wochenendausflug nach Bad Gastein oder den Urlaub an der Adria.<\/p>\n\n\n\n<p><strong>Der neue MG EHS Plug-in-Hybrid<\/strong><\/p>\n\n\n\n<p>Neben dem vollelektrischen MG ZS EV ist der MG EHS Plug-in-Hybrid das zweite Modell einer neuen Generation von MG Fahrzeugen. Der ger\u00e4umige SUV nutzt zukunftsweisende Plug-in-Hybridtechnologie, die niedrige Verbrauchs- und Emissionswerte mit optimalem Fahrspa\u00df verbindet. Vollelektrisch kann der MG EHS Plug-in-Hybrid bis zu 52 Kilometer fahren.<\/p>\n\n\n\n<p>Der neue MG EHS Plug-in-Hybrid ist nach Abzug der E-Mobilit\u00e4tsf\u00f6rderung zu Preisen ab 32.240 \u20ac bei den \u00f6sterreichischen MG Partnern bestellbar.<\/p>\n","protected":false},"excerpt":{"rendered":"<p>Bianca Schwarzjirg ist neue Markenbotschafterin f\u00fcr MG Motor Austria. Die sympathische Caf\u00e9 Puls und PULS 4 Moderatorin ist ab sofort [&hellip;]<\/p>\n","protected":false},"featured_media":15428,"template":"","categories":[],"tags":[],"acf":[],"yoast_head":"<!-- This site is optimized with the Yoast SEO plugin v19.8 - https:\/\/yoast.com\/wordpress\/plugins\/seo\/ -->\n<title>Caf\u00e9 Puls und PULS 4 Moderatorin Bianca Schwarzjirg f\u00e4hrt MG - MG Motor Europe<\/title>\n<meta name=\"description\" content=\"Bianca Schwarzjirg ist neue Markenbotschafterin f\u00fcr MG Motor Austria. Die sympathische Caf\u00e9 Puls und PULS 4 Moderatorin ist ab sofort mit einem neuen MG EHS Plug-in-Hybrid auf \u00d6sterreichs Stra\u00dfen unterwegs und freut sich \u00fcber die neue Partnerschaft.\" \/>\n<meta name=\"robots\" content=\"index, follow, max-snippet:-1, max-image-preview:large, max-video-preview:-1\" \/>\n<link rel=\"canonical\" href=\"https:\/\/news.mgmotor.eu\/at\/press\/cafe-puls-und-puls-4-moderatorin-bianca-schwarzjirg-faehrt-mg\/\" \/>\n<meta property=\"og:locale\" content=\"de_DE\" \/>\n<meta property=\"og:type\" content=\"article\" \/>\n<meta property=\"og:title\" content=\"Caf\u00e9 Puls und PULS 4 Moderatorin Bianca Schwarzjirg f\u00e4hrt MG - MG Motor Europe\" \/>\n<meta property=\"og:description\" content=\"Bianca Schwarzjirg ist neue Markenbotschafterin f\u00fcr MG Motor Austria. Die sympathische Caf\u00e9 Puls und PULS 4 Moderatorin ist ab sofort mit einem neuen MG EHS Plug-in-Hybrid auf \u00d6sterreichs Stra\u00dfen unterwegs und freut sich \u00fcber die neue Partnerschaft.\" \/>\n<meta property=\"og:url\" content=\"https:\/\/news.mgmotor.eu\/at\/press\/cafe-puls-und-puls-4-moderatorin-bianca-schwarzjirg-faehrt-mg\/\" \/>\n<meta property=\"og:site_name\" content=\"MG Motor Europe\" \/>\n<meta property=\"article:modified_time\" content=\"2021-11-30T13:35:40+00:00\" \/>\n<meta property=\"og:image\" content=\"https:\/\/news.mgmotor.eu\/wp-content\/uploads\/2021\/06\/IMG_8320-1040x585.jpg\" \/>\n\t<meta property=\"og:image:width\" content=\"1040\" \/>\n\t<meta property=\"og:image:height\" content=\"585\" \/>\n\t<meta property=\"og:image:type\" content=\"image\/jpeg\" \/>\n<meta name=\"twitter:card\" content=\"summary_large_image\" \/>\n<meta name=\"twitter:label1\" content=\"Est. reading time\" \/>\n\t<meta name=\"twitter:data1\" content=\"2 minutes\" \/>\n<script type=\"application\/ld+json\" class=\"yoast-schema-graph\">{\"@context\":\"https:\/\/schema.org\",\"@graph\":[{\"@type\":\"WebPage\",\"@id\":\"https:\/\/news.mgmotor.eu\/at\/press\/cafe-puls-und-puls-4-moderatorin-bianca-schwarzjirg-faehrt-mg\/\",\"url\":\"https:\/\/news.mgmotor.eu\/at\/press\/cafe-puls-und-puls-4-moderatorin-bianca-schwarzjirg-faehrt-mg\/\",\"name\":\"Caf\u00e9 Puls und PULS 4 Moderatorin Bianca Schwarzjirg f\u00e4hrt MG - MG Motor Europe\",\"isPartOf\":{\"@id\":\"https:\/\/news.mgmotor.eu\/#website\"},\"datePublished\":\"2021-06-10T06:30:00+00:00\",\"dateModified\":\"2021-11-30T13:35:40+00:00\",\"description\":\"Bianca Schwarzjirg ist neue Markenbotschafterin f\u00fcr MG Motor Austria. Die sympathische Caf\u00e9 Puls und PULS 4 Moderatorin ist ab sofort mit einem neuen MG EHS Plug-in-Hybrid auf \u00d6sterreichs Stra\u00dfen unterwegs und freut sich \u00fcber die neue Partnerschaft.\",\"breadcrumb\":{\"@id\":\"https:\/\/news.mgmotor.eu\/at\/press\/cafe-puls-und-puls-4-moderatorin-bianca-schwarzjirg-faehrt-mg\/#breadcrumb\"},\"inLanguage\":\"de-AT\",\"potentialAction\":[{\"@type\":\"ReadAction\",\"target\":[\"https:\/\/news.mgmotor.eu\/at\/press\/cafe-puls-und-puls-4-moderatorin-bianca-schwarzjirg-faehrt-mg\/\"]}]},{\"@type\":\"BreadcrumbList\",\"@id\":\"https:\/\/news.mgmotor.eu\/at\/press\/cafe-puls-und-puls-4-moderatorin-bianca-schwarzjirg-faehrt-mg\/#breadcrumb\",\"itemListElement\":[{\"@type\":\"ListItem\",\"position\":1,\"name\":\"Home\",\"item\":\"https:\/\/news.mgmotor.eu\/at\/\"},{\"@type\":\"ListItem\",\"position\":2,\"name\":\"Press Releases\",\"item\":\"https:\/\/news.mgmotor.eu\/at\/press\/\"},{\"@type\":\"ListItem\",\"position\":3,\"name\":\"Caf\u00e9 Puls und PULS 4 Moderatorin Bianca Schwarzjirg f\u00e4hrt MG\"}]},{\"@type\":\"WebSite\",\"@id\":\"https:\/\/news.mgmotor.eu\/#website\",\"url\":\"https:\/\/news.mgmotor.eu\/\",\"name\":\"MG Motor Europe\",\"description\":\"\",\"potentialAction\":[{\"@type\":\"SearchAction\",\"target\":{\"@type\":\"EntryPoint\",\"urlTemplate\":\"https:\/\/news.mgmotor.eu\/?s={search_term_string}\"},\"query-input\":\"required name=search_term_string\"}],\"inLanguage\":\"de-AT\"}]}<\/script>\n<!-- \/ Yoast SEO plugin. -->","yoast_head_json":{"title":"Caf\u00e9 Puls und PULS 4 Moderatorin Bianca Schwarzjirg f\u00e4hrt MG - MG Motor Europe","description":"Bianca Schwarzjirg ist neue Markenbotschafterin f\u00fcr MG Motor Austria. Die sympathische Caf\u00e9 Puls und PULS 4 Moderatorin ist ab sofort mit einem neuen MG EHS Plug-in-Hybrid auf \u00d6sterreichs Stra\u00dfen unterwegs und freut sich \u00fcber die neue Partnerschaft.","robots":{"index":"index","follow":"follow","max-snippet":"max-snippet:-1","max-image-preview":"max-image-preview:large","max-video-preview":"max-video-preview:-1"},"canonical":"https:\/\/news.mgmotor.eu\/at\/press\/cafe-puls-und-puls-4-moderatorin-bianca-schwarzjirg-faehrt-mg\/","og_locale":"de_DE","og_type":"article","og_title":"Caf\u00e9 Puls und PULS 4 Moderatorin Bianca Schwarzjirg f\u00e4hrt MG - MG Motor Europe","og_description":"Bianca Schwarzjirg ist neue Markenbotschafterin f\u00fcr MG Motor Austria. Die sympathische Caf\u00e9 Puls und PULS 4 Moderatorin ist ab sofort mit einem neuen MG EHS Plug-in-Hybrid auf \u00d6sterreichs Stra\u00dfen unterwegs und freut sich \u00fcber die neue Partnerschaft.","og_url":"https:\/\/news.mgmotor.eu\/at\/press\/cafe-puls-und-puls-4-moderatorin-bianca-schwarzjirg-faehrt-mg\/","og_site_name":"MG Motor Europe","article_modified_time":"2021-11-30T13:35:40+00:00","og_image":[{"width":1040,"height":585,"url":"https:\/\/news.mgmotor.eu\/wp-content\/uploads\/2021\/06\/IMG_8320-1040x585.jpg","type":"image\/jpeg"}],"twitter_card":"summary_large_image","twitter_misc":{"Est. reading time":"2 minutes"},"schema":{"@context":"https:\/\/schema.org","@graph":[{"@type":"WebPage","@id":"https:\/\/news.mgmotor.eu\/at\/press\/cafe-puls-und-puls-4-moderatorin-bianca-schwarzjirg-faehrt-mg\/","url":"https:\/\/news.mgmotor.eu\/at\/press\/cafe-puls-und-puls-4-moderatorin-bianca-schwarzjirg-faehrt-mg\/","name":"Caf\u00e9 Puls und PULS 4 Moderatorin Bianca Schwarzjirg f\u00e4hrt MG - MG Motor Europe","isPartOf":{"@id":"https:\/\/news.mgmotor.eu\/#website"},"datePublished":"2021-06-10T06:30:00+00:00","dateModified":"2021-11-30T13:35:40+00:00","description":"Bianca Schwarzjirg ist neue Markenbotschafterin f\u00fcr MG Motor Austria. Die sympathische Caf\u00e9 Puls und PULS 4 Moderatorin ist ab sofort mit einem neuen MG EHS Plug-in-Hybrid auf \u00d6sterreichs Stra\u00dfen unterwegs und freut sich \u00fcber die neue Partnerschaft.","breadcrumb":{"@id":"https:\/\/news.mgmotor.eu\/at\/press\/cafe-puls-und-puls-4-moderatorin-bianca-schwarzjirg-faehrt-mg\/#breadcrumb"},"inLanguage":"de-AT","potentialAction":[{"@type":"ReadAction","target":["https:\/\/news.mgmotor.eu\/at\/press\/cafe-puls-und-puls-4-moderatorin-bianca-schwarzjirg-faehrt-mg\/"]}]},{"@type":"BreadcrumbList","@id":"https:\/\/news.mgmotor.eu\/at\/press\/cafe-puls-und-puls-4-moderatorin-bianca-schwarzjirg-faehrt-mg\/#breadcrumb","itemListElement":[{"@type":"ListItem","position":1,"name":"Home","item":"https:\/\/news.mgmotor.eu\/at\/"},{"@type":"ListItem","position":2,"name":"Press Releases","item":"https:\/\/news.mgmotor.eu\/at\/press\/"},{"@type":"ListItem","position":3,"name":"Caf\u00e9 Puls und PULS 4 Moderatorin Bianca Schwarzjirg f\u00e4hrt MG"}]},{"@type":"WebSite","@id":"https:\/\/news.mgmotor.eu\/#website","url":"https:\/\/news.mgmotor.eu\/","name":"MG Motor Europe","description":"","potentialAction":[{"@type":"SearchAction","target":{"@type":"EntryPoint","urlTemplate":"https:\/\/news.mgmotor.eu\/?s={search_term_string}"},"query-input":"required name=search_term_string"}],"inLanguage":"de-AT"}]}},"_links":{"self":[{"href":"https:\/\/news.mgmotor.eu\/at\/wp-json\/wp\/v2\/press\/10348"}],"collection":[{"href":"https:\/\/news.mgmotor.eu\/at\/wp-json\/wp\/v2\/press"}],"about":[{"href":"https:\/\/news.mgmotor.eu\/at\/wp-json\/wp\/v2\/types\/press"}],"wp:featuredmedia":[{"embeddable":true,"href":"https:\/\/news.mgmotor.eu\/at\/wp-json\/wp\/v2\/media\/15428"}],"wp:attachment":[{"href":"https:\/\/news.mgmotor.eu\/at\/wp-json\/wp\/v2\/media?parent=10348"}],"wp:term":[{"taxonomy":"category","embeddable":true,"href":"https:\/\/news.mgmotor.eu\/at\/wp-json\/wp\/v2\/categories?post=10348"},{"taxonomy":"post_tag","embeddable":true,"href":"https:\/\/news.mgmotor.eu\/at\/wp-json\/wp\/v2\/tags?post=10348"}],"curies":[{"name":"wp","href":"https:\/\/api.w.org\/{rel}","templated":true}]}}